{"id":55139,"date":"2018-10-03T11:59:46","date_gmt":"2018-10-03T16:59:46","guid":{"rendered":"https:\/\/www.uv.mx\/prensa\/?p=55139"},"modified":"2021-12-06T11:26:36","modified_gmt":"2021-12-06T17:26:36","slug":"selecciones-de-beisbol-y-softbol-se-preparan-para-la-universiada-nacional-2019","status":"publish","type":"post","link":"https:\/\/www.uv.mx\/prensa\/deportes\/selecciones-de-beisbol-y-softbol-se-preparan-para-la-universiada-nacional-2019\/","title":{"rendered":"Selecciones de beisbol y softbol se preparan para la Universiada Nacional 2019"},"content":{"rendered":"<ul>\n<li><em>Juan Sonderegger destac\u00f3 la coronaci\u00f3n de las regiones Veracruz y Xalapa en el Festival Deportivo Universitario, en el que se detectaron nuevos talentos<\/em><\/li>\n<\/ul>\n<div id=\"attachment_55143\" style=\"width: 732px\" class=\"wp-caption aligncenter\"><a href=\"https:\/\/www.uv.mx\/prensa\/files\/2018\/10\/03018-DEPORTES-BEISBOL-100k.jpg\"><img aria-describedby=\"caption-attachment-55143\" decoding=\"async\" loading=\"lazy\" class=\"size-full wp-image-55143\" src=\"https:\/\/www.uv.mx\/prensa\/files\/2018\/10\/03018-DEPORTES-BEISBOL-100k.jpg\" alt=\"\" width=\"722\" height=\"482\" srcset=\"https:\/\/www.uv.mx\/prensa\/files\/2018\/10\/03018-DEPORTES-BEISBOL-100k.jpg 722w, https:\/\/www.uv.mx\/prensa\/files\/2018\/10\/03018-DEPORTES-BEISBOL-100k-300x200.jpg 300w\" sizes=\"(max-width: 722px) 100vw, 722px\" \/><\/a><p id=\"caption-attachment-55143\" class=\"wp-caption-text\">El entrenador de beisbol de los <em>Halcones UV<\/em><\/p><\/div>\n<p><em><strong>Santiago Morales Ortiz<\/strong><\/em><\/p>\n<p><em><strong>03\/10\/18, Xalapa, Ver.-<\/strong><\/em> El entrenador de la Selecci\u00f3n de Beisbol de Halcones de la Universidad Veracruzana (UV), Juan Sonderegger Arreola, se\u00f1al\u00f3 que fue un \u00e9xito la celebraci\u00f3n de los eventos de esta disciplina y el softbol del Festival Deportivo Universitario, en la ciudad de Coatzacoalcos.<\/p>\n<p>Calific\u00f3 como un acierto la designaci\u00f3n de la sede por parte de la <a href=\"https:\/\/www.uv.mx\/daduv\/\">Direcci\u00f3n de Actividades Deportivas<\/a> (DADUV) \u201cpues se cumpli\u00f3 en todos los aspectos, desde la realizaci\u00f3n de un gran evento, la convivencia deportiva y la observaci\u00f3n de nuevos talentos\u201d.<\/p>\n<p>Agreg\u00f3 que el clima fue favorable para la celebraci\u00f3n del evento, con buen estado de los campos y excelente trabajo de los amp\u00e1yeres que viajaron desde esta ciudad para cumplir con el evento.<\/p>\n<p>A nivel competitivo destac\u00f3 la superioridad de los representativos de las regiones Veracruz, en beisbol varonil, y Xalapa, en el softbol femenil, \u201cpues como base de las selecciones de Halcones UV mostraron su calidad ante los representativos de Poza Rica-Tuxpan, Orizaba-C\u00f3rdoba y Coatzacoalcos-Minatitl\u00e1n.<\/p>\n<p>Afirm\u00f3 que el Festival Deportivo Universitario es un escalaf\u00f3n para detectar a j\u00f3venes de las diferentes regiones, \u201cen este caso hubo la oportunidad de ver en acci\u00f3n a elementos que cuentan con calidad para ser parte de los equipos representativos de Halcones\u201d.<\/p>\n<p>Sonderegger agreg\u00f3 que ahora vendr\u00e1 una serie de concentraciones para consolidar a las selecciones rumbo a las eliminatorias de los juegos del Consejo Nacional del Deporte de la Educaci\u00f3n (Condde), con miras a la Universiada Nacional 2019.<\/p>\n<p>De igual forma, invit\u00f3 a todos los alumnos que gustan de estas disciplinas para que se sumen a los entrenamientos y cursos que ofrece la Universidad en las cinco regiones.<\/p>\n","protected":false},"excerpt":{"rendered":"<p>El entrenador Juan Sonderegger dio a conocer que habr\u00e1 concentraciones para consolidar a los equipos, de cara a las eliminatorias para la m\u00e1xima justa estudiantil<\/p>\n","protected":false},"author":1775,"featured_media":55143,"comment_status":"closed","ping_status":"closed","sticky":false,"template":"","format":"standard","meta":[],"categories":[12],"tags":[176,4252,5800,106,5883,4166,5882,2658],"_links":{"self":[{"href":"https:\/\/www.uv.mx\/prensa\/wp-json\/wp\/v2\/posts\/55139"}],"collection":[{"href":"https:\/\/www.uv.mx\/prensa\/wp-json\/wp\/v2\/posts"}],"about":[{"href":"https:\/\/www.uv.mx\/prensa\/wp-json\/wp\/v2\/types\/post"}],"author":[{"embeddable":true,"href":"https:\/\/www.uv.mx\/prensa\/wp-json\/wp\/v2\/users\/1775"}],"replies":[{"embeddable":true,"href":"https:\/\/www.uv.mx\/prensa\/wp-json\/wp\/v2\/comments?post=55139"}],"version-history":[{"count":1,"href":"https:\/\/www.uv.mx\/prensa\/wp-json\/wp\/v2\/posts\/55139\/revisions"}],"predecessor-version":[{"id":106782,"href":"https:\/\/www.uv.mx\/prensa\/wp-json\/wp\/v2\/posts\/55139\/revisions\/106782"}],"wp:featuredmedia":[{"embeddable":true,"href":"https:\/\/www.uv.mx\/prensa\/wp-json\/wp\/v2\/media\/55143"}],"wp:attachment":[{"href":"https:\/\/www.uv.mx\/prensa\/wp-json\/wp\/v2\/media?parent=55139"}],"wp:term":[{"taxonomy":"category","embeddable":true,"href":"https:\/\/www.uv.mx\/prensa\/wp-json\/wp\/v2\/categories?post=55139"},{"taxonomy":"post_tag","embeddable":true,"href":"https:\/\/www.uv.mx\/prensa\/wp-json\/wp\/v2\/tags?post=55139"}],"curies":[{"name":"wp","href":"https:\/\/api.w.org\/{rel}","templated":true}]}}