{"id":55179,"date":"2018-10-04T09:00:04","date_gmt":"2018-10-04T14:00:04","guid":{"rendered":"https:\/\/www.uv.mx\/prensa\/?p=55179"},"modified":"2021-12-06T11:32:28","modified_gmt":"2021-12-06T17:32:28","slug":"academicos-uv-realizaron-seminario-en-la-universidad-de-salamanca","status":"publish","type":"post","link":"https:\/\/www.uv.mx\/prensa\/general\/academicos-uv-realizaron-seminario-en-la-universidad-de-salamanca\/","title":{"rendered":"Acad\u00e9micos UV realizaron seminario  en la Universidad de Salamanca"},"content":{"rendered":"<ul>\n<li><i>Profesores de la L<\/i><i>icenciatura en Derecho del Sistema de Ense\u00f1anza Abierta tienen 23 a\u00f1os de colaboraci\u00f3n con la instituci\u00f3n esp<\/i><i>a<\/i><i>\u00f1ola<\/i><\/li>\n<li><i>Su octava edici\u00f3n bianual tuvo como tema <\/i><i>\u201cEl derecho de familia: e<\/i><i>ntre cambio y tradici\u00f3n\u201d<\/i><\/li>\n<\/ul>\n<div id=\"attachment_55180\" style=\"width: 732px\" class=\"wp-caption aligncenter\"><a href=\"https:\/\/www.uv.mx\/prensa\/files\/2018\/10\/041018-Seminario-internacional-de-estudios-juridicos-100k.jpg\"><img aria-describedby=\"caption-attachment-55180\" decoding=\"async\" loading=\"lazy\" class=\"size-full wp-image-55180\" src=\"https:\/\/www.uv.mx\/prensa\/files\/2018\/10\/041018-Seminario-internacional-de-estudios-juridicos-100k.jpg\" alt=\"\" width=\"722\" height=\"482\" srcset=\"https:\/\/www.uv.mx\/prensa\/files\/2018\/10\/041018-Seminario-internacional-de-estudios-juridicos-100k.jpg 722w, https:\/\/www.uv.mx\/prensa\/files\/2018\/10\/041018-Seminario-internacional-de-estudios-juridicos-100k-300x200.jpg 300w\" sizes=\"(max-width: 722px) 100vw, 722px\" \/><\/a><p id=\"caption-attachment-55180\" class=\"wp-caption-text\">Mar\u00eda del Carmen Vald\u00e9s y An\u00edbal Guzm\u00e1n, acad\u00e9micos de la Licenciatura en Derecho del SEA<\/p><\/div>\n<p><b><i>David Sandoval Rodr\u00edguez<\/i><\/b><\/p>\n<p><b><i>04\/10\/18, Xalapa, <\/i><\/b><b><i>Ver.-<\/i><\/b> Como parte de los festejos de los 800 a\u00f1os de fundaci\u00f3n de la Universidad de Salamanca en Espa\u00f1a, acad\u00e9micos de la Universidad Veracruzana (UV) realizaron el VIII Seminario Internacional de Estudios Jur\u00eddicos \u201cEl derecho de familia: entre cambio y tradici\u00f3n\u201d, los d\u00edas 20 y 21 de septiembre en el Sal\u00f3n de Grados de la Facultad de Derecho de la instituci\u00f3n ib\u00e9rica.<\/p>\n<p>Mar\u00eda del Carmen Vald\u00e9s Mart\u00ednez y An\u00edbal Guzm\u00e1n \u00c1valos, acad\u00e9micos de la <a href=\"https:\/\/www.uv.mx\/derecho\/\">Licenciatura en Derecho<\/a> del Sistema de Ense\u00f1anza Abierta (SEA) e integrantes del cuerpo acad\u00e9mico (CA) Estudios Jur\u00eddicos, donde tambi\u00e9n colabora M\u00f3nica Ruiz Balc\u00e1zar, se asociaron con catedr\u00e1ticos de las regiones universitarias para llevar a cabo el evento en el que participaron adem\u00e1s acad\u00e9micos de varios pa\u00edses analizando los cambios que se dan en torno al derecho de familia.<\/p>\n<p>Se integraron al seminario los profesores Isabel G\u00f3mez Anel, de Derecho SEA en Poza Rica; Adriana Morales Garc\u00eda, de la Facultad de Derecho en Xalapa; Jessica Mart\u00ednez Tenorio y Ang\u00e9lica Mar\u00eda Fabi\u00e1n Torres, de Derecho SEA en Coatzacoalcos.<\/p>\n<p>\u201cComo un CA en consolidaci\u00f3n, buscamos vincular a profesores de Derecho SEA de todas las regiones universitarias\u201d, explic\u00f3 Mar\u00eda del Carmen Vald\u00e9s.<\/p>\n<p>Se contempl\u00f3 la posibilidad de emitir una convocatoria para estudiantes pr\u00f3ximos a realizar su trabajo recepcional, con el objetivo de fomentar la investigaci\u00f3n y quienes cumplieran con los requisitos \u2013considerando un alumno por cada regi\u00f3n\u2013 podr\u00edan viajar a Espa\u00f1a y participar en el seminario; tres estudiantes resultaron favorecidos, uno de Coatzacoalcos, uno de Poza Rica y otro de Xalapa.<\/p>\n<p>\u201cComo somos profesores siempre estamos inmersos en la actividad acad\u00e9mica y en los programas de acreditaci\u00f3n, sabemos cu\u00e1les son los indicadores que se eval\u00faan y entre ellos destaca la movilidad estudiantil y acad\u00e9mica, no dudamos que despu\u00e9s de esta breve estancia alguno de los j\u00f3venes pueda solicitar su participaci\u00f3n dentro del programa de movilidad\u201d, agreg\u00f3 la catedr\u00e1tica.<\/p>\n<p>Vald\u00e9s Mart\u00ednez subray\u00f3 que no es fortuito el haber formado parte de los festejos de los ocho siglos de la Universidad de Salamanca porque \u201ctenemos 23 a\u00f1os de actividad acad\u00e9mica, tenemos un convenio de colaboraci\u00f3n y hemos ofrecido un doctorado conjunto cuya \u00faltima generaci\u00f3n egres\u00f3 en 2016; en realidad es parte de un trabajo continuado\u201d.<\/p>\n<p>Por su parte, Guzm\u00e1n \u00c1valos destac\u00f3 que para aprovechar al m\u00e1ximo la estancia de los j\u00f3venes, durante los tres d\u00edas de estancia se realiz\u00f3 un taller en la biblioteca con el prop\u00f3sito de incorporar bibliograf\u00eda internacional a sus propuestas de trabajo recepcional.<\/p>\n<p>Este proyecto surgi\u00f3 cuando el Decano de la Facultad de Derecho de la Universidad de Salamanca, Fernando Carbajo Casc\u00f3n, visit\u00f3 la UV para impartir un curso de actualizaci\u00f3n a profesores de Derecho de la regi\u00f3n Coatzacoalcos-Minatitl\u00e1n, los d\u00edas 2 y 3 de octubre del a\u00f1o pasado, al que asistieron tambi\u00e9n acad\u00e9micos y estudiantes de Xalapa y Poza Rica.<\/p>\n<p>En tal ocasi\u00f3n se le coment\u00f3 la propuesta del seminario que respald\u00f3 y apoy\u00f3 para su realizaci\u00f3n, como en la UV fue respaldado por la Secretar\u00eda Acad\u00e9mica, la Direcci\u00f3n General del \u00c1rea Acad\u00e9mica de Humanidades y la Direcci\u00f3n del SEA.<\/p>\n<p>Para este octavo seminario internacional se eligi\u00f3 el tema de la familia dado que se est\u00e1n dando m\u00faltiples cambios en torno a su regulaci\u00f3n, detall\u00f3 An\u00edbal Guzm\u00e1n y se\u00f1al\u00f3 que el tema forma parte de la L\u00ednea de Generaci\u00f3n y Aplicaci\u00f3n del Conocimiento (LGAC) \u201cInstituciones cl\u00e1sicas de derecho civil: impacto y transformaciones que le impone la era contempor\u00e1nea\u201d.<\/p>\n<p>Agreg\u00f3 que la regulaci\u00f3n en Veracruz \u201cno est\u00e1 actualizada para lo que est\u00e1 demandando la sociedad y se est\u00e1 dando el cambio v\u00eda las resoluciones de los tribunales federales\u201d.<\/p>\n<p>El seminario es de car\u00e1cter bianual y a la fecha suman 17 a\u00f1os de organizar el evento con buenos resultados como la publicaci\u00f3n de los <i>Cuadernos de Estudios Jur\u00eddicos<\/i>, actualmente en el n\u00famero 9 y con la pr\u00f3xima aparici\u00f3n del n\u00famero 10.<\/p>\n<p>\u201cEn la actualidad existe toda una serie de temas en torno a la familia y que merecen su discusi\u00f3n, por ello propusimos este seminario como parte de las actividades por los 800 a\u00f1os de fundaci\u00f3n de la Universidad de Salamanca\u201d, agreg\u00f3 el acad\u00e9mico.<\/p>\n","protected":false},"excerpt":{"rendered":"<p>Mar\u00eda del Carmen Vald\u00e9s y An\u00edbal Guzm\u00e1n participaron en el VIII Seminario Internacional de Estudios Jur\u00eddicos; tambi\u00e9n acudieron estudiantes de Coatzacoalcos, Poza Rica y Xalapa <\/p>\n","protected":false},"author":1775,"featured_media":55180,"comment_status":"closed","ping_status":"closed","sticky":false,"template":"","format":"standard","meta":[],"categories":[1],"tags":[5892,712,5896,753,752,4159,543,5893,524,3495,5895,5897,5894,111,4702,710,1744],"_links":{"self":[{"href":"https:\/\/www.uv.mx\/prensa\/wp-json\/wp\/v2\/posts\/55179"}],"collection":[{"href":"https:\/\/www.uv.mx\/prensa\/wp-json\/wp\/v2\/posts"}],"about":[{"href":"https:\/\/www.uv.mx\/prensa\/wp-json\/wp\/v2\/types\/post"}],"author":[{"embeddable":true,"href":"https:\/\/www.uv.mx\/prensa\/wp-json\/wp\/v2\/users\/1775"}],"replies":[{"embeddable":true,"href":"https:\/\/www.uv.mx\/prensa\/wp-json\/wp\/v2\/comments?post=55179"}],"version-history":[{"count":1,"href":"https:\/\/www.uv.mx\/prensa\/wp-json\/wp\/v2\/posts\/55179\/revisions"}],"predecessor-version":[{"id":106784,"href":"https:\/\/www.uv.mx\/prensa\/wp-json\/wp\/v2\/posts\/55179\/revisions\/106784"}],"wp:featuredmedia":[{"embeddable":true,"href":"https:\/\/www.uv.mx\/prensa\/wp-json\/wp\/v2\/media\/55180"}],"wp:attachment":[{"href":"https:\/\/www.uv.mx\/prensa\/wp-json\/wp\/v2\/media?parent=55179"}],"wp:term":[{"taxonomy":"category","embeddable":true,"href":"https:\/\/www.uv.mx\/prensa\/wp-json\/wp\/v2\/categories?post=55179"},{"taxonomy":"post_tag","embeddable":true,"href":"https:\/\/www.uv.mx\/prensa\/wp-json\/wp\/v2\/tags?post=55179"}],"curies":[{"name":"wp","href":"https:\/\/api.w.org\/{rel}","templated":true}]}}