{"id":55316,"date":"2018-10-05T08:51:27","date_gmt":"2018-10-05T13:51:27","guid":{"rendered":"https:\/\/www.uv.mx\/prensa\/?p=55316"},"modified":"2018-10-05T08:51:27","modified_gmt":"2018-10-05T13:51:27","slug":"cuates-del-max-inician-ciclo-dedicado-a-dia-de-muertos","status":"publish","type":"post","link":"https:\/\/www.uv.mx\/prensa\/eventos\/cuates-del-max-inician-ciclo-dedicado-a-dia-de-muertos\/","title":{"rendered":"<em>Cuates<\/em> del MAX inician ciclo dedicado a D\u00eda de Muertos"},"content":{"rendered":"<ul>\n<li><em><span class=\"TextRun SCXW264209503\" lang=\"ES-MX\" xml:lang=\"ES-MX\"><span class=\"NormalTextRun SCXW264209503\">En esta sesi\u00f3n<\/span><\/span><span class=\"TextRun SCXW264209503\" lang=\"ES-MX\" xml:lang=\"ES-MX\"><span class=\"NormalTextRun SCXW264209503\"> c<\/span><\/span><span class=\"TextRun SCXW264209503\" lang=\"ES-MX\" xml:lang=\"ES-MX\"><span class=\"NormalTextRun SCXW264209503\">onocer\u00e1n las festividades dedicadas al D\u00eda de Muertos alrededor del mundo<\/span><\/span><\/em><\/li>\n<\/ul>\n<p>&nbsp;<\/p>\n<div id=\"attachment_55317\" style=\"width: 732px\" class=\"wp-caption aligncenter\"><a href=\"https:\/\/www.uv.mx\/prensa\/files\/2018\/10\/05018-CUATES-MAX.jpg\"><img aria-describedby=\"caption-attachment-55317\" decoding=\"async\" loading=\"lazy\" class=\"wp-image-55317 size-full\" src=\"https:\/\/www.uv.mx\/prensa\/files\/2018\/10\/05018-CUATES-MAX.jpg\" alt=\"\" width=\"722\" height=\"542\" srcset=\"https:\/\/www.uv.mx\/prensa\/files\/2018\/10\/05018-CUATES-MAX.jpg 722w, https:\/\/www.uv.mx\/prensa\/files\/2018\/10\/05018-CUATES-MAX-300x225.jpg 300w\" sizes=\"(max-width: 722px) 100vw, 722px\" \/><\/a><p id=\"caption-attachment-55317\" class=\"wp-caption-text\">Los peque\u00f1os realizar\u00e1n un recorrido por el museo para conocer las piezas relacionadas con la cosmovisi\u00f3n mesoamericana<\/p><\/div>\n<p>&nbsp;<\/p>\n<p><b><i>05\/10\/18, Xalapa, Ver.-<\/i><\/b> El Museo de Antropolog\u00eda de Xalapa (MAX) invita a todos los <i>Cuates<\/i> que tengan entre cuatro y 12 a\u00f1os de edad a iniciar su ciclo dedicado a las festividades de D\u00eda de Muertos, este domingo 7 de octubre a las 11:00 horas.<span>\u00a0<\/span><\/p>\n<p>En esta sesi\u00f3n, los <i>Cuates<\/i> del MAX conocer\u00e1n las festividades dedicadas al D\u00eda de Muertos alrededor del mundo. En pa\u00edses como Irlanda, Escocia y Hait\u00ed, tienen rituales dedicados a los muertos, cuyos significados est\u00e1n relacionados con el inicio y cierre de ciclos, parte fundamental de su visi\u00f3n del mundo.<span>\u00a0<\/span><\/p>\n<p>Posteriormente, recorrer\u00e1n las salas del museo para conocer las piezas relacionadas con la dualidad, base de la cosmovisi\u00f3n mesoamericana. Para finalizar, realizar\u00e1n una actividad relacionada con el trabajo arqueol\u00f3gico, la cual formar\u00e1 parte de la exhibici\u00f3n <i>Transcavaciones<\/i> que se inaugurar\u00e1 pr\u00f3ximamente en la galer\u00eda mezzanine.<span>\u00a0<\/span><\/p>\n<p>La cita es todos los domingos de 11:00 a 13:30 horas en el MAX y la entrada es gratuita para los <i>Cuates<\/i>. Para mayor informaci\u00f3n consultar las redes sociales <i>Facebook<\/i> e <i>Instagram<\/i>: \/CuatesdelMAXoficial<span>\u00a0<\/span><\/p>\n<p>El Museo de Antropolog\u00eda de Xalapa se puede visitar de martes a domingo de 9:00 a 17:00 horas y a las 11:30 se realizan recorridos guiados gratuitos en la compra de la entrada general.<\/p>\n","protected":false},"excerpt":{"rendered":"<p>En pa\u00edses como Irlanda, Escocia y Hait\u00ed tienen rituales dedicados a los muertos, cuyos significados est\u00e1n relacionados con el inicio y cierre de ciclos<\/p>\n","protected":false},"author":1508,"featured_media":52362,"comment_status":"closed","ping_status":"closed","sticky":false,"template":"","format":"standard","meta":[],"categories":[47],"tags":[],"_links":{"self":[{"href":"https:\/\/www.uv.mx\/prensa\/wp-json\/wp\/v2\/posts\/55316"}],"collection":[{"href":"https:\/\/www.uv.mx\/prensa\/wp-json\/wp\/v2\/posts"}],"about":[{"href":"https:\/\/www.uv.mx\/prensa\/wp-json\/wp\/v2\/types\/post"}],"author":[{"embeddable":true,"href":"https:\/\/www.uv.mx\/prensa\/wp-json\/wp\/v2\/users\/1508"}],"replies":[{"embeddable":true,"href":"https:\/\/www.uv.mx\/prensa\/wp-json\/wp\/v2\/comments?post=55316"}],"version-history":[{"count":0,"href":"https:\/\/www.uv.mx\/prensa\/wp-json\/wp\/v2\/posts\/55316\/revisions"}],"wp:featuredmedia":[{"embeddable":true,"href":"https:\/\/www.uv.mx\/prensa\/wp-json\/wp\/v2\/media\/52362"}],"wp:attachment":[{"href":"https:\/\/www.uv.mx\/prensa\/wp-json\/wp\/v2\/media?parent=55316"}],"wp:term":[{"taxonomy":"category","embeddable":true,"href":"https:\/\/www.uv.mx\/prensa\/wp-json\/wp\/v2\/categories?post=55316"},{"taxonomy":"post_tag","embeddable":true,"href":"https:\/\/www.uv.mx\/prensa\/wp-json\/wp\/v2\/tags?post=55316"}],"curies":[{"name":"wp","href":"https:\/\/api.w.org\/{rel}","templated":true}]}}