{"id":55390,"date":"2018-10-05T19:42:48","date_gmt":"2018-10-06T00:42:48","guid":{"rendered":"https:\/\/www.uv.mx\/prensa\/?p=55390"},"modified":"2021-12-06T11:45:38","modified_gmt":"2021-12-06T17:45:38","slug":"expertos-en-psicoanalisis-analizaron-alternativas-de-reconstruccion-social","status":"publish","type":"post","link":"https:\/\/www.uv.mx\/prensa\/regiones\/poza-rica\/expertos-en-psicoanalisis-analizaron-alternativas-de-reconstruccion-social\/","title":{"rendered":"Expertos en psicoan\u00e1lisis analizaron alternativas de reconstrucci\u00f3n social"},"content":{"rendered":"<ul>\n<li><i>Participaron i<\/i><i>nvestigadores y especialistas <\/i><i>mexicanos, de Argentina y de Italia<\/i><\/li>\n<\/ul>\n<div id=\"attachment_55391\" style=\"width: 732px\" class=\"wp-caption aligncenter\"><a href=\"https:\/\/www.uv.mx\/prensa\/files\/2018\/10\/051018-Poza-Rica-RELEVANTE-Psicologia-1-100k.jpg\"><img aria-describedby=\"caption-attachment-55391\" decoding=\"async\" loading=\"lazy\" class=\"size-full wp-image-55391\" src=\"https:\/\/www.uv.mx\/prensa\/files\/2018\/10\/051018-Poza-Rica-RELEVANTE-Psicologia-1-100k.jpg\" alt=\"\" width=\"722\" height=\"293\" srcset=\"https:\/\/www.uv.mx\/prensa\/files\/2018\/10\/051018-Poza-Rica-RELEVANTE-Psicologia-1-100k.jpg 722w, https:\/\/www.uv.mx\/prensa\/files\/2018\/10\/051018-Poza-Rica-RELEVANTE-Psicologia-1-100k-300x122.jpg 300w\" sizes=\"(max-width: 722px) 100vw, 722px\" \/><\/a><p id=\"caption-attachment-55391\" class=\"wp-caption-text\">Expertos en temas de psicolog\u00eda y psicoan\u00e1lisis debatieron sobre la posibilidad de un nuevo orden social<\/p><\/div>\n<p><b><i>Alma Celia San Mart\u00edn Cruz<\/i><\/b><\/p>\n<p><b><i>05\/10\/18, Poza Rica, Ver.- <\/i><\/b>La <a href=\"https:\/\/www.uv.mx\/pozarica\/psicologia\/\">Facultad de Psicolog\u00eda de la Universidad Veracruzana<\/a> (UV) llev\u00f3 a cabo las Jornadas Internacionales de Psicolog\u00eda y Psicoan\u00e1lisis, los d\u00edas 4 y 5 de octubre en la sala de videoconferencias de la Unidad de Servicios Bibliotecarios y de Informaci\u00f3n (USBI).<\/p>\n<p>Am\u00e9rica Espinosa Hern\u00e1ndez, directora de la Facultad, comparti\u00f3 que el objetivo de este ejercicio acad\u00e9mico fue analizar el orden social y pensar en una reconstrucci\u00f3n de lo que de \u00e9l se produce, para deliberar y estudiar, en la medida de lo posible, los caminos a seguir en esta generaci\u00f3n del discurso que participa de alguna manera de dicho orden social.<\/p>\n<p>El jueves 4 tuvo lugar la conferencia \u201cDuelo, comunidad y trabajo psicol\u00f3gico\u201d, impartida por Roberto Manero Brito de la Universidad Aut\u00f3noma Metropolitana (UAM) Unidad Xochimilco; le\u00a0 sigui\u00f3 la primera mesa titulada \u201cUna mirada \u00fanica\u201d, en la que se presentaron los temas: Psicodin\u00e1mica de la relaci\u00f3n y el origen del comportamiento violento: hip\u00f3tesis de intervenci\u00f3n; Aportes de psicoan\u00e1lisis al estudio de las perversiones. Repercusi\u00f3n cl\u00ednica; La resiliencia comunitaria y la repercusi\u00f3n del tejido social en Veracruz; Lacan: de Durkheim a L\u00e9vi-Strauss, en los hallazgos sobre lo social.<\/p>\n<p>Posteriormente se present\u00f3 la videoconferencia magistral \u201cLa (im)posibilidad de otro lazo\u201d, a cargo de Daniel Gerber. En la segunda mesa se expusieron los temas: Consideraciones psicoanal\u00edticas para una \u00e9tica del acto suicida; Valores y vida emocional en la reconstrucci\u00f3n psicosocial; Aspectos psicol\u00f3gicos de la participaci\u00f3n ciudadana en M\u00e9xico; La flor y el canto. Ax\u00f3lotl y el mito mesoamericano.<\/p>\n<p>El viernes 5 se present\u00f3 la tercera mesa con los temas: Para\u00edsos artificiales: aproximaciones pol\u00edticas y cl\u00ednicas en torno a las adicciones; Defenestraci\u00f3n del sujeto en la desaparici\u00f3n forzada: lo inasimilable en la reconstrucci\u00f3n del lazo social; Violencia escolar y su relaci\u00f3n con el goce; Lenguaje y discriminaci\u00f3n por el g\u00e9nero.<\/p>\n<p>En la cuarta mesa se habl\u00f3 sobre los temas: Acerca de las instituciones psicoanal\u00edticas lacanianas en M\u00e9xico; Infancias segregadas en el marco de una l\u00f3gica capitalista. Posibles intervenciones cl\u00ednicas; \u00bfEs posible una regulaci\u00f3n del goce para la reconstrucci\u00f3n social?<\/p>\n<p>Las actividades concluyeron con la presentaci\u00f3n del libro: <i>Psicoan\u00e1lisis y <\/i><i>u<\/i><i>niversidad: <\/i><i>a<\/i><i>vances tecnol\u00f3gicos y degradaci\u00f3n de los lazos sociales<\/i>, a cargo de Ricardo Garc\u00eda, Juan Capetillo y Am\u00e9rica Espinosa.<\/p>\n<p>En la presentaci\u00f3n participaron acad\u00e9micos e investigadores de las universidades Aut\u00f3noma Metropolitana (Unidad Xochimilco), Veracruzana, de Buenos Aires, Argentina, y del Departamento de Psicolog\u00eda de la Universita degli Studi della Campania \u201cLuigi Vanvitelli\u201d de Caserta, Italia.<\/p>\n<div id=\"attachment_55392\" style=\"width: 732px\" class=\"wp-caption aligncenter\"><a href=\"https:\/\/www.uv.mx\/prensa\/files\/2018\/10\/051018-Poza-Rica-RELEVANTE-Psicologia-2-100k.jpg\"><img aria-describedby=\"caption-attachment-55392\" decoding=\"async\" loading=\"lazy\" class=\"size-full wp-image-55392\" src=\"https:\/\/www.uv.mx\/prensa\/files\/2018\/10\/051018-Poza-Rica-RELEVANTE-Psicologia-2-100k.jpg\" alt=\"\" width=\"722\" height=\"478\" srcset=\"https:\/\/www.uv.mx\/prensa\/files\/2018\/10\/051018-Poza-Rica-RELEVANTE-Psicologia-2-100k.jpg 722w, https:\/\/www.uv.mx\/prensa\/files\/2018\/10\/051018-Poza-Rica-RELEVANTE-Psicologia-2-100k-300x199.jpg 300w\" sizes=\"(max-width: 722px) 100vw, 722px\" \/><\/a><p id=\"caption-attachment-55392\" class=\"wp-caption-text\">Estudiantes y acad\u00e9micos asistieron a las jornadas<\/p><\/div>\n","protected":false},"excerpt":{"rendered":"<p>El objetivo de las Jornadas Internacionales de Psicolog\u00eda y Psicoan\u00e1lisis fue analizar el orden social y pensar en una reconstrucci\u00f3n de lo que en \u00e9l se produce<\/p>\n","protected":false},"author":1775,"featured_media":55391,"comment_status":"closed","ping_status":"closed","sticky":false,"template":"","format":"standard","meta":[],"categories":[54],"tags":[4339,953,5920,5921,5350,572,279],"_links":{"self":[{"href":"https:\/\/www.uv.mx\/prensa\/wp-json\/wp\/v2\/posts\/55390"}],"collection":[{"href":"https:\/\/www.uv.mx\/prensa\/wp-json\/wp\/v2\/posts"}],"about":[{"href":"https:\/\/www.uv.mx\/prensa\/wp-json\/wp\/v2\/types\/post"}],"author":[{"embeddable":true,"href":"https:\/\/www.uv.mx\/prensa\/wp-json\/wp\/v2\/users\/1775"}],"replies":[{"embeddable":true,"href":"https:\/\/www.uv.mx\/prensa\/wp-json\/wp\/v2\/comments?post=55390"}],"version-history":[{"count":1,"href":"https:\/\/www.uv.mx\/prensa\/wp-json\/wp\/v2\/posts\/55390\/revisions"}],"predecessor-version":[{"id":106790,"href":"https:\/\/www.uv.mx\/prensa\/wp-json\/wp\/v2\/posts\/55390\/revisions\/106790"}],"wp:featuredmedia":[{"embeddable":true,"href":"https:\/\/www.uv.mx\/prensa\/wp-json\/wp\/v2\/media\/55391"}],"wp:attachment":[{"href":"https:\/\/www.uv.mx\/prensa\/wp-json\/wp\/v2\/media?parent=55390"}],"wp:term":[{"taxonomy":"category","embeddable":true,"href":"https:\/\/www.uv.mx\/prensa\/wp-json\/wp\/v2\/categories?post=55390"},{"taxonomy":"post_tag","embeddable":true,"href":"https:\/\/www.uv.mx\/prensa\/wp-json\/wp\/v2\/tags?post=55390"}],"curies":[{"name":"wp","href":"https:\/\/api.w.org\/{rel}","templated":true}]}}