{"id":55793,"date":"2018-10-12T11:55:04","date_gmt":"2018-10-12T16:55:04","guid":{"rendered":"https:\/\/www.uv.mx\/prensa\/?p=55793"},"modified":"2018-10-15T06:15:41","modified_gmt":"2018-10-15T11:15:41","slug":"develan-placa-conmemorativa-por-25-anos-de-la-unidad-de-artes","status":"publish","type":"post","link":"https:\/\/www.uv.mx\/prensa\/banner\/develan-placa-conmemorativa-por-25-anos-de-la-unidad-de-artes\/","title":{"rendered":"Develan placa conmemorativa por  25 a\u00f1os de la Unidad de Artes"},"content":{"rendered":"<ul>\n<li><em><span class=\"TextRun SCXW41024168\" lang=\"ES-MX\" xml:lang=\"ES-MX\"><span class=\"NormalTextRun SCXW41024168\">La conjunci\u00f3n de las disciplinas art\u00edsticas en un mismo espacio ha significado la comunicaci\u00f3n interdisciplinaria, que es fundamental, asever\u00f3 la rectora Sara Ladr\u00f3n de Guevara<\/span><\/span><\/em><\/li>\n<\/ul>\n<p>&nbsp;<\/p>\n<div id=\"attachment_55794\" style=\"width: 732px\" class=\"wp-caption aligncenter\"><a href=\"https:\/\/www.uv.mx\/prensa\/files\/2018\/10\/121018-Placa-Artes-1.jpg\"><img aria-describedby=\"caption-attachment-55794\" decoding=\"async\" loading=\"lazy\" class=\"wp-image-55794 size-full\" src=\"https:\/\/www.uv.mx\/prensa\/files\/2018\/10\/121018-Placa-Artes-1.jpg\" alt=\"\" width=\"722\" height=\"482\" srcset=\"https:\/\/www.uv.mx\/prensa\/files\/2018\/10\/121018-Placa-Artes-1.jpg 722w, https:\/\/www.uv.mx\/prensa\/files\/2018\/10\/121018-Placa-Artes-1-300x200.jpg 300w\" sizes=\"(max-width: 722px) 100vw, 722px\" \/><\/a><p id=\"caption-attachment-55794\" class=\"wp-caption-text\">Directores de las facultades, la Rectora y el Director General del \u00c1rea Acad\u00e9mica de Artes develaron la placa conmemorativa<\/p><\/div>\n<p>&nbsp;<\/p>\n<p><b><i>David Sandoval Rodr\u00edguez<\/i><\/b><\/p>\n<p><b><i>1<\/i><\/b><b><i>2<\/i><\/b><b><i>\/10\/<\/i><\/b><b><i>18<\/i><\/b><b><i>,<\/i><\/b><b><i> Xalapa, Ver.- <\/i><\/b>La Universidad Veracruzana (UV) celebr\u00f3 los 25 a\u00f1os de creaci\u00f3n de la Unidad de Artes con la develaci\u00f3n de una placa conmemorativa, en un evento que cont\u00f3 con la presencia de estudiantes, profesores y autoridades universitarias.<\/p>\n<p>La tarde del jueves 11 de octubre, en el segundo patio de la Unidad de Artes, se celebr\u00f3 el evento que fue presidido por Sara Ladr\u00f3n de Guevara, rectora de la m\u00e1xima casa de estudios.<\/p>\n<p>\u201cLa cercan\u00eda y la conjunci\u00f3n de las facultades del \u00c1rea Acad\u00e9mica de Artes han significado la comunicaci\u00f3n interdisciplinaria y eso es fundamental\u201d, recalc\u00f3 la Rectora; \u201cestamos llamando a la ciencia a la interdisciplinariedad, pero una que es fundamental son las artes, que le dan sentido a cualquier otra de las disciplinas\u201d.<\/p>\n<p>Refiri\u00f3 adem\u00e1s que el ambiente que se respira cuando se entra a la Unidad de Artes es de una enorme energ\u00eda y est\u00e1 enriquecido por las disciplinas y por la presencia de ustedes, j\u00f3venes, creando y recreando su ser art\u00edstico.<\/p>\n<p>&nbsp;<\/p>\n<div id=\"attachment_55795\" style=\"width: 732px\" class=\"wp-caption aligncenter\"><a href=\"https:\/\/www.uv.mx\/prensa\/files\/2018\/10\/121018-Placa-Artes-2.jpg\"><img aria-describedby=\"caption-attachment-55795\" decoding=\"async\" loading=\"lazy\" class=\"wp-image-55795 size-full\" src=\"https:\/\/www.uv.mx\/prensa\/files\/2018\/10\/121018-Placa-Artes-2.jpg\" alt=\"\" width=\"722\" height=\"482\" srcset=\"https:\/\/www.uv.mx\/prensa\/files\/2018\/10\/121018-Placa-Artes-2.jpg 722w, https:\/\/www.uv.mx\/prensa\/files\/2018\/10\/121018-Placa-Artes-2-300x200.jpg 300w\" sizes=\"(max-width: 722px) 100vw, 722px\" \/><\/a><p id=\"caption-attachment-55795\" class=\"wp-caption-text\">La Rectora reconoci\u00f3 que la Unidad de Artes est\u00e1 enriquecida por la presencia de sus estudiantes<\/p><\/div>\n<p>&nbsp;<\/p>\n<p>La mayor riqueza, agreg\u00f3, est\u00e1 en el uso del cuerpo que hace cada uno de ustedes y la modificaci\u00f3n del mismo que comienza cuando inician sus estudios en Artes.<\/p>\n<p>Sara Ladr\u00f3n de Guevara destac\u00f3 que la UV se distingue del resto de las universidades de este pa\u00eds, precisamente, por su \u00e1rea de artes, que es una de sus fortalezas gracias a la profesionalizaci\u00f3n y la calidad de los alumnos que aqu\u00ed se forman y por supuesto de sus acad\u00e9micos.<\/p>\n<p>En el mismo sentido, Miguel Flores Covarrubias, director general del \u00c1rea Acad\u00e9mica de Artes rememor\u00f3 que hace 25 a\u00f1os las facultades estaban dispersas y al d\u00eda de hoy se ha generado un espacio para reflexionar sobre \u201cc\u00f3mo estamos y c\u00f3mo debemos estar para responder a los nuevos retos, entre ellos las nuevas tecnolog\u00edas y las nuevas necesidades de aprendizaje\u201d.<\/p>\n<p>En su mensaje reconoci\u00f3 el acompa\u00f1amiento de los directores generales de las \u00e1reas acad\u00e9micas, as\u00ed como de la Direcci\u00f3n General de Difusi\u00f3n Cultural y la Casa del Lago.<\/p>\n<p>&nbsp;<\/p>\n<div id=\"attachment_55799\" style=\"width: 732px\" class=\"wp-caption aligncenter\"><a href=\"https:\/\/www.uv.mx\/prensa\/files\/2018\/10\/121018-Placa-Artes-3.jpg\"><img aria-describedby=\"caption-attachment-55799\" decoding=\"async\" loading=\"lazy\" class=\"wp-image-55799 size-full\" src=\"https:\/\/www.uv.mx\/prensa\/files\/2018\/10\/121018-Placa-Artes-3.jpg\" alt=\"\" width=\"722\" height=\"482\" srcset=\"https:\/\/www.uv.mx\/prensa\/files\/2018\/10\/121018-Placa-Artes-3.jpg 722w, https:\/\/www.uv.mx\/prensa\/files\/2018\/10\/121018-Placa-Artes-3-300x200.jpg 300w\" sizes=\"(max-width: 722px) 100vw, 722px\" \/><\/a><p id=\"caption-attachment-55799\" class=\"wp-caption-text\">Se present\u00f3 la Camerata Coral de la Facultad de M\u00fasica, bajo la direcci\u00f3n de Noel Josafat Garc\u00eda Melo<\/p><\/div>\n<p>&nbsp;<\/p>\n<p>Atestiguaron la develaci\u00f3n de la placa Salvador Tapia Spinoso, secretario de Administraci\u00f3n y Finanzas; Octavio Ochoa Contreras, secretario de Desarrollo Institucional; Ana Gabriela Ram\u00edrez Liz\u00e1rraga, Nahomi Bonilla Sainz, Julieta Varanasi Gonz\u00e1lez Garc\u00eda y Nerio Gonz\u00e1lez Morales, directores de las facultades de Artes Pl\u00e1sticas, de Danza, de M\u00fasica y de Teatro, respectivamente, as\u00ed como Juan Rafael Alcal\u00e1 Hinojosa, director del Centro de Estudios de Jazz (<i>Jazzuv<\/i>).<\/p>\n<p>Adem\u00e1s de los directores generales de \u00e1reas acad\u00e9micas de la instituci\u00f3n, ex directores de las facultades de la Unidad y acad\u00e9micos invitados.<\/p>\n<p>Tras la develaci\u00f3n se presentaron la Camerata Coral de la Facultad de M\u00fasica, bajo la direcci\u00f3n del profesor Noel Josafat Garc\u00eda Melo; el Ensamble del <i>Jazzuv<\/i> y estudiantes de Danza, quienes realizaron una improvisaci\u00f3n; y alumnos de Teatro con la obra <em>Se Renta<\/em>, de Tenesse Williams, dirigida por Cari\u00f1o Selene L\u00f3pez Rico.<\/p>\n<p>&nbsp;<\/p>\n<div id=\"attachment_55800\" style=\"width: 732px\" class=\"wp-caption aligncenter\"><a href=\"https:\/\/www.uv.mx\/prensa\/files\/2018\/10\/121018-Placa-Artes-4.jpg\"><img aria-describedby=\"caption-attachment-55800\" decoding=\"async\" loading=\"lazy\" class=\"wp-image-55800 size-full\" src=\"https:\/\/www.uv.mx\/prensa\/files\/2018\/10\/121018-Placa-Artes-4.jpg\" alt=\"\" width=\"722\" height=\"482\" srcset=\"https:\/\/www.uv.mx\/prensa\/files\/2018\/10\/121018-Placa-Artes-4.jpg 722w, https:\/\/www.uv.mx\/prensa\/files\/2018\/10\/121018-Placa-Artes-4-300x200.jpg 300w\" sizes=\"(max-width: 722px) 100vw, 722px\" \/><\/a><p id=\"caption-attachment-55800\" class=\"wp-caption-text\">Estudiantes de la generaci\u00f3n 2015 de Danza y el Ensamble del <em>Jazzuv<\/em> realizaron una improvisaci\u00f3n<\/p><\/div>\n","protected":false},"excerpt":{"rendered":"<p>La rectora Sara Ladr\u00f3n de Guevara destac\u00f3 que la UV se distingue de otras universidades por su \u00e1rea de artes<\/p>\n","protected":false},"author":1508,"featured_media":55796,"comment_status":"closed","ping_status":"closed","sticky":false,"template":"","format":"standard","meta":[],"categories":[61],"tags":[],"_links":{"self":[{"href":"https:\/\/www.uv.mx\/prensa\/wp-json\/wp\/v2\/posts\/55793"}],"collection":[{"href":"https:\/\/www.uv.mx\/prensa\/wp-json\/wp\/v2\/posts"}],"about":[{"href":"https:\/\/www.uv.mx\/prensa\/wp-json\/wp\/v2\/types\/post"}],"author":[{"embeddable":true,"href":"https:\/\/www.uv.mx\/prensa\/wp-json\/wp\/v2\/users\/1508"}],"replies":[{"embeddable":true,"href":"https:\/\/www.uv.mx\/prensa\/wp-json\/wp\/v2\/comments?post=55793"}],"version-history":[{"count":0,"href":"https:\/\/www.uv.mx\/prensa\/wp-json\/wp\/v2\/posts\/55793\/revisions"}],"wp:featuredmedia":[{"embeddable":true,"href":"https:\/\/www.uv.mx\/prensa\/wp-json\/wp\/v2\/media\/55796"}],"wp:attachment":[{"href":"https:\/\/www.uv.mx\/prensa\/wp-json\/wp\/v2\/media?parent=55793"}],"wp:term":[{"taxonomy":"category","embeddable":true,"href":"https:\/\/www.uv.mx\/prensa\/wp-json\/wp\/v2\/categories?post=55793"},{"taxonomy":"post_tag","embeddable":true,"href":"https:\/\/www.uv.mx\/prensa\/wp-json\/wp\/v2\/tags?post=55793"}],"curies":[{"name":"wp","href":"https:\/\/api.w.org\/{rel}","templated":true}]}}