{"id":56139,"date":"2018-10-17T17:51:24","date_gmt":"2018-10-17T22:51:24","guid":{"rendered":"https:\/\/www.uv.mx\/prensa\/?p=56139"},"modified":"2018-10-17T17:51:25","modified_gmt":"2018-10-17T22:51:25","slug":"invitan-al-torneo-interfacultades-de-ajedrez","status":"publish","type":"post","link":"https:\/\/www.uv.mx\/prensa\/deportes\/invitan-al-torneo-interfacultades-de-ajedrez\/","title":{"rendered":"Invitan al Torneo Interfacultades de Ajedrez"},"content":{"rendered":"<ul>\n<li><em>Iniciar\u00e1 el 19 de octubre en ambas ramas, organizado por la DADUV<\/em><\/li>\n<\/ul>\n<p>&nbsp;<\/p>\n<div id=\"attachment_43571\" style=\"width: 969px\" class=\"wp-caption aligncenter\"><a href=\"https:\/\/www.uv.mx\/prensa\/files\/2018\/03\/Ajedrez-1.jpg\"><img aria-describedby=\"caption-attachment-43571\" decoding=\"async\" loading=\"lazy\" class=\"size-full wp-image-43571\" src=\"https:\/\/www.uv.mx\/prensa\/files\/2018\/03\/Ajedrez-1.jpg\" alt=\"\" width=\"959\" height=\"640\" srcset=\"https:\/\/www.uv.mx\/prensa\/files\/2018\/03\/Ajedrez-1.jpg 959w, https:\/\/www.uv.mx\/prensa\/files\/2018\/03\/Ajedrez-1-300x200.jpg 300w, https:\/\/www.uv.mx\/prensa\/files\/2018\/03\/Ajedrez-1-768x513.jpg 768w\" sizes=\"(max-width: 959px) 100vw, 959px\" \/><\/a><p id=\"caption-attachment-43571\" class=\"wp-caption-text\">Los participantes deber\u00e1n estar inscritos en el periodo escolar Agosto 2018-Enero 2019<\/p><\/div>\n<p>&nbsp;<\/p>\n<p><strong>Santiago Morales Ortiz<\/strong><\/p>\n<p><strong>17\/10\/18, Xalapa, Ver.-<\/strong> La Direcci\u00f3n de Actividades Deportivas de la Universidad Veracruzana (DADUV) llevar\u00e1 a cabo el Torneo Interfacultades de Ajedrez, que se pondr\u00e1 en marcha el viernes 19 de octubre, con invitaci\u00f3n a todos los alumnos de la m\u00e1xima casa de estudios.<\/p>\n<p>Oscar Campos Segura, coordinador del torneo, inform\u00f3 que las inscripciones est\u00e1n abiertas y se pueden efectuar en las oficinas de la DADUV, donde los interesados deber\u00e1n llenar su c\u00e9dula correspondiente.<\/p>\n<p>Apunt\u00f3 que como \u00fanico requisito, los participantes deber\u00e1n estar inscritos en el periodo escolar Agosto 2018-Enero 2019. Se espera una buena respuesta, tomando en cuenta que en la comunidad universitaria se ha despertado el inter\u00e9s por la pr\u00e1ctica del llamado \u201cdeporte ciencia\u201d.<\/p>\n<p>Campos Segura se\u00f1al\u00f3 que el torneo iniciar\u00e1 en punto de las 9:00 horas, en la sala de juntas de la DADUV, con participaci\u00f3n en ambas ramas.<\/p>\n<p>Agreg\u00f3 que el torneo servir\u00e1 para observar nuevos talentos, que de acuerdo a su capacidad podr\u00e1n ser integrados a los representativos de Halcones UV.<\/p>\n<p>Destac\u00f3 la respuesta que en esta disciplina tienen los cursos del \u00c1rea de Formaci\u00f3n de Elecci\u00f3n Libre (AFEL), que se efect\u00faan de lunes a viernes de 7:00 a 9:00 horas, en la sala anexa al gimnasio de la Unidad Deportiva del Campus para la Cultura, las Artes y el Deporte, y de los cuales tambi\u00e9n han surgido buenos prospectos.<\/p>\n","protected":false},"excerpt":{"rendered":"<p>Iniciar\u00e1 el 19 de octubre en ambas ramas, organizado por la DADUV<\/p>\n","protected":false},"author":1869,"featured_media":43571,"comment_status":"closed","ping_status":"closed","sticky":false,"template":"","format":"standard","meta":[],"categories":[12],"tags":[],"_links":{"self":[{"href":"https:\/\/www.uv.mx\/prensa\/wp-json\/wp\/v2\/posts\/56139"}],"collection":[{"href":"https:\/\/www.uv.mx\/prensa\/wp-json\/wp\/v2\/posts"}],"about":[{"href":"https:\/\/www.uv.mx\/prensa\/wp-json\/wp\/v2\/types\/post"}],"author":[{"embeddable":true,"href":"https:\/\/www.uv.mx\/prensa\/wp-json\/wp\/v2\/users\/1869"}],"replies":[{"embeddable":true,"href":"https:\/\/www.uv.mx\/prensa\/wp-json\/wp\/v2\/comments?post=56139"}],"version-history":[{"count":0,"href":"https:\/\/www.uv.mx\/prensa\/wp-json\/wp\/v2\/posts\/56139\/revisions"}],"wp:featuredmedia":[{"embeddable":true,"href":"https:\/\/www.uv.mx\/prensa\/wp-json\/wp\/v2\/media\/43571"}],"wp:attachment":[{"href":"https:\/\/www.uv.mx\/prensa\/wp-json\/wp\/v2\/media?parent=56139"}],"wp:term":[{"taxonomy":"category","embeddable":true,"href":"https:\/\/www.uv.mx\/prensa\/wp-json\/wp\/v2\/categories?post=56139"},{"taxonomy":"post_tag","embeddable":true,"href":"https:\/\/www.uv.mx\/prensa\/wp-json\/wp\/v2\/tags?post=56139"}],"curies":[{"name":"wp","href":"https:\/\/api.w.org\/{rel}","templated":true}]}}