{"id":56481,"date":"2018-10-22T08:41:25","date_gmt":"2018-10-22T13:41:25","guid":{"rendered":"https:\/\/www.uv.mx\/prensa\/?p=56481"},"modified":"2018-10-22T08:41:25","modified_gmt":"2018-10-22T13:41:25","slug":"la-muerte-ya-no-rie-recorridos-nocturnos-para-todas-las-edades","status":"publish","type":"post","link":"https:\/\/www.uv.mx\/prensa\/banner\/la-muerte-ya-no-rie-recorridos-nocturnos-para-todas-las-edades\/","title":{"rendered":"\u201cLa muerte ya no r\u00ede\u201d, recorridos nocturnos para todas las edades"},"content":{"rendered":"<ul>\n<li><i>Tendr\u00e1 lugar del 30 de octubre al 4 de noviembre en el Campus para la Cultura, las Artes<\/i><i> y el Deporte (CCAD) de la USBI<\/i><span>\u00a0<\/span><\/li>\n<li><i>La Fundaci\u00f3n UV invita a disfrutar de este evento a cargo del grupo de teatro independiente \u201cEse perro est\u00e1 enroscado\u201d<\/i><\/li>\n<li><i>Los recorridos guiados iniciar\u00e1n a la<\/i><i>s 19:00 horas y concluir\u00e1n a la<\/i> <i>media noche<\/i><\/li>\n<\/ul>\n<p>&nbsp;<\/p>\n<div id=\"attachment_56483\" style=\"width: 732px\" class=\"wp-caption aligncenter\"><a href=\"https:\/\/www.uv.mx\/prensa\/files\/2018\/10\/221018-LA-MUERTE-YA-NO-RIE-1.jpg\"><img aria-describedby=\"caption-attachment-56483\" decoding=\"async\" loading=\"lazy\" class=\"size-full wp-image-56483\" src=\"https:\/\/www.uv.mx\/prensa\/files\/2018\/10\/221018-LA-MUERTE-YA-NO-RIE-1.jpg\" alt=\"\" width=\"722\" height=\"481\" srcset=\"https:\/\/www.uv.mx\/prensa\/files\/2018\/10\/221018-LA-MUERTE-YA-NO-RIE-1.jpg 722w, https:\/\/www.uv.mx\/prensa\/files\/2018\/10\/221018-LA-MUERTE-YA-NO-RIE-1-300x200.jpg 300w\" sizes=\"(max-width: 722px) 100vw, 722px\" \/><\/a><p id=\"caption-attachment-56483\" class=\"wp-caption-text\">Representantes de la UV y del grupo de teatro independiente \u201cEse perro est\u00e1 enroscado\u201d, presentaron el evento<\/p><\/div>\n<p>&nbsp;<\/p>\n<p><b><i>Claudia Peralta V\u00e1zquez<\/i><\/b><span>\u00a0<\/span><\/p>\n<p><span>\u00a0<\/span><b><i>22\/10\/<\/i><\/b><b><i>18, Xalapa, Ver.- <\/i><\/b>Para contribuir a la preservaci\u00f3n de la festividad de D\u00eda de Muertos, la Universidad Veracruzana (UV) \u2013a trav\u00e9s de la Fundaci\u00f3n UV\u2013 invita a la comunidad universitaria y al p\u00fablico en general a disfrutar del recorrido nocturno y teatral para grandes y chicos titulado \u201cLa muerte ya no r\u00ede\u201d.<span>\u00a0<\/span><\/p>\n<p>El evento tendr\u00e1 lugar del 30 de octubre al 4 de noviembre en el Campus para la Cultura, las Artes y el Deporte (CCAD) de la Unidad de Servicios Bibliotecarios y de Informaci\u00f3n (USBI), en el cual destaca la participaci\u00f3n del grupo de teatro independiente \u201cEse perro est\u00e1 enroscado\u201d.<span>\u00a0<\/span><\/p>\n<p>Durante seis d\u00edas, de 19:00 horas y hasta la media noche, los actores presentar\u00e1n a trav\u00e9s de seis escenarios y a lo largo de un kil\u00f3metro de recorrido, la historia de una ni\u00f1a a quien la muerte la visita despu\u00e9s de desear fervientemente ser adulta, tener mucho dinero y ser bonita<span>\u00a0<\/span><\/p>\n<p>Nohelia Luna Hern\u00e1ndez, coordinadora de la Unidad de Becas de la Fundaci\u00f3n UV, dio a conocer que cada recorrido tiene cupo para 70 personas y una duraci\u00f3n de media hora, por lo que esperan recibir a m\u00e1s de cuatro mil asistentes, quienes adem\u00e1s podr\u00e1n degustar de comida y bebidas t\u00edpicas de la temporada como: atole, champurrado, tamales y pan de muerto.<span>\u00a0<\/span><\/p>\n<p>Mencion\u00f3 que una parte de los fondos recaudados se destinar\u00e1n al programa de becas con el fin de incrementar el n\u00famero de universitarios beneficiados para que concluyan su formaci\u00f3n profesional.<span>\u00a0<\/span><\/p>\n<p>Cada boleto tendr\u00e1 un costo de 50 pesos y se podr\u00e1n adquirir a partir del 17 de octubre en las instalaciones de la Fundaci\u00f3n UV, con importantes promociones para el primer d\u00eda de la funci\u00f3n. Del 30 de octubre al 4 de noviembre, estar\u00e1n disponibles en la taquilla ubicada al inicio del recorrido y podr\u00e1n pagarlos en efectivo o con tarjeta de d\u00e9bito.<span>\u00a0<\/span><\/p>\n<p>Nohelia Luna recomend\u00f3 al p\u00fablico interesado en asistir, portar ropa y calzado c\u00f3modos, adem\u00e1s de paraguas.<span>\u00a0<\/span><\/p>\n<p>Al garantizar la seguridad del evento y dar a conocer una exposici\u00f3n de altares que podr\u00e1 apreciarse al t\u00e9rmino del recorrido, Carlos Alberto Castillo Salas, gerente del CCAD, inform\u00f3 que otra parte de los recursos reunidos se destinar\u00e1n a la Unidad de Manejo de Fauna de este lugar, el cual tiene como objetivo salvaguardar las especies que ah\u00ed habitan y fomentar la cultura del cuidado y preservaci\u00f3n de las especies.<span>\u00a0<\/span><\/p>\n<p>Vladimir Arzate N\u00fa\u00f1ez, director y dramaturgo de la obra teatral <i>La <\/i><i>m<\/i><i>uerte ya no r\u00ede<\/i>, invit\u00f3 a la poblaci\u00f3n en general a disfrutar de esta presentaci\u00f3n al aire libre en un contexto de festividad por el D\u00eda de Muertos.<span>\u00a0<\/span><\/p>\n<p>Con relaci\u00f3n al tema de la obra de teatro escrita por \u00e9l, se\u00f1al\u00f3 que actualmente el uso de las tecnolog\u00edas ha robado la capacidad l\u00fadica o de juego a los ni\u00f1os y adultos.<span>\u00a0<\/span><\/p>\n<p>\u201cLo ir\u00f3nico de la historia es que la muerte viene a ense\u00f1arle a la ni\u00f1a otra vez a jugar pasando por varias secciones, donde muestra a almas en pena que vivieron esa realidad.\u201d<span>\u00a0<\/span><\/p>\n<p>Adem\u00e1s, percibir\u00e1n un folklor mexicano que se confronta con el presente, pues retomar\u00e1 leyendas mexicanas como La Llorona y El Charro Negro.<\/p>\n<p>&nbsp;<\/p>\n<div id=\"attachment_56484\" style=\"width: 504px\" class=\"wp-caption aligncenter\"><a href=\"https:\/\/www.uv.mx\/prensa\/files\/2018\/10\/221018-LA-MUERTE-YA-NO-RIE-2.jpg\"><img aria-describedby=\"caption-attachment-56484\" decoding=\"async\" loading=\"lazy\" class=\"size-full wp-image-56484\" src=\"https:\/\/www.uv.mx\/prensa\/files\/2018\/10\/221018-LA-MUERTE-YA-NO-RIE-2.jpg\" alt=\"\" width=\"494\" height=\"722\" srcset=\"https:\/\/www.uv.mx\/prensa\/files\/2018\/10\/221018-LA-MUERTE-YA-NO-RIE-2.jpg 494w, https:\/\/www.uv.mx\/prensa\/files\/2018\/10\/221018-LA-MUERTE-YA-NO-RIE-2-205x300.jpg 205w\" sizes=\"(max-width: 494px) 100vw, 494px\" \/><\/a><p id=\"caption-attachment-56484\" class=\"wp-caption-text\">Los recorridos se efectuar\u00e1n del 30 de octubre al 4 de noviembre, en el CCAD<\/p><\/div>\n","protected":false},"excerpt":{"rendered":"<p>Tendr\u00e1n lugar del 30 de octubre al 4 de noviembre en el Campus para la Cultura, las Artes y el Deporte de la USBI; iniciar\u00e1n a las 19:00 horas y concluir\u00e1n a la media noche<\/p>\n","protected":false},"author":1508,"featured_media":56482,"comment_status":"closed","ping_status":"closed","sticky":false,"template":"","format":"standard","meta":[],"categories":[61],"tags":[],"_links":{"self":[{"href":"https:\/\/www.uv.mx\/prensa\/wp-json\/wp\/v2\/posts\/56481"}],"collection":[{"href":"https:\/\/www.uv.mx\/prensa\/wp-json\/wp\/v2\/posts"}],"about":[{"href":"https:\/\/www.uv.mx\/prensa\/wp-json\/wp\/v2\/types\/post"}],"author":[{"embeddable":true,"href":"https:\/\/www.uv.mx\/prensa\/wp-json\/wp\/v2\/users\/1508"}],"replies":[{"embeddable":true,"href":"https:\/\/www.uv.mx\/prensa\/wp-json\/wp\/v2\/comments?post=56481"}],"version-history":[{"count":0,"href":"https:\/\/www.uv.mx\/prensa\/wp-json\/wp\/v2\/posts\/56481\/revisions"}],"wp:featuredmedia":[{"embeddable":true,"href":"https:\/\/www.uv.mx\/prensa\/wp-json\/wp\/v2\/media\/56482"}],"wp:attachment":[{"href":"https:\/\/www.uv.mx\/prensa\/wp-json\/wp\/v2\/media?parent=56481"}],"wp:term":[{"taxonomy":"category","embeddable":true,"href":"https:\/\/www.uv.mx\/prensa\/wp-json\/wp\/v2\/categories?post=56481"},{"taxonomy":"post_tag","embeddable":true,"href":"https:\/\/www.uv.mx\/prensa\/wp-json\/wp\/v2\/tags?post=56481"}],"curies":[{"name":"wp","href":"https:\/\/api.w.org\/{rel}","templated":true}]}}