{"id":56670,"date":"2018-10-24T09:00:59","date_gmt":"2018-10-24T14:00:59","guid":{"rendered":"https:\/\/www.uv.mx\/prensa\/?p=56670"},"modified":"2021-12-08T11:18:10","modified_gmt":"2021-12-08T17:18:10","slug":"violencia-contra-mujeres-parametro-para-medir-la-social","status":"publish","type":"post","link":"https:\/\/www.uv.mx\/prensa\/general\/violencia-contra-mujeres-parametro-para-medir-la-social\/","title":{"rendered":"Violencia contra mujeres, par\u00e1metro para medir la social"},"content":{"rendered":"<ul>\n<li><i>Acad\u00e9micas reflexionaron sobre este tema en la XI Semana de la Sociolog\u00eda<\/i><\/li>\n<\/ul>\n<div id=\"attachment_56671\" style=\"width: 732px\" class=\"wp-caption aligncenter\"><a href=\"https:\/\/www.uv.mx\/prensa\/files\/2018\/10\/221018-Acoso-en-universidades-100k.jpg\"><img aria-describedby=\"caption-attachment-56671\" decoding=\"async\" loading=\"lazy\" class=\"size-full wp-image-56671\" src=\"https:\/\/www.uv.mx\/prensa\/files\/2018\/10\/221018-Acoso-en-universidades-100k.jpg\" alt=\"\" width=\"722\" height=\"482\" srcset=\"https:\/\/www.uv.mx\/prensa\/files\/2018\/10\/221018-Acoso-en-universidades-100k.jpg 722w, https:\/\/www.uv.mx\/prensa\/files\/2018\/10\/221018-Acoso-en-universidades-100k-300x200.jpg 300w\" sizes=\"(max-width: 722px) 100vw, 722px\" \/><\/a><p id=\"caption-attachment-56671\" class=\"wp-caption-text\">Acad\u00e9micas de la UV reflexionaron sobre la violencia contra las mujeres<\/p><\/div>\n<p><b><i>Paola Cort\u00e9s P\u00e9rez<\/i><\/b><\/p>\n<p><b><i>2<\/i><\/b><b><i>4<\/i><\/b><b><i>\/10\/18, Xalapa, <\/i><\/b><b><i>Ver.-<\/i><\/b> La violencia contra la mujer es el par\u00e1metro que indica el grado de violencia social del pa\u00eds, expresaron participantes del conversatorio \u201cHostigamiento y acoso sexual en el aula\u201d, realizado en el marco de la XI Semana de la Sociolog\u00eda, el viernes 19 de octubre en el Sal\u00f3n Azul de la Unidad de Humanidades.<\/p>\n<p>El evento acad\u00e9mico fue organizado por la <a href=\"https:\/\/www.uv.mx\/sociologia\/\">Facultad de Sociolog\u00eda de la Universidad Veracruzana<\/a> (UV) y participaron Estela Casados Gonz\u00e1lez, coordinadora del Observatorio de Violencias contra las Mujeres; Mara Karina Mendoza Hern\u00e1ndez, responsable del \u00c1rea Jur\u00eddica de la Unidad de G\u00e9nero; Ver\u00f3nica Moreno Uribe, docente de la Facultad de Antropolog\u00eda, y Mayabel Ranero Castro, docente de la Facultad de Sociolog\u00eda, moderadas por Jemyna Rueda.<\/p>\n<p>Ver\u00f3nica Moreno coment\u00f3 que el Estado se ha vuelto c\u00f3mplice y perpetrador de la violencia contra la mujer, en tanto que en sus instituciones se reproduce la violencia.<\/p>\n<p>\u201cNo debemos olvidar que lo ocurrido al interior de las universidades p\u00fablicas es responsabilidad del Estado, en el sentido de que debe generar dispositivos jur\u00eddicos, legales y pol\u00edticos, para asegurar el acceso y el disfrute de las mujeres a sus derechos.\u201d<\/p>\n<p>Ante el incremento de casos de violencia contra la mujer, la acad\u00e9mica dijo que una posible explicaci\u00f3n es el contexto de precariedad \u2013no en el sentido econ\u00f3mico\u2013 en las relaciones humanas, a lo que se suma la incapacidad de empat\u00eda.<\/p>\n<p>\u201cSe cometen porque saben que lo pueden hacer, porque hay una complicidad, omisi\u00f3n institucional en el sentido m\u00e1s amplio; entonces, hay condiciones para hacerlo, hay impunidad y es posible hacerlo.\u201d<\/p>\n<p>Coment\u00f3 que acciones como la constante desautorizaci\u00f3n de lo dicho o hecho por las mujeres, el concebir que est\u00e1n para servir y que el var\u00f3n sienta que tiene derecho a tomar decisiones por ella, son formas muy soterradas del ejercicio de la violencia \u2013que tienen su expresi\u00f3n m\u00e1s macabra en la muerte\u2013 que se manifiestan en las relaciones del aula.<\/p>\n<p>Por ello, destac\u00f3 Estela Casados, la violencia contra el cuerpo de las mujeres es considerada como el par\u00e1metro que indica el grado de violencia generalizada que se vive en la sociedad.<\/p>\n<p>Expres\u00f3 que tradicionalmente el lugar de las mujeres estaba en la casa y el ingreso a las universidades es considerado como un asalto de espacios que no nos corresponden, por ello la violencia contra las mujeres es el pago del derecho de piso por estar en las instituciones de educaci\u00f3n.<\/p>\n<p>Advirti\u00f3 que las diferentes formas de violencia y los mecanismos de sujeci\u00f3n se han sofisticado y reelaborado, mientras que el patriarcado goza de una excelente salud.<\/p>\n<p>Ejemplo de lo anterior es que los casos de feminicidios \u2013considerado el \u00faltimo escal\u00f3n de la violencia contra las mujeres\u2013 han incrementado en los \u00faltimos a\u00f1os, de enero a septiembre han sido asesinadas 168 veracruzanas, 113 de ellas cumplen con al menos una caracter\u00edsticas que marca el C\u00f3digo Penal sobre el feminicidio.<\/p>\n<p>Por ello, recomend\u00f3 denunciar cualquier tipo de violencia ante las instancias judiciales correspondientes, de lo contrario continuar\u00e1n siendo omisas ante estos casos y continuar\u00e1 la impunidad.<\/p>\n<p>\u201cLas instancias que hay para salvaguardar los derechos humanos de las mujeres est\u00e1n con las manos atadas, ya que hay todo un andamiaje legal, social y burocr\u00e1tico, que no permite que se nos haga justicia y que haya reparaci\u00f3n del da\u00f1o.<\/p>\n<p>\u201dEsta generaci\u00f3n tiene el hist\u00f3rico papel de seguir empujando para cambiar, porque no ser\u00e1 r\u00e1pido; debemos exigir que las instituciones funcionen como deben porque hay impunidad, mientras no haya un cambio social verdadero dif\u00edcilmente dejar\u00e1n de suceder estos casos.\u201d<\/p>\n<p>Finalmente, Mar\u00eda Karina Mendoza reiter\u00f3 que es importante hacer los mecanismos institucionales para denunciar los casos de violencia, como una forma de exigir que tengan un mejor funcionamiento.<\/p>\n<p>\u201cDebemos denunciar la violencia que se ha naturalizado, necesitamos visibilizar las pr\u00e1cticas cotidianas de violencia que existen, para que los mecanismos tengan un mejor funcionamiento.\u201d<\/p>\n","protected":false},"excerpt":{"rendered":"<p>Lo que ocurre en las universidades p\u00fablicas es responsabilidad del Estado, en el sentido de que debe generar dispositivos jur\u00eddicos, legales y pol\u00edticos para asegurar los derechos de las mujeres<\/p>\n","protected":false},"author":1775,"featured_media":56671,"comment_status":"closed","ping_status":"closed","sticky":false,"template":"","format":"standard","meta":[],"categories":[1],"tags":[813,4164,5876,5983,4827,6038,6039],"_links":{"self":[{"href":"https:\/\/www.uv.mx\/prensa\/wp-json\/wp\/v2\/posts\/56670"}],"collection":[{"href":"https:\/\/www.uv.mx\/prensa\/wp-json\/wp\/v2\/posts"}],"about":[{"href":"https:\/\/www.uv.mx\/prensa\/wp-json\/wp\/v2\/types\/post"}],"author":[{"embeddable":true,"href":"https:\/\/www.uv.mx\/prensa\/wp-json\/wp\/v2\/users\/1775"}],"replies":[{"embeddable":true,"href":"https:\/\/www.uv.mx\/prensa\/wp-json\/wp\/v2\/comments?post=56670"}],"version-history":[{"count":1,"href":"https:\/\/www.uv.mx\/prensa\/wp-json\/wp\/v2\/posts\/56670\/revisions"}],"predecessor-version":[{"id":106984,"href":"https:\/\/www.uv.mx\/prensa\/wp-json\/wp\/v2\/posts\/56670\/revisions\/106984"}],"wp:featuredmedia":[{"embeddable":true,"href":"https:\/\/www.uv.mx\/prensa\/wp-json\/wp\/v2\/media\/56671"}],"wp:attachment":[{"href":"https:\/\/www.uv.mx\/prensa\/wp-json\/wp\/v2\/media?parent=56670"}],"wp:term":[{"taxonomy":"category","embeddable":true,"href":"https:\/\/www.uv.mx\/prensa\/wp-json\/wp\/v2\/categories?post=56670"},{"taxonomy":"post_tag","embeddable":true,"href":"https:\/\/www.uv.mx\/prensa\/wp-json\/wp\/v2\/tags?post=56670"}],"curies":[{"name":"wp","href":"https:\/\/api.w.org\/{rel}","templated":true}]}}