{"id":56717,"date":"2018-10-23T20:09:21","date_gmt":"2018-10-24T01:09:21","guid":{"rendered":"https:\/\/www.uv.mx\/prensa\/?p=56717"},"modified":"2018-10-24T13:28:18","modified_gmt":"2018-10-24T18:28:18","slug":"inicio-2a-semana-de-universidad-segura","status":"publish","type":"post","link":"https:\/\/www.uv.mx\/prensa\/general\/inicio-2a-semana-de-universidad-segura\/","title":{"rendered":"Inici\u00f3 2\u00aa Semana de Universidad Segura"},"content":{"rendered":"<ul>\n<li><i>Se abordan<\/i><i> los temas de salud, protecci\u00f3n civil y seguridad<\/i><i>,<\/i><i> con paneles de expertos y videoconferencias<\/i><\/li>\n<li><i>El martes 23 inici\u00f3 con<\/i><i> la participaci\u00f3n de Jos\u00e9 Luis Castillo, quien habl\u00f3 sobre el papel de las universidades promotoras de la salud<\/i><\/li>\n<\/ul>\n<p>&nbsp;<\/p>\n<div id=\"attachment_56718\" style=\"width: 732px\" class=\"wp-caption aligncenter\"><a href=\"https:\/\/www.uv.mx\/prensa\/files\/2018\/10\/231018-inauguracion-2da-semana-universidad-segura-1.jpg\"><img aria-describedby=\"caption-attachment-56718\" decoding=\"async\" loading=\"lazy\" class=\"size-full wp-image-56718\" src=\"https:\/\/www.uv.mx\/prensa\/files\/2018\/10\/231018-inauguracion-2da-semana-universidad-segura-1.jpg\" alt=\"\" width=\"722\" height=\"482\" srcset=\"https:\/\/www.uv.mx\/prensa\/files\/2018\/10\/231018-inauguracion-2da-semana-universidad-segura-1.jpg 722w, https:\/\/www.uv.mx\/prensa\/files\/2018\/10\/231018-inauguracion-2da-semana-universidad-segura-1-300x200.jpg 300w\" sizes=\"(max-width: 722px) 100vw, 722px\" \/><\/a><p id=\"caption-attachment-56718\" class=\"wp-caption-text\">Antero Borboa, director del SUGIR, dio la bienvenida a los asistentes al evento<\/p><\/div>\n<p>&nbsp;<\/p>\n<p><b><i>David Sandoval Rodr\u00edguez<\/i><\/b><\/p>\n<p><b><i>23\/10<\/i><\/b><b><i>\/<\/i><\/b><b><i>18<\/i><\/b><b><i>,<\/i><\/b><b><i> Xalapa, Ver.-<\/i><\/b> La Universidad Veracruzana (UV) inaugur\u00f3 formalmente su 2\u00aa Semana de Universidad Segura 2018 con la tem\u00e1tica \u201cCultura de cuidado\u201d, que inici\u00f3 el lunes 22 de octubre con videoconferencias y finalizar\u00e1 el viernes 26.<\/p>\n<p>En la sala de videoconferencias de la Unidad de Servicios Bibliotecarios y de Informaci\u00f3n (USBI), Antero Borboa Lara, director del Sistema Universitario de Gesti\u00f3n Integral del Riesgo (SUGIR), dio la bienvenida a los asistentes y puntualiz\u00f3 que esta segunda edici\u00f3n convoca a la cultura del cuidado personal para transitar al cuidado colectivo, partiendo desde la visi\u00f3n que impulsa la UV.<\/p>\n<p>Para garantizar una convivencia segura, el SUGIR sostiene que \u201cdebemos estar preparados para enfrentar situaciones de riesgos y ser capaces de crear una cultura de la prevenci\u00f3n y la protecci\u00f3n civil, desde lo que somos y lo que tenemos\u201d, precis\u00f3 el funcionario.<\/p>\n<p>\u201cEl proceso de la salud, que ser\u00e1 abordado, lo entendemos como necesario para contribuir a una comunidad universitaria m\u00e1s sana, f\u00edsica y mentalmente, generando entornos y estilos de vida saludables\u201d, dijo.<\/p>\n<p>En la sesi\u00f3n del martes 23 se abordaron temas relacionados con la salud como: las adicciones y el consumo de drogas, los efectos de la tecnolog\u00eda de la informaci\u00f3n en la salud, y un panel de expertos desarroll\u00f3 el tema de educaci\u00f3n y promoci\u00f3n de la salud.<\/p>\n<p>Borboa Lara detall\u00f3 adem\u00e1s que el mi\u00e9rcoles 24 se abordar\u00e1 el tema de la protecci\u00f3n civil, el jueves 25 ser\u00e1 para la seguridad y el viernes 26 habr\u00e1 una jornada virtual en la que se efectuar\u00e1 una trivia y un experto hablar\u00e1 sobre la privacidad y los datos personales.<\/p>\n<p>En representaci\u00f3n de la<a href=\"https:\/\/www.uv.mx\/secretaria-rectoria\/\"> Secretar\u00eda de Desarrollo Instituciona<\/a>l, Rebeca Hern\u00e1ndez Ar\u00e1mburo recalc\u00f3 que la 2\u00aa Semana de Universidad Segura est\u00e1 alineada con la campa\u00f1a de Universidades Sostenibles y Resilientes de la Red Universitaria de Am\u00e9rica Latina y el Caribe para la Reducci\u00f3n de Riesgo de Desastres (REDULAC), de la cual forma parte la instituci\u00f3n.<\/p>\n<p>&nbsp;<\/p>\n<div id=\"attachment_56719\" style=\"width: 732px\" class=\"wp-caption aligncenter\"><a href=\"https:\/\/www.uv.mx\/prensa\/files\/2018\/10\/231018-inauguracion-2da-semana-universidad-segura-2.jpg\"><img aria-describedby=\"caption-attachment-56719\" decoding=\"async\" loading=\"lazy\" class=\"size-full wp-image-56719\" src=\"https:\/\/www.uv.mx\/prensa\/files\/2018\/10\/231018-inauguracion-2da-semana-universidad-segura-2.jpg\" alt=\"\" width=\"722\" height=\"481\" srcset=\"https:\/\/www.uv.mx\/prensa\/files\/2018\/10\/231018-inauguracion-2da-semana-universidad-segura-2.jpg 722w, https:\/\/www.uv.mx\/prensa\/files\/2018\/10\/231018-inauguracion-2da-semana-universidad-segura-2-300x200.jpg 300w\" sizes=\"(max-width: 722px) 100vw, 722px\" \/><\/a><p id=\"caption-attachment-56719\" class=\"wp-caption-text\">Rebeca Hern\u00e1ndez, de la Secretar\u00eda de Desarrollo Institucional<\/p><\/div>\n<p>&nbsp;<\/p>\n<p>Desde 2013 la UV ha trabajado en la prevenci\u00f3n del riesgo, creando el SUGIR y acciones como el presente evento, que se sustenta en el Marco de Sendai para la Reducci\u00f3n del Riesgo de Desastres de la Organizaci\u00f3n de las Naciones Unidas (ONU) y en cumplimiento de los Objetivos de Desarrollo Sostenible hacia el 2030.<\/p>\n<p>\u201cSe ha propuesto un programa amplio de saberes y haceres que nos deben ocupar como comunidad universitaria, no importando el rango que nosotros tengamos en ella, y esto converge en los tres procesos que entreteje el SUGIR: la salud, la protecci\u00f3n civil y la seguridad\u201d, detall\u00f3 Hern\u00e1ndez Ar\u00e1mburo.<\/p>\n<p>Agradeci\u00f3 tambi\u00e9n el apoyo de la Direcci\u00f3n General de Tecnolog\u00eda de Informaci\u00f3n (DGTI) para las videoconferencias que integran el programa.<\/p>\n<p>A continuaci\u00f3n Jos\u00e9 Luis Castillo Hern\u00e1ndez, representante de la UV ante la Red Mexicana de Universidades Promotoras de la Salud y acad\u00e9mico de la Facultad de Nutrici\u00f3n, dio la conferencia \u201cUniversidades promotoras de la salud: retos y desaf\u00edos\u201d.<\/p>\n<p>Subray\u00f3 que el concepto de promoci\u00f3n de la salud es \u201ctoda una revoluci\u00f3n en marcha, que va de la mano con otros prop\u00f3sitos como los Objetivos de Desarrollo Sostenible\u201d.<\/p>\n<p>La promoci\u00f3n de la salud tiene componentes esenciales, adem\u00e1s de ser un tema transversal en numerosos sectores gubernamentales, refri\u00f3.<\/p>\n<p>Uno de los primeros componentes son las pol\u00edticas y los entornos saludables, el segundo es la participaci\u00f3n comunitaria, el tercero se refiere al desarrollo de las capacidades de las personas a trav\u00e9s de la educaci\u00f3n y la participaci\u00f3n \u2013al igual que la capacitaci\u00f3n\u2013, y el cuarto es la reorientaci\u00f3n de los servicios de salud.<\/p>\n<p>\u201cCuando una instancia quiere hacer promoci\u00f3n de la salud debe considerar estos cuatro componentes\u201d, se\u00f1al\u00f3 el acad\u00e9mico al comentar que \u201ceste paradigma se basa en el concepto hol\u00edstico de que la responsabilidad de la salud no es exclusiva del sector salud, si se trabaja de manera integral se pueden mejorar las condiciones de salud\u201d.<\/p>\n<p>Este nuevo concepto hace \u00e9nfasis en que las acciones no deben ser paternalistas, que en realidad no beneficia a las personas, \u201ceste modelo nos responsabiliza de las decisiones asertivas que debemos tomar para mantener nuestras condiciones de salud\u201d, recalc\u00f3.<\/p>\n<p>&nbsp;<\/p>\n<div id=\"attachment_56720\" style=\"width: 732px\" class=\"wp-caption aligncenter\"><a href=\"https:\/\/www.uv.mx\/prensa\/files\/2018\/10\/231018-inauguracion-2da-semana-universidad-segura-3.jpg\"><img aria-describedby=\"caption-attachment-56720\" decoding=\"async\" loading=\"lazy\" class=\"size-full wp-image-56720\" src=\"https:\/\/www.uv.mx\/prensa\/files\/2018\/10\/231018-inauguracion-2da-semana-universidad-segura-3.jpg\" alt=\"\" width=\"722\" height=\"482\" srcset=\"https:\/\/www.uv.mx\/prensa\/files\/2018\/10\/231018-inauguracion-2da-semana-universidad-segura-3.jpg 722w, https:\/\/www.uv.mx\/prensa\/files\/2018\/10\/231018-inauguracion-2da-semana-universidad-segura-3-300x200.jpg 300w\" sizes=\"(max-width: 722px) 100vw, 722px\" \/><\/a><p id=\"caption-attachment-56720\" class=\"wp-caption-text\">Jos\u00e9 Luis Castillo, acad\u00e9mico de la Facultad de Nutrici\u00f3n<\/p><\/div>\n","protected":false},"excerpt":{"rendered":"<p>El concepto de promoci\u00f3n de la salud es \u201ctoda una revoluci\u00f3n en marcha, que va de la mano con otros prop\u00f3sitos como los Objetivos de Desarrollo Sostenible\u201d: Jos\u00e9 Luis Castillo <\/p>\n","protected":false},"author":1508,"featured_media":56718,"comment_status":"closed","ping_status":"closed","sticky":false,"template":"","format":"standard","meta":[],"categories":[1],"tags":[],"_links":{"self":[{"href":"https:\/\/www.uv.mx\/prensa\/wp-json\/wp\/v2\/posts\/56717"}],"collection":[{"href":"https:\/\/www.uv.mx\/prensa\/wp-json\/wp\/v2\/posts"}],"about":[{"href":"https:\/\/www.uv.mx\/prensa\/wp-json\/wp\/v2\/types\/post"}],"author":[{"embeddable":true,"href":"https:\/\/www.uv.mx\/prensa\/wp-json\/wp\/v2\/users\/1508"}],"replies":[{"embeddable":true,"href":"https:\/\/www.uv.mx\/prensa\/wp-json\/wp\/v2\/comments?post=56717"}],"version-history":[{"count":0,"href":"https:\/\/www.uv.mx\/prensa\/wp-json\/wp\/v2\/posts\/56717\/revisions"}],"wp:featuredmedia":[{"embeddable":true,"href":"https:\/\/www.uv.mx\/prensa\/wp-json\/wp\/v2\/media\/56718"}],"wp:attachment":[{"href":"https:\/\/www.uv.mx\/prensa\/wp-json\/wp\/v2\/media?parent=56717"}],"wp:term":[{"taxonomy":"category","embeddable":true,"href":"https:\/\/www.uv.mx\/prensa\/wp-json\/wp\/v2\/categories?post=56717"},{"taxonomy":"post_tag","embeddable":true,"href":"https:\/\/www.uv.mx\/prensa\/wp-json\/wp\/v2\/tags?post=56717"}],"curies":[{"name":"wp","href":"https:\/\/api.w.org\/{rel}","templated":true}]}}