{"id":56761,"date":"2018-10-24T10:07:00","date_gmt":"2018-10-24T15:07:00","guid":{"rendered":"https:\/\/www.uv.mx\/prensa\/?p=56761"},"modified":"2021-11-08T08:12:51","modified_gmt":"2021-11-08T14:12:51","slug":"rafael-alcala-diserto-sobre-ensenanza-del-jazz","status":"publish","type":"post","link":"https:\/\/www.uv.mx\/prensa\/cultura\/rafael-alcala-diserto-sobre-ensenanza-del-jazz\/","title":{"rendered":"Rafael Alcal\u00e1 disert\u00f3 sobre ense\u00f1anza del jazz"},"content":{"rendered":"<ul>\n<li><em><span class=\"TextRun SCXW19719955\" lang=\"ES-ES\" xml:lang=\"ES-ES\"><span class=\"NormalTextRun SCXW19719955\">El <\/span><\/span><span class=\"TextRun SCXW19719955\" lang=\"ES-ES\" xml:lang=\"ES-ES\"><span class=\"NormalTextRun SCXW19719955\">Centro de Estudios de Jazz<\/span><\/span> <span class=\"TextRun SCXW19719955\" lang=\"ES-ES\" xml:lang=\"ES-ES\"><span class=\"NormalTextRun SCXW19719955\">de la <\/span><\/span><span class=\"TextRun SCXW19719955\" lang=\"ES-ES\" xml:lang=\"ES-ES\"><span class=\"NormalTextRun SCXW19719955\">UV <\/span><\/span><span class=\"TextRun SCXW19719955\" lang=\"ES-ES\" xml:lang=\"ES-ES\"><span class=\"NormalTextRun SCXW19719955\">debe consolidarse como instituci\u00f3n <\/span><\/span><span class=\"TextRun SCXW19719955\" lang=\"ES-ES\" xml:lang=\"ES-ES\"><span class=\"NormalTextRun SCXW19719955\">referente <\/span><\/span><span class=\"TextRun SCXW19719955\" lang=\"ES-ES\" xml:lang=\"ES-ES\"><span class=\"NormalTextRun SCXW19719955\">en M\u00e9xico y Latinoa<\/span><\/span><span class=\"TextRun SCXW19719955\" lang=\"ES-ES\" xml:lang=\"ES-ES\"><span class=\"NormalTextRun SCXW19719955\">m\u00e9rica<\/span><\/span><span class=\"TextRun SCXW19719955\" lang=\"ES-ES\" xml:lang=\"ES-ES\"><span class=\"NormalTextRun SCXW19719955\">: Rafael Alcal\u00e1<\/span><\/span><\/em><\/li>\n<\/ul>\n<p>&nbsp;<\/p>\n<div id=\"attachment_56763\" style=\"width: 732px\" class=\"wp-caption aligncenter\"><a href=\"https:\/\/www.uv.mx\/prensa\/files\/2018\/10\/231018-principios-de-jazz.jpg\"><img aria-describedby=\"caption-attachment-56763\" decoding=\"async\" loading=\"lazy\" class=\"size-full wp-image-56763\" src=\"https:\/\/www.uv.mx\/prensa\/files\/2018\/10\/231018-principios-de-jazz.jpg\" alt=\"\" width=\"722\" height=\"481\" srcset=\"https:\/\/www.uv.mx\/prensa\/files\/2018\/10\/231018-principios-de-jazz.jpg 722w, https:\/\/www.uv.mx\/prensa\/files\/2018\/10\/231018-principios-de-jazz-300x200.jpg 300w\" sizes=\"(max-width: 722px) 100vw, 722px\" \/><\/a><p id=\"caption-attachment-56763\" class=\"wp-caption-text\">El m\u00fasico y acad\u00e9mico habl\u00f3 de la calidad en los programas del <em>Jazzuv<\/em><\/p><\/div>\n<p>&nbsp;<\/p>\n<p><b><i>Jorge V\u00e1zquez Pacheco<\/i><\/b><\/p>\n<p><b><i>24\/10\/18, Xalapa, <\/i><\/b><b><i>Ver.-<\/i><\/b> Rafael Alcal\u00e1 Hinojosa, Coordinador del <a href=\"https:\/\/www.uv.mx\/jazzuv\">Centro de Estudios de Jazz <\/a>de la Universidad Veracruzana (<i>Jazzuv<\/i>), consider\u00f3 cinco temas elementales en la ense\u00f1anza de este g\u00e9nero musical: equidad, relevancia, pertinencia, eficacia y eficiencia, durante su participaci\u00f3n en el Congreso de Educaci\u00f3n en el Jazz \u201cDimensiones y retos en Am\u00e9rica Latina\u201d.<\/p>\n<p>Al disertar sobre el tema \u201cLa b\u00fasqueda de la calidad educativa en los programas de jazz\u201d, el tambi\u00e9n fundador de Musinetwork School of Music (Escuela de M\u00fasica en L\u00ednea), indic\u00f3 que los principios de la calidad educativa avalados por la <i>Unicef<\/i> consideran lo que el estudiante trae consigo, un entorno de aprendizaje saludable, contenido educativo, docentes calificados y la participaci\u00f3n positiva en la sociedad.<\/p>\n<p>Ante la pregunta: \u00bfC\u00f3mo buscar la calidad educativa en un programa de jazz?, expres\u00f3: \u201cUna visi\u00f3n de la identidad institucional debe incluir lo que tratamos de conseguir, cu\u00e1les son nuestros valores, c\u00f3mo produciremos resultados, c\u00f3mo nos enfrentamos a los cambios y c\u00f3mo conseguiremos la competitividad. Los objetivos estrat\u00e9gicos son los resultados generales que una instituci\u00f3n educativa espera alcanzar en el desarrollo de su misi\u00f3n y visi\u00f3n\u201d. Agreg\u00f3 que los objetivos deben ser medibles, relistas, concretos, alcanzables y programables en el tiempo.<\/p>\n<p>Al comentar en torno del perfil de ingreso de cada alumno, hizo hincapi\u00e9 en una serie de atributos que no enumer\u00f3 totalmente por falta de tiempo, aunque s\u00ed coment\u00f3 los conocimientos y experiencias adquiridos durante el programa educativo, as\u00ed como el manejo de herramientas de recolecci\u00f3n, an\u00e1lisis y sistematizaci\u00f3n de informaci\u00f3n relevante para intervenir profesionalmente.<\/p>\n<p>Al reconocer que hacia sus inicios el <i>Jazz<\/i><i>uv<\/i> contaba con un profesorado de perfiles diversos, aunque con algunos elementos carentes de formaci\u00f3n profesional en el rengl\u00f3n correspondiente, remarc\u00f3 los requerimientos actuales que apuntan a la experiencia como ejecutantes y experiencia docente comprobable.<\/p>\n<p>\u201cLa visi\u00f3n actual es que forjemos una instituci\u00f3n educativa moderna e innovadora, l\u00edder y referente en la educaci\u00f3n del jazz en M\u00e9xico y Am\u00e9rica Latina.\u201d<\/p>\n","protected":false},"excerpt":{"rendered":"<p>El m\u00fasico y acad\u00e9mico consider\u00f3 cinco aspectos elementales: equidad, relevancia, pertinencia, eficacia y eficiencia<\/p>\n","protected":false},"author":1508,"featured_media":56763,"comment_status":"closed","ping_status":"closed","sticky":false,"template":"","format":"standard","meta":[],"categories":[11],"tags":[],"_links":{"self":[{"href":"https:\/\/www.uv.mx\/prensa\/wp-json\/wp\/v2\/posts\/56761"}],"collection":[{"href":"https:\/\/www.uv.mx\/prensa\/wp-json\/wp\/v2\/posts"}],"about":[{"href":"https:\/\/www.uv.mx\/prensa\/wp-json\/wp\/v2\/types\/post"}],"author":[{"embeddable":true,"href":"https:\/\/www.uv.mx\/prensa\/wp-json\/wp\/v2\/users\/1508"}],"replies":[{"embeddable":true,"href":"https:\/\/www.uv.mx\/prensa\/wp-json\/wp\/v2\/comments?post=56761"}],"version-history":[{"count":1,"href":"https:\/\/www.uv.mx\/prensa\/wp-json\/wp\/v2\/posts\/56761\/revisions"}],"predecessor-version":[{"id":104553,"href":"https:\/\/www.uv.mx\/prensa\/wp-json\/wp\/v2\/posts\/56761\/revisions\/104553"}],"wp:featuredmedia":[{"embeddable":true,"href":"https:\/\/www.uv.mx\/prensa\/wp-json\/wp\/v2\/media\/56763"}],"wp:attachment":[{"href":"https:\/\/www.uv.mx\/prensa\/wp-json\/wp\/v2\/media?parent=56761"}],"wp:term":[{"taxonomy":"category","embeddable":true,"href":"https:\/\/www.uv.mx\/prensa\/wp-json\/wp\/v2\/categories?post=56761"},{"taxonomy":"post_tag","embeddable":true,"href":"https:\/\/www.uv.mx\/prensa\/wp-json\/wp\/v2\/tags?post=56761"}],"curies":[{"name":"wp","href":"https:\/\/api.w.org\/{rel}","templated":true}]}}