{"id":56931,"date":"2018-10-25T19:25:43","date_gmt":"2018-10-26T00:25:43","guid":{"rendered":"https:\/\/www.uv.mx\/prensa\/?p=56931"},"modified":"2021-11-08T08:12:51","modified_gmt":"2021-11-08T14:12:51","slug":"internacionalizacion-de-la-licenciatura-en-estudios-del-jazz-se-analizo-en-congreso","status":"publish","type":"post","link":"https:\/\/www.uv.mx\/prensa\/cultura\/internacionalizacion-de-la-licenciatura-en-estudios-del-jazz-se-analizo-en-congreso\/","title":{"rendered":"Internacionalizaci\u00f3n de la Licenciatura en Estudios del Jazz se analiz\u00f3 en congreso"},"content":{"rendered":"<ul>\n<li><i>Es una investigaci\u00f3n en curso de <\/i><i>Izb\u00e9<\/i><i> Ang\u00e9lica Mu\u00f1oz Cort\u00e9s, de la Direcci\u00f3n General de Relaciones Internacionales de la UV<\/i><\/li>\n<\/ul>\n<p>&nbsp;<\/p>\n<p><a href=\"https:\/\/www.uv.mx\/prensa\/files\/2018\/10\/Destacada-congreso-jazz.jpg\"><img decoding=\"async\" loading=\"lazy\" class=\"aligncenter size-full wp-image-56737\" src=\"https:\/\/www.uv.mx\/prensa\/files\/2018\/10\/Destacada-congreso-jazz.jpg\" alt=\"\" width=\"700\" height=\"300\" srcset=\"https:\/\/www.uv.mx\/prensa\/files\/2018\/10\/Destacada-congreso-jazz.jpg 700w, https:\/\/www.uv.mx\/prensa\/files\/2018\/10\/Destacada-congreso-jazz-300x129.jpg 300w, https:\/\/www.uv.mx\/prensa\/files\/2018\/10\/Destacada-congreso-jazz-350x150.jpg 350w\" sizes=\"(max-width: 700px) 100vw, 700px\" \/><\/a><\/p>\n<p>&nbsp;<\/p>\n<p><b><i>Karina de la Paz Reyes D\u00edaz<\/i><\/b><\/p>\n<p><b><i>2<\/i><\/b><b><i>5<\/i><\/b><b><i>\/10\/18, Xalapa, Ver.-<\/i><\/b> Como parte de las ponencias del Congreso de Educaci\u00f3n en el Jazz, organizado por el <a href=\"https:\/\/www.uv.mx\/jazzuv\">Centro de Estudios de Jazz de la Universidad Veracruzana<\/a> (<i>Jazzuv<\/i>), Izb\u00e9 Ang\u00e9lica Mu\u00f1oz Cort\u00e9s present\u00f3 avances de su investigaci\u00f3n de posgrado con el t\u00edtulo \u201cRepresentaciones de la internacionalizaci\u00f3n de la Licenciatura en Estudios del Jazz de la Universidad Veracruzana\u201d.<\/p>\n<p>Esta actividad se desarroll\u00f3 el 24 de octubre en el Sal\u00f3n 18 del <i>Jazzuv<\/i> y la atestiguaron acad\u00e9micos de \u00e9sta y otras instituciones del pa\u00eds y el extranjero. Mu\u00f1oz Cort\u00e9s, de la Direcci\u00f3n General de Relaciones Internacionales de la UV, detall\u00f3 que la investigaci\u00f3n se centra en las representaciones que los estudiantes de esta licenciatura tienen sobre la internacionalizaci\u00f3n; asimismo, dio pormenores de su estructura y la metodolog\u00eda. Actualmente procesa la informaci\u00f3n de una serie de entrevistas realizadas a estudiantes y acad\u00e9micos de esta entidad educativa.<\/p>\n<p>Eligi\u00f3 investigar la Licenciatura en Estudios del Jazz en atenci\u00f3n a una cuesti\u00f3n emotiva y de observaci\u00f3n, pero sobre todo corresponde a hacer una analog\u00eda entre c\u00f3mo concibe al sujeto en esta investigaci\u00f3n: una persona que est\u00e1 en constante evoluci\u00f3n y que se construye a s\u00ed mismo como individuo, pero tambi\u00e9n en una conectividad. \u201c\u00c9ste me recuerda al m\u00fasico del jazz, que genera una improvisaci\u00f3n\u201d.<\/p>\n<p>Abund\u00f3 que cuando el m\u00fasico de jazz improvisa, no s\u00f3lo exhibe las horas de estudio y de an\u00e1lisis, sino que relaciona diversos elementos que van m\u00e1s all\u00e1 de las cuestiones t\u00e9cnicas, incluso van a las vivencias, la experiencia, la historia y la cultura de una localidad o de un grupo, \u201cy eso es capaz de transmitirlo a trav\u00e9s de un lenguaje que es la m\u00fasica y que no necesita muchas veces explicaci\u00f3n\u201d.<\/p>\n<p>Mu\u00f1oz Cort\u00e9s dijo entre sus conclusiones que \u201capuesta a que la indagaci\u00f3n sobre la representaci\u00f3n que los actores de la UV tienen acerca de la internacionalizaci\u00f3n de la educaci\u00f3n, proporcione pistas que indiquen la posibilidad de un cambio social propiciado por los beneficios o los perjuicios que un proceso de internacionalizaci\u00f3n puede brindar\u201d.<\/p>\n<p>Asimismo, a\u00f1adi\u00f3 que \u201cexisten formas dominantes sobre la internacionalizaci\u00f3n de la educaci\u00f3n que est\u00e1n representadas por la instituci\u00f3n, pero al visualizar un sujeto activo en la construcci\u00f3n de la representaci\u00f3n de s\u00ed mismo es posible pensar que el discurso dominante puede ser variado y modificado infinitas veces por los agentes que reflexionan y act\u00faan\u201d.<\/p>\n","protected":false},"excerpt":{"rendered":"<p>Izb\u00e9 Mu\u00f1oz Cort\u00e9s present\u00f3 avances de su investigaci\u00f3n  \u201cRepresentaciones de la internacionalizaci\u00f3n de la Licenciatura en Estudios del Jazz de la Universidad Veracruzana\u201d<\/p>\n","protected":false},"author":1508,"featured_media":56737,"comment_status":"closed","ping_status":"closed","sticky":false,"template":"","format":"standard","meta":[],"categories":[11],"tags":[],"_links":{"self":[{"href":"https:\/\/www.uv.mx\/prensa\/wp-json\/wp\/v2\/posts\/56931"}],"collection":[{"href":"https:\/\/www.uv.mx\/prensa\/wp-json\/wp\/v2\/posts"}],"about":[{"href":"https:\/\/www.uv.mx\/prensa\/wp-json\/wp\/v2\/types\/post"}],"author":[{"embeddable":true,"href":"https:\/\/www.uv.mx\/prensa\/wp-json\/wp\/v2\/users\/1508"}],"replies":[{"embeddable":true,"href":"https:\/\/www.uv.mx\/prensa\/wp-json\/wp\/v2\/comments?post=56931"}],"version-history":[{"count":1,"href":"https:\/\/www.uv.mx\/prensa\/wp-json\/wp\/v2\/posts\/56931\/revisions"}],"predecessor-version":[{"id":104548,"href":"https:\/\/www.uv.mx\/prensa\/wp-json\/wp\/v2\/posts\/56931\/revisions\/104548"}],"wp:featuredmedia":[{"embeddable":true,"href":"https:\/\/www.uv.mx\/prensa\/wp-json\/wp\/v2\/media\/56737"}],"wp:attachment":[{"href":"https:\/\/www.uv.mx\/prensa\/wp-json\/wp\/v2\/media?parent=56931"}],"wp:term":[{"taxonomy":"category","embeddable":true,"href":"https:\/\/www.uv.mx\/prensa\/wp-json\/wp\/v2\/categories?post=56931"},{"taxonomy":"post_tag","embeddable":true,"href":"https:\/\/www.uv.mx\/prensa\/wp-json\/wp\/v2\/tags?post=56931"}],"curies":[{"name":"wp","href":"https:\/\/api.w.org\/{rel}","templated":true}]}}