{"id":57011,"date":"2018-10-26T15:22:57","date_gmt":"2018-10-26T20:22:57","guid":{"rendered":"https:\/\/www.uv.mx\/prensa\/?p=57011"},"modified":"2021-11-08T08:12:51","modified_gmt":"2021-11-08T14:12:51","slug":"mas-de-300-musicos-participaron-en-el-congreso-de-educacion-en-el-jazz","status":"publish","type":"post","link":"https:\/\/www.uv.mx\/prensa\/cultura\/mas-de-300-musicos-participaron-en-el-congreso-de-educacion-en-el-jazz\/","title":{"rendered":"M\u00e1s de 300 m\u00fasicos participaron en el Congreso de Educaci\u00f3n en el Jazz"},"content":{"rendered":"<ul>\n<li><em>El evento cerr\u00f3 con concierto a cargo del Ensamble Jazz House Collective\u00a0<\/em><\/li>\n<li><em>Fue clausurado por Magdalena Hern\u00e1ndez Alarc\u00f3n, secretaria Acad\u00e9mica de la UV\u00a0<\/em><\/li>\n<li><em>\u201cA trav\u00e9s de la educaci\u00f3n en el jazz, todos y cada uno de nosotros podemos aportar un granito de arena en el entorno en que vivimos para poder cambiar al mundo\u201d: Rafael Alcal\u00e1<\/em><\/li>\n<\/ul>\n<p>&nbsp;<\/p>\n<div id=\"attachment_57001\" style=\"width: 732px\" class=\"wp-caption aligncenter\"><a href=\"https:\/\/www.uv.mx\/prensa\/files\/2018\/10\/261018-CLAUSURA-JAZZ-1.jpg\"><img aria-describedby=\"caption-attachment-57001\" decoding=\"async\" loading=\"lazy\" class=\"size-full wp-image-57001\" src=\"https:\/\/www.uv.mx\/prensa\/files\/2018\/10\/261018-CLAUSURA-JAZZ-1.jpg\" alt=\"\" width=\"722\" height=\"481\" srcset=\"https:\/\/www.uv.mx\/prensa\/files\/2018\/10\/261018-CLAUSURA-JAZZ-1.jpg 722w, https:\/\/www.uv.mx\/prensa\/files\/2018\/10\/261018-CLAUSURA-JAZZ-1-300x200.jpg 300w\" sizes=\"(max-width: 722px) 100vw, 722px\" \/><\/a><p id=\"caption-attachment-57001\" class=\"wp-caption-text\">El Congreso de Educaci\u00f3n en el Jazz fue clausurado con la presentaci\u00f3n del grupo Jazz House Collective<\/p><\/div>\n<p>&nbsp;<\/p>\n<p><b><i>Claudia Peralta V\u00e1zquez<\/i><\/b><\/p>\n<p><b><i>26<\/i><\/b><b><i>\/<\/i><\/b><b><i>10<\/i><\/b><b><i>\/<\/i><\/b><b><i>18, Xalapa, Ver.-<\/i><\/b> M\u00e1s de 300 m\u00fasicos comprometidos con profesionalizar su labor participaron en el Congreso de Educaci\u00f3n en el Jazz \u201cDimensiones y retos en Am\u00e9rica Latina\u201d, que la noche del jueves 25 de octubre concluy\u00f3 con un concierto a cargo del Ensamble Jazz House Collective.<\/p>\n<p>Magdalena Hern\u00e1ndez Alarc\u00f3n, secretaria Acad\u00e9mica de la Universidad Veracruzana (UV), acompa\u00f1ada por Deyanira Guzm\u00e1n Moreno, representante del \u00c1rea Acad\u00e9mica de Artes, clausur\u00f3 las actividades del evento realizado del 22 al 25 de octubre por el <a href=\"https:\/\/www.uv.mx\/jazzuv\">Centro de Estudios de Jazz<\/a> de la Universidad Veracruzana (<i>Jazzuv<\/i>).<\/p>\n<p>Rafael Alcal\u00e1 Hinojosa, coordinador de este organismo, resalt\u00f3 que durante estos cuatro d\u00edas m\u00e1s de 30 instituciones nacionales e internacionales participaron en las casi 100 actividades relacionadas con este g\u00e9nero.<\/p>\n<p>En el Teatro \u201cJ.J. Herrera\u201d, agradeci\u00f3 a las autoridades universitarias, municipales y a voluntarios por su apoyo para garantizar el desarrollo de este congreso, donde qued\u00f3 claro que los docentes tienen la gran responsabilidad de reaprender a c\u00f3mo utilizar el jazz para influir e inspirar a los estudiantes.<\/p>\n<p>\u201cUstedes, los estudiantes, son el eje central de todas nuestras actividades\u201d, expres\u00f3 el pianista, productor y arreglista.<\/p>\n<p>Ante un nutrido p\u00fablico conformado en su totalidad por jazzistas, subray\u00f3 que a\u00fan hay mucho camino por recorrer, ya que a partir de este evento se pudo visualizar que existe un panorama extenso y que el jazz en Latinoam\u00e9rica seguir\u00e1 manifest\u00e1ndose a trav\u00e9s de muchas expresiones art\u00edsticas.<\/p>\n<p>\u201cA trav\u00e9s de la educaci\u00f3n en el jazz, todos y cada uno de nosotros podemos aportar un granito de arena en el entorno en que vivimos para poder cambiar al mundo\u201d, afirm\u00f3.<\/p>\n<p>Tras la clausura, correspondi\u00f3 a los nueve integrantes del Ensamble Jazz House Collective deleitar a los asistentes con su m\u00fasica inspirada en la identidad mexicana.<\/p>\n","protected":false},"excerpt":{"rendered":"<p>El evento se realiz\u00f3 del 22 al 25 de octubre y fue organizado por el Centro de Estudios de Jazz de la Universidad Veracruzana<\/p>\n","protected":false},"author":1508,"featured_media":57001,"comment_status":"closed","ping_status":"closed","sticky":false,"template":"","format":"standard","meta":[],"categories":[11],"tags":[],"_links":{"self":[{"href":"https:\/\/www.uv.mx\/prensa\/wp-json\/wp\/v2\/posts\/57011"}],"collection":[{"href":"https:\/\/www.uv.mx\/prensa\/wp-json\/wp\/v2\/posts"}],"about":[{"href":"https:\/\/www.uv.mx\/prensa\/wp-json\/wp\/v2\/types\/post"}],"author":[{"embeddable":true,"href":"https:\/\/www.uv.mx\/prensa\/wp-json\/wp\/v2\/users\/1508"}],"replies":[{"embeddable":true,"href":"https:\/\/www.uv.mx\/prensa\/wp-json\/wp\/v2\/comments?post=57011"}],"version-history":[{"count":1,"href":"https:\/\/www.uv.mx\/prensa\/wp-json\/wp\/v2\/posts\/57011\/revisions"}],"predecessor-version":[{"id":104545,"href":"https:\/\/www.uv.mx\/prensa\/wp-json\/wp\/v2\/posts\/57011\/revisions\/104545"}],"wp:featuredmedia":[{"embeddable":true,"href":"https:\/\/www.uv.mx\/prensa\/wp-json\/wp\/v2\/media\/57001"}],"wp:attachment":[{"href":"https:\/\/www.uv.mx\/prensa\/wp-json\/wp\/v2\/media?parent=57011"}],"wp:term":[{"taxonomy":"category","embeddable":true,"href":"https:\/\/www.uv.mx\/prensa\/wp-json\/wp\/v2\/categories?post=57011"},{"taxonomy":"post_tag","embeddable":true,"href":"https:\/\/www.uv.mx\/prensa\/wp-json\/wp\/v2\/tags?post=57011"}],"curies":[{"name":"wp","href":"https:\/\/api.w.org\/{rel}","templated":true}]}}