{"id":57057,"date":"2018-10-26T19:14:53","date_gmt":"2018-10-27T00:14:53","guid":{"rendered":"https:\/\/www.uv.mx\/prensa\/?p=57057"},"modified":"2018-10-29T11:34:38","modified_gmt":"2018-10-29T17:34:38","slug":"ciencia-administrativa-escaparate-de-opciones-para-la-investigacion","status":"publish","type":"post","link":"https:\/\/www.uv.mx\/prensa\/general\/ciencia-administrativa-escaparate-de-opciones-para-la-investigacion\/","title":{"rendered":"<em>Ciencia administrativa<\/em>, escaparate de opciones para la investigaci\u00f3n"},"content":{"rendered":"<ul>\n<li><i>La r<\/i><i>evista especializada en <\/i><i>el \u00e1rea econ\u00f3mico-administrativa<\/i><i> ha sido reconocida <\/i><i>por EBSCO, <\/i><i>importante \u00edndex internacional<\/i><\/li>\n<\/ul>\n<p>&nbsp;<\/p>\n<div id=\"attachment_57036\" style=\"width: 732px\" class=\"wp-caption aligncenter\"><a href=\"https:\/\/www.uv.mx\/prensa\/files\/2018\/10\/261018-Revista-Ciencia-Administrativa.jpg\"><img aria-describedby=\"caption-attachment-57036\" decoding=\"async\" loading=\"lazy\" class=\"size-full wp-image-57036\" src=\"https:\/\/www.uv.mx\/prensa\/files\/2018\/10\/261018-Revista-Ciencia-Administrativa.jpg\" alt=\"\" width=\"722\" height=\"607\" srcset=\"https:\/\/www.uv.mx\/prensa\/files\/2018\/10\/261018-Revista-Ciencia-Administrativa.jpg 722w, https:\/\/www.uv.mx\/prensa\/files\/2018\/10\/261018-Revista-Ciencia-Administrativa-300x252.jpg 300w\" sizes=\"(max-width: 722px) 100vw, 722px\" \/><\/a><p id=\"caption-attachment-57036\" class=\"wp-caption-text\">Marisa P\u00e9rez Tirado y \u00d3scar Gonz\u00e1lez Mu\u00f1oz, responsables de edici\u00f3n de la revista Ciencia administrativa<\/p><\/div>\n<p>&nbsp;<\/p>\n<p>&nbsp;<\/p>\n<p><b><i>Jorge V\u00e1zquez Pacheco<\/i><\/b><\/p>\n<p><b><i>26\/10\/18, <\/i><\/b><b><i>Xalapa, Ver.-<\/i><\/b> <i>Ciencia administrativa<\/i>, revista que publica trabajos acad\u00e9micos sobre temas del \u00e1rea econ\u00f3mico-administrativa y de autores nacionales y extranjeros, ha sido incluida en el \u00edndex de EBSCO, una base de datos de alcance mundial que aglutina las revistas acad\u00e9micas m\u00e1s importantes de universidades e institutos de educaci\u00f3n superior.<\/p>\n<p>Editada por la Universidad Veracruzana, a trav\u00e9s del <a href=\"https:\/\/www.uv.mx\/iiesca\/\">Instituto de Investigaciones y Estudios Superiores de las Ciencias Administrativas<\/a> (IIESCA), su incorporaci\u00f3n a EBSCO genera una oportunidad para que los investigadores contribuyan de mejor forma al reconocimiento de las ciencias administrativas y afines, indicaron Marisa P\u00e9rez Tirado y \u00d3scar Gonz\u00e1lez Mu\u00f1oz, responsables de edici\u00f3n electr\u00f3nica y coordinador-editor, respectivamente.<\/p>\n<p>Gonz\u00e1lez Mu\u00f1oz, egresado de la UV y miembro del Sistema Nacional de Investigadores, coment\u00f3 que <i>Ciencia administrativa<\/i> conoci\u00f3 su edici\u00f3n inicial en 1976, casi al mismo tiempo que la fundaci\u00f3n del IIESCA, y aunque con algunas pausas involuntarias se ha publicado desde 42 a\u00f1os atr\u00e1s.<\/p>\n<p>\u201cNuestro medio ha transitado por el avance y progresividad de las ciencias administrativas, ha sido capaz de aglutinar t\u00f3picos y reconocimientos de nuevas l\u00edneas y \u00e1reas de investigaci\u00f3n, se mantiene actualizado en cuanto a las ciencias afines, lo que le ha permitido ser un importante medio de comunicaci\u00f3n entre estudiosos e interesados.\u201d<\/p>\n<p>Por su parte, Marisa P\u00e9rez, egresada de la Facultad de Ciencias Administrativas y Sociales de la UV, se\u00f1al\u00f3 que el paso de edici\u00f3n impresa a digital establece una nueva etapa en el historial. \u201cNo llegaba a suficientes investigadores o interesados y no hab\u00eda facilidad para difusi\u00f3n de contenidos. Internet hace que el acceso sea m\u00e1s f\u00e1cil; aporta nuevas condiciones para desarrollo y promoci\u00f3n, y permite fortalecer la investigaci\u00f3n no s\u00f3lo de la UV sino tambi\u00e9n de instituciones de ocho pa\u00edses hispanohablantes\u201d.<\/p>\n<p>En el mismo contexto, remarc\u00f3: \u201cTenemos presencia en medios hispanohablantes y somos frecuentemente citados en publicaciones extranjeras, anglosajonas y franc\u00f3fonas\u201d.<\/p>\n<p>El reconocimiento de EBSCO es un paso trascendental porque se dio despu\u00e9s de una auscultaci\u00f3n rigurosa y exhaustiva. Hoy los responsables de la revista se encuentran a la b\u00fasqueda del reconocimiento por parte del Consejo Nacional de Ciencia y Tecnolog\u00eda (<i>Conacyt<\/i>), aunque ha sido incluida ya en otros seis \u00edndex internacionales.<\/p>\n<p>La importancia de nuestra revista se mide desde la necesaria difusi\u00f3n de los trabajos que registran el comportamiento de organizaciones p\u00fablicas, privadas y no lucrativas. As\u00ed, el resultado es que quedar\u00e1 plasmado el trabajo de los acad\u00e9micos que analizan evoluci\u00f3n y funcionamiento actual de empresas, las nuevas herramientas, los problemas y soluciones, acciones para crecer y sobrevivir en un medio social y comercial que suele ser muy hostil.<\/p>\n<p>En este escaparate de opciones interdisciplinarias y multidisciplinarias, se busca contribuir al desarrollo de las organizaciones y el futuro de la revista se apoya en el reconocimiento de metas novedosas, as\u00ed como el logro de que nuevos investigadores la reconozcan como como oportunidad.<\/p>\n<p>Abierta a acad\u00e9micos y estudiantes de licenciatura y posgrado, las ediciones pueden consultarse en la p\u00e1gina <i>web<\/i>: <a href=\"https:\/\/www.uv.mx\/iiesca\/\">https:\/\/www.uv.mx\/iiesca\/<\/a>.<\/p>\n","protected":false},"excerpt":{"rendered":"<p>La revista especializada, editada por el Instituto de Investigaciones y Estudios Superiores de las Ciencias Administrativas, ha sido reconocida por EBSCO, importante \u00edndex internacional <\/p>\n","protected":false},"author":1869,"featured_media":57036,"comment_status":"closed","ping_status":"closed","sticky":false,"template":"","format":"standard","meta":[],"categories":[1],"tags":[],"_links":{"self":[{"href":"https:\/\/www.uv.mx\/prensa\/wp-json\/wp\/v2\/posts\/57057"}],"collection":[{"href":"https:\/\/www.uv.mx\/prensa\/wp-json\/wp\/v2\/posts"}],"about":[{"href":"https:\/\/www.uv.mx\/prensa\/wp-json\/wp\/v2\/types\/post"}],"author":[{"embeddable":true,"href":"https:\/\/www.uv.mx\/prensa\/wp-json\/wp\/v2\/users\/1869"}],"replies":[{"embeddable":true,"href":"https:\/\/www.uv.mx\/prensa\/wp-json\/wp\/v2\/comments?post=57057"}],"version-history":[{"count":0,"href":"https:\/\/www.uv.mx\/prensa\/wp-json\/wp\/v2\/posts\/57057\/revisions"}],"wp:featuredmedia":[{"embeddable":true,"href":"https:\/\/www.uv.mx\/prensa\/wp-json\/wp\/v2\/media\/57036"}],"wp:attachment":[{"href":"https:\/\/www.uv.mx\/prensa\/wp-json\/wp\/v2\/media?parent=57057"}],"wp:term":[{"taxonomy":"category","embeddable":true,"href":"https:\/\/www.uv.mx\/prensa\/wp-json\/wp\/v2\/categories?post=57057"},{"taxonomy":"post_tag","embeddable":true,"href":"https:\/\/www.uv.mx\/prensa\/wp-json\/wp\/v2\/tags?post=57057"}],"curies":[{"name":"wp","href":"https:\/\/api.w.org\/{rel}","templated":true}]}}