{"id":57841,"date":"2018-11-11T09:00:11","date_gmt":"2018-11-11T15:00:11","guid":{"rendered":"https:\/\/www.uv.mx\/prensa\/?p=57841"},"modified":"2018-11-09T17:29:49","modified_gmt":"2018-11-09T23:29:49","slug":"jatziri-gallegos-realizara-taller-sobre-improvisacion","status":"publish","type":"post","link":"https:\/\/www.uv.mx\/prensa\/general\/jatziri-gallegos-realizara-taller-sobre-improvisacion\/","title":{"rendered":"Jatziri Gallegos realizar\u00e1 taller sobre improvisaci\u00f3n"},"content":{"rendered":"<ul>\n<li><i>L<\/i><i>a <\/i><i>intenci\u00f3n<\/i> <i>de la <\/i><i>cantante y acad\u00e9mica del <\/i>Jazzuv <i>es extraer elementos arm\u00f3nicos, mel\u00f3dicos y r\u00edtmicos de <\/i><i>las <\/i><i>m\u00fasicas tradicionales<\/i><i> mexicanas<\/i><\/li>\n<li><i>La p<\/i><i>ropuesta<\/i><i> fue reconocida <\/i><i>y ser\u00e1 apoyada <\/i><i>por el <\/i>Fonca<\/li>\n<\/ul>\n<p>&nbsp;<\/p>\n<div id=\"attachment_57724\" style=\"width: 732px\" class=\"wp-caption aligncenter\"><a href=\"https:\/\/www.uv.mx\/prensa\/files\/2018\/11\/071118-Jatziri-Gallegos.jpg\"><img aria-describedby=\"caption-attachment-57724\" decoding=\"async\" loading=\"lazy\" class=\"wp-image-57724 size-full\" src=\"https:\/\/www.uv.mx\/prensa\/files\/2018\/11\/071118-Jatziri-Gallegos.jpg\" alt=\"\" width=\"722\" height=\"481\" srcset=\"https:\/\/www.uv.mx\/prensa\/files\/2018\/11\/071118-Jatziri-Gallegos.jpg 722w, https:\/\/www.uv.mx\/prensa\/files\/2018\/11\/071118-Jatziri-Gallegos-300x200.jpg 300w\" sizes=\"(max-width: 722px) 100vw, 722px\" \/><\/a><p id=\"caption-attachment-57724\" class=\"wp-caption-text\">Una de las aportaciones de su proyecto es crear conciencia de la falta de conocimiento sobre las m\u00fasicas tradicionales mexicanas<\/p><\/div>\n<p>&nbsp;<\/p>\n<p><b><i>Karina de la Paz Reyes D\u00edaz<\/i><\/b><span>\u00a0<\/span><\/p>\n<p><b><i>11\/11\/18, Xalapa, Ver.-<\/i><\/b> Con apoyo del Programa de Creadores Esc\u00e9nicos del Fondo Nacional para la Cultura y las Artes (<i>Fonca<\/i>) de la Secretar\u00eda de Cultura, la cantante y acad\u00e9mica del Centro de Estudios de Jazz de la Universidad Veracruzana (<i>Jazzuv<\/i>), Jatziri Gallegos Mu\u00f1oz, desarrollar\u00e1 un taller sobre improvisaci\u00f3n, cuya finalidad es acercarse a las m\u00fasicas tradicionales del pa\u00eds.<span>\u00a0<\/span><\/p>\n<p>\u201cMi proyecto no es para hacer un trabajo personal de ejecuci\u00f3n, se trata de realizar un taller sobre improvisaci\u00f3n de jazz, donde lo que queremos es indagar, investigar y extraer todos los elementos arm\u00f3nicos, mel\u00f3dicos y r\u00edtmicos de algunas de nuestras m\u00fasicas tradicionales.<span>\u00a0<\/span><\/p>\n<p>\u201dLa intenci\u00f3n no es hacer una fusi\u00f3n de jazz para las m\u00fasicas mexicanas, sino todo lo contrario, hacer esta exploraci\u00f3n que en su momento \u2013hace muchos a\u00f1os\u2013 se hizo en Estados Unidos (EEUU) con las m\u00fasicas tradicionales de all\u00e1, empezando desde toda la m\u00fasica africana occidental que lleg\u00f3 por la migraci\u00f3n de esclavos.\u201d<span>\u00a0<\/span><\/p>\n<p>Si bien en M\u00e9xico existe una vasta riqueza en lo que a m\u00fasicas tradicionales se refiere, es poco conocida y en algunos casos ni siquiera los estudiantes y maestros del \u00e1mbito acad\u00e9mico; por ello, la intenci\u00f3n de Jatziri Gallegos es indagarlas y extraer todos los componentes que les puedan servir para una improvisaci\u00f3n.<span>\u00a0<\/span><\/p>\n<p>La acad\u00e9mica mencion\u00f3 que, en su momento, en EEUU se realiz\u00f3 un <i>Real Book<\/i> \u201cilegal completamente\u201d, con todo el repertorio del <i>a<\/i><i>merican<\/i> <i>s<\/i><i>ongbook<\/i>, y con este proyecto que ser\u00e1 apoyado por el <i>Fonca<\/i>, a trav\u00e9s del Programa de Creadores Esc\u00e9nicos Categor\u00eda \u201cCreador Esc\u00e9nico A\u201d, pretende algo similar: lograr un cancionero o repertorio mexicano.<span>\u00a0<\/span><\/p>\n<p>\u201cObviamente, en un a\u00f1o no puedes indagarlo todo, pero es el inicio de decir: \u2018\u00bfCu\u00e1les son las caracter\u00edsticas r\u00edtmicas de tales m\u00fasicas?, \u00bfcu\u00e1les son las caracter\u00edsticas mel\u00f3dicas?, \u00bfcu\u00e1les las repeticiones o patrones mel\u00f3dicos, r\u00edtmicos, arm\u00f3nicos de tantas m\u00fasicas que son parte de la identidad de M\u00e9xico y que hasta cierto punto han sido muy segregadas y reprimidas?, para ver qu\u00e9 podemos extraer de eso y empezar a generar material.\u201d<span>\u00a0<\/span><\/p>\n<p>En todo momento la entrevistada remarc\u00f3 que la intenci\u00f3n no es mezclar tales m\u00fasicas con el jazz, no obstante ser\u00e1n evitables las comparaciones, identificar aspectos en los que se parecen y en los que son totalmente diferentes.<span>\u00a0<\/span><\/p>\n<p>Este taller se desarrollar\u00e1 en el transcurso de 2019, concretamente ser\u00e1n dos sesiones mensuales durante 10 meses. Algunas de las m\u00fasicas mexicanas con las que tentativamente trabajar\u00e1n ser\u00e1n el son jarocho y el istme\u00f1o, el bolero, la ranchera y norte\u00f1a, quiz\u00e1 rock mexicano; por ello, aprovech\u00f3 para plantear una primera invitaci\u00f3n a los m\u00fasicos involucrados en tales expresiones, aunque posteriormente circular\u00e1 la convocatoria de manera formal.<span>\u00a0<\/span><\/p>\n<p>El taller lo podr\u00e1 tomar cualquier m\u00fasico y lo significativo de la propuesta es la improvisaci\u00f3n, que en el jazz es uno de los componentes m\u00e1s importantes; \u201ces como decir: vamos a ampliar nuestro lenguaje para improvisar, con elementos de otras m\u00fasicas que no son necesariamente las de EEUU, que ya conocen, al menos los alumnos del Jazzuv<i>\u201d<\/i>.<span>\u00a0<\/span><\/p>\n<p>Para ella, esta propuesta puede ser vista como un trabajo cuya finalidad es expandirse, pero tambi\u00e9n explorar, y que quienes participen se interesen en los patrones de las m\u00fasicas tradicionales mexicanas que se analizar\u00e1n, incluso que los integren en sus lenguajes.<span>\u00a0<\/span><\/p>\n<p>Como conclusi\u00f3n, remarc\u00f3 las aportaciones de esta propuesta: crear conciencia de la falta de conocimiento sobre las m\u00fasicas tradicionales de M\u00e9xico, cu\u00e1les son y de qu\u00e9 se tratan, expandir un leguaje como m\u00fasicos improvisadores con otros patrones.<span>\u00a0<\/span><\/p>\n<p>La sede de este taller ser\u00e1 el <i>Jazzuv<\/i>, ubicado en \u00darsulo Galv\u00e1n n\u00famero 30, en el Centro Hist\u00f3rico de la ciudad, y la convocatoria oficial circular\u00e1 a principios de 2019 para iniciar los trabajos en marzo.<\/p>\n","protected":false},"excerpt":{"rendered":"<p>El proyecto de la cantante y acad\u00e9mica del Centro de Estudios de Jazz de la UV tiene la finalidad de acercarse a las m\u00fasicas tradicionales del pa\u00eds; la iniciativa cuenta con apoyo del Programa de Creadores Esc\u00e9nicos del Fondo Nacional para la Cultura y las Artes<\/p>\n","protected":false},"author":1508,"featured_media":57860,"comment_status":"closed","ping_status":"closed","sticky":false,"template":"","format":"standard","meta":[],"categories":[1],"tags":[],"_links":{"self":[{"href":"https:\/\/www.uv.mx\/prensa\/wp-json\/wp\/v2\/posts\/57841"}],"collection":[{"href":"https:\/\/www.uv.mx\/prensa\/wp-json\/wp\/v2\/posts"}],"about":[{"href":"https:\/\/www.uv.mx\/prensa\/wp-json\/wp\/v2\/types\/post"}],"author":[{"embeddable":true,"href":"https:\/\/www.uv.mx\/prensa\/wp-json\/wp\/v2\/users\/1508"}],"replies":[{"embeddable":true,"href":"https:\/\/www.uv.mx\/prensa\/wp-json\/wp\/v2\/comments?post=57841"}],"version-history":[{"count":0,"href":"https:\/\/www.uv.mx\/prensa\/wp-json\/wp\/v2\/posts\/57841\/revisions"}],"wp:featuredmedia":[{"embeddable":true,"href":"https:\/\/www.uv.mx\/prensa\/wp-json\/wp\/v2\/media\/57860"}],"wp:attachment":[{"href":"https:\/\/www.uv.mx\/prensa\/wp-json\/wp\/v2\/media?parent=57841"}],"wp:term":[{"taxonomy":"category","embeddable":true,"href":"https:\/\/www.uv.mx\/prensa\/wp-json\/wp\/v2\/categories?post=57841"},{"taxonomy":"post_tag","embeddable":true,"href":"https:\/\/www.uv.mx\/prensa\/wp-json\/wp\/v2\/tags?post=57841"}],"curies":[{"name":"wp","href":"https:\/\/api.w.org\/{rel}","templated":true}]}}