{"id":57864,"date":"2018-11-11T09:00:46","date_gmt":"2018-11-11T15:00:46","guid":{"rendered":"https:\/\/www.uv.mx\/prensa\/?p=57864"},"modified":"2018-11-12T19:45:10","modified_gmt":"2018-11-13T01:45:10","slug":"la-tragica-de-mahler","status":"publish","type":"post","link":"https:\/\/www.uv.mx\/prensa\/cultura\/la-tragica-de-mahler\/","title":{"rendered":"\u201cLa tr\u00e1gica\u201d de Mahler"},"content":{"rendered":"<ul>\n<li><i>La <\/i>Sinfon\u00eda No. 6\u00a0<i>es <\/i><i>una obra autobiogr\u00e1fica sobre el dolor y la crueldad personales<\/i><\/li>\n<\/ul>\n<p>&nbsp;<\/p>\n<div id=\"attachment_57863\" style=\"width: 510px\" class=\"wp-caption aligncenter\"><a href=\"https:\/\/www.uv.mx\/prensa\/files\/2018\/11\/mahler.jpg\"><img aria-describedby=\"caption-attachment-57863\" decoding=\"async\" loading=\"lazy\" class=\"size-full wp-image-57863\" src=\"https:\/\/www.uv.mx\/prensa\/files\/2018\/11\/mahler.jpg\" alt=\"\" width=\"500\" height=\"548\" srcset=\"https:\/\/www.uv.mx\/prensa\/files\/2018\/11\/mahler.jpg 500w, https:\/\/www.uv.mx\/prensa\/files\/2018\/11\/mahler-274x300.jpg 274w\" sizes=\"(max-width: 500px) 100vw, 500px\" \/><\/a><p id=\"caption-attachment-57863\" class=\"wp-caption-text\">El compositor se consider\u00f3 a s\u00ed mismo \u201ctres veces extranjero: un bohemio entre austriacos, un austriaco entre alemanes y un jud\u00edo ante el mundo\u201d<\/p><\/div>\n<p>&nbsp;<\/p>\n<p><b><i>Jos\u00e9 Antonio Gaar y Diana Elisa Flores<\/i><\/b><\/p>\n<p><b><i>11<\/i><\/b><b><i>\/11\/18, Xalapa, Ver.-<\/i><\/b> Nadie puede negar que Gustav Mahler (1860-1911) tuviera un protagonismo absoluto en la Viena finisecular. Una vez instalado en el pa\u00eds, y tras los hostigamientos de la comitiva antisemita, Mahler declar\u00f3: \u201cSoy tres veces extranjero: un bohemio entre austriacos, un austriaco entre alemanes y un jud\u00edo ante el mundo\u201d.<\/p>\n<p>En 1898, Alma Schindler qued\u00f3 cautivada tras escuchar la <i>Heroica<\/i> de Beethoven, interpretada por la Filarm\u00f3nica de Viena bajo la direcci\u00f3n de Gustav Mahler. Aquel acontecimiento le parecer\u00eda tan extraordinario, que encontraba a Mahler como \u201cun director incre\u00edble y fascinante\u201d, lo que le provoc\u00f3 gran inquietud por conocerlo.<\/p>\n<p>Tres a\u00f1os despu\u00e9s se convertir\u00eda en Alma Mahler, mismo a\u00f1o en que Gustav estren\u00f3 la <i>Sinfon\u00eda No. 5<\/i>. La historia del azar muestra que Arnold Sch\u00f6nberg fue uno de los pocos que apreci\u00f3, desde el inicio, la obra del bohemio; sin embargo, la <i>Sinfon\u00eda No. 6<\/i> en La menor le pareci\u00f3 una revelaci\u00f3n. Sch\u00f6nberg encontr\u00f3 a su maestro, y subray\u00f3, m\u00e1s que otra cosa, el uso de la celesta y el xil\u00f3fono como una armon\u00eda filos\u00f3fica. Mahler, por su parte, siempre dijo que no estaba a favor de alguna moda, sino que sus composiciones respond\u00edan exclusivamente a sus sentimientos m\u00e1s profundos.<\/p>\n<p>&nbsp;<\/p>\n<div id=\"attachment_57888\" style=\"width: 732px\" class=\"wp-caption aligncenter\"><a href=\"https:\/\/www.uv.mx\/prensa\/files\/2018\/11\/PUV_1325.jpg\"><img aria-describedby=\"caption-attachment-57888\" decoding=\"async\" loading=\"lazy\" class=\"wp-image-57888 size-full\" src=\"https:\/\/www.uv.mx\/prensa\/files\/2018\/11\/PUV_1325.jpg\" alt=\"\" width=\"722\" height=\"481\" srcset=\"https:\/\/www.uv.mx\/prensa\/files\/2018\/11\/PUV_1325.jpg 722w, https:\/\/www.uv.mx\/prensa\/files\/2018\/11\/PUV_1325-300x200.jpg 300w\" sizes=\"(max-width: 722px) 100vw, 722px\" \/><\/a><p id=\"caption-attachment-57888\" class=\"wp-caption-text\">La Orquesta Sinf\u00f3nica de Xalapa interpret\u00f3 esta singular obra, en doble funci\u00f3n, los d\u00edas 9 y 10 de noviembre<\/p><\/div>\n<p>&nbsp;<\/p>\n<p>Y quiz\u00e1 sea \u00e9sta, con on\u00edricos paisajes sonoros, la m\u00e1s coherente, an\u00edmicamente hablando, de sus obras: la <i>Sinfon\u00eda No. 6<\/i> es la composici\u00f3n m\u00e1s surrealista, imaginativa y perturbadora de todas sus piezas. Compuesta entre 1903 y 1906 \u2013terminada en 1904, pero revisada hasta la saciedad\u2013, la sexta de Mahler tuvo como fecha de estreno el 27 de mayo de 1906 durante el Festival del Club de M\u00fasica General Alemana, bajo la direcci\u00f3n del propio compositor.<\/p>\n<p>Con respecto a la Sexta Sinfon\u00eda de Mahler, Alma escribi\u00f3: \u201cEn el tercer movimiento represent\u00f3 los arr\u00edtmicos juegos de dos ni\u00f1os, tambale\u00e1ndose en zigzag sobre la arena. Ominosamente, las voces infantiles se hacen cada vez m\u00e1s tr\u00e1gicas, y se extinguen en un gemido\u201d.<\/p>\n<p>Aunque la pieza goz\u00f3 de una buena recepci\u00f3n ante el p\u00fablico, no tuvo el mismo \u00e9xito entre los cr\u00edticos; sin embargo, pareciera que la sinfon\u00eda presagia el destino hostil del compositor; aunque el nombre de \u201cla tr\u00e1gica\u201d no es oficial, es mejor conocida por aquel t\u00edtulo ya que, tanto Gustav como Alma, compararon los tres martillazos del destino \u2013simbolizados con un mazo en el \u00faltimo movimiento\u2013 como la antesala de sus tres momentos f\u00fanebres: la salida de la \u00d3pera de Viena, la muerte de su hija mayor y la aparici\u00f3n de la enfermedad que acabar\u00eda con la vida del compositor en 1911.<\/p>\n<p>Como resultado, nos encontramos con la biograf\u00eda de aquel compositor que se ha mirado como un gran hombre derrotado, como alguien que desciende a la \u201cnoche\u201d de los muertos, con absoluta tranquilidad, s\u00ed, pero sin frenos.<\/p>\n<p>Este singular concierto lo pudimos disfrutar este fin de semana, gracias a la Orquesta Sinf\u00f3nica de Xalapa, (OSX)que lo present\u00f3 las noches del viernes 9 y s\u00e1bado 10 de noviembre.<\/p>\n<p>&nbsp;<\/p>\n<div id='gallery-1' class='gallery galleryid-57864 gallery-columns-3 gallery-size-full'><dl class='gallery-item'>\n\t\t\t<dt class='gallery-icon landscape'>\n\t\t\t\t<a href='https:\/\/www.uv.mx\/prensa\/files\/2018\/11\/PUV_1337.jpg'><img width=\"722\" height=\"481\" src=\"https:\/\/www.uv.mx\/prensa\/files\/2018\/11\/PUV_1337.jpg\" class=\"attachment-full size-full\" alt=\"\" decoding=\"async\" loading=\"lazy\" aria-describedby=\"gallery-1-57890\" srcset=\"https:\/\/www.uv.mx\/prensa\/files\/2018\/11\/PUV_1337.jpg 722w, https:\/\/www.uv.mx\/prensa\/files\/2018\/11\/PUV_1337-300x200.jpg 300w\" sizes=\"(max-width: 722px) 100vw, 722px\" \/><\/a>\n\t\t\t<\/dt>\n\t\t\t\t<dd class='wp-caption-text gallery-caption' id='gallery-1-57890'>\n\t\t\t\tLanfranco Marcelletti dirigi\u00f3 a la OSX\n\t\t\t\t<\/dd><\/dl><dl class='gallery-item'>\n\t\t\t<dt class='gallery-icon landscape'>\n\t\t\t\t<a href='https:\/\/www.uv.mx\/prensa\/files\/2018\/11\/DSC_1248.jpg'><img width=\"722\" height=\"481\" src=\"https:\/\/www.uv.mx\/prensa\/files\/2018\/11\/DSC_1248.jpg\" class=\"attachment-full size-full\" alt=\"\" decoding=\"async\" loading=\"lazy\" aria-describedby=\"gallery-1-57884\" srcset=\"https:\/\/www.uv.mx\/prensa\/files\/2018\/11\/DSC_1248.jpg 722w, https:\/\/www.uv.mx\/prensa\/files\/2018\/11\/DSC_1248-300x200.jpg 300w\" sizes=\"(max-width: 722px) 100vw, 722px\" \/><\/a>\n\t\t\t<\/dt>\n\t\t\t\t<dd class='wp-caption-text gallery-caption' id='gallery-1-57884'>\n\t\t\t\tEl p\u00fablico disfrut\u00f3 de la presentaci\u00f3n\n\t\t\t\t<\/dd><\/dl><dl class='gallery-item'>\n\t\t\t<dt class='gallery-icon landscape'>\n\t\t\t\t<a href='https:\/\/www.uv.mx\/prensa\/files\/2018\/11\/PUV_1307.jpg'><img width=\"722\" height=\"481\" src=\"https:\/\/www.uv.mx\/prensa\/files\/2018\/11\/PUV_1307.jpg\" class=\"attachment-full size-full\" alt=\"\" decoding=\"async\" loading=\"lazy\" aria-describedby=\"gallery-1-57887\" srcset=\"https:\/\/www.uv.mx\/prensa\/files\/2018\/11\/PUV_1307.jpg 722w, https:\/\/www.uv.mx\/prensa\/files\/2018\/11\/PUV_1307-300x200.jpg 300w\" sizes=\"(max-width: 722px) 100vw, 722px\" \/><\/a>\n\t\t\t<\/dt>\n\t\t\t\t<dd class='wp-caption-text gallery-caption' id='gallery-1-57887'>\n\t\t\t\tAspecto de la audici\u00f3n\n\t\t\t\t<\/dd><\/dl><br style=\"clear: both\" \/>\n\t\t<\/div>\n\n","protected":false},"excerpt":{"rendered":"<p>La <em>Sinfon\u00eda No. 6<\/em> parece presagiar el destino hostil del compositor bohemio. Es una obra autobiogr\u00e1fica sobre el dolor y la crueldad<\/p>\n","protected":false},"author":1869,"featured_media":57863,"comment_status":"closed","ping_status":"closed","sticky":false,"template":"","format":"standard","meta":[],"categories":[50,11],"tags":[],"_links":{"self":[{"href":"https:\/\/www.uv.mx\/prensa\/wp-json\/wp\/v2\/posts\/57864"}],"collection":[{"href":"https:\/\/www.uv.mx\/prensa\/wp-json\/wp\/v2\/posts"}],"about":[{"href":"https:\/\/www.uv.mx\/prensa\/wp-json\/wp\/v2\/types\/post"}],"author":[{"embeddable":true,"href":"https:\/\/www.uv.mx\/prensa\/wp-json\/wp\/v2\/users\/1869"}],"replies":[{"embeddable":true,"href":"https:\/\/www.uv.mx\/prensa\/wp-json\/wp\/v2\/comments?post=57864"}],"version-history":[{"count":0,"href":"https:\/\/www.uv.mx\/prensa\/wp-json\/wp\/v2\/posts\/57864\/revisions"}],"wp:featuredmedia":[{"embeddable":true,"href":"https:\/\/www.uv.mx\/prensa\/wp-json\/wp\/v2\/media\/57863"}],"wp:attachment":[{"href":"https:\/\/www.uv.mx\/prensa\/wp-json\/wp\/v2\/media?parent=57864"}],"wp:term":[{"taxonomy":"category","embeddable":true,"href":"https:\/\/www.uv.mx\/prensa\/wp-json\/wp\/v2\/categories?post=57864"},{"taxonomy":"post_tag","embeddable":true,"href":"https:\/\/www.uv.mx\/prensa\/wp-json\/wp\/v2\/tags?post=57864"}],"curies":[{"name":"wp","href":"https:\/\/api.w.org\/{rel}","templated":true}]}}