{"id":57956,"date":"2018-11-12T18:54:31","date_gmt":"2018-11-13T00:54:31","guid":{"rendered":"https:\/\/www.uv.mx\/prensa\/?p=57956"},"modified":"2018-11-13T14:22:43","modified_gmt":"2018-11-13T20:22:43","slug":"uv-desvelo-mural-canto-a-poza-rica-de-teodoro-cano","status":"publish","type":"post","link":"https:\/\/www.uv.mx\/prensa\/regiones\/poza-rica\/uv-desvelo-mural-canto-a-poza-rica-de-teodoro-cano\/","title":{"rendered":"UV desvel\u00f3 mural <em>Canto a Poza Rica<\/em>, de Teodoro Cano"},"content":{"rendered":"<ul>\n<li><em>Fue recuperado y entregado a la instituci\u00f3n por el cronista de esta ciudad, Leonardo Zaleta Ju\u00e1rez<\/em><\/li>\n<li><em>La pieza en acr\u00edlico sobre tela, de 6.03 por 1.51 metros, fue ubicada a la entrada de la Sala de Videoconferencias de la USBI<\/em><\/li>\n<\/ul>\n<p>&nbsp;<\/p>\n<div id=\"attachment_57958\" style=\"width: 732px\" class=\"wp-caption aligncenter\"><a href=\"https:\/\/www.uv.mx\/prensa\/files\/2018\/11\/banner_foto1-2.jpg\"><img aria-describedby=\"caption-attachment-57958\" decoding=\"async\" loading=\"lazy\" class=\"size-full wp-image-57958\" src=\"https:\/\/www.uv.mx\/prensa\/files\/2018\/11\/banner_foto1-2.jpg\" alt=\"\" width=\"722\" height=\"482\" srcset=\"https:\/\/www.uv.mx\/prensa\/files\/2018\/11\/banner_foto1-2.jpg 722w, https:\/\/www.uv.mx\/prensa\/files\/2018\/11\/banner_foto1-2-300x200.jpg 300w\" sizes=\"(max-width: 722px) 100vw, 722px\" \/><\/a><p id=\"caption-attachment-57958\" class=\"wp-caption-text\">La obra qued\u00f3 situada en la entrada a las salas de videoconferencias de la USBI regional<\/p><\/div>\n<p>&nbsp;<\/p>\n<p><b><i>Edgar Onofre<\/i><\/b><\/p>\n<p><b><i>12\/<\/i><\/b><b><i>11\/18<\/i><\/b><b><i>,<\/i><\/b><b><i> Poza Rica de <\/i><\/b><b><i>Hgo<\/i><\/b><b><i>., Ver<\/i><\/b><b><i>.-<\/i><\/b> La rectora de la Universidad Veracruzana (UV), Sara Ladr\u00f3n de Guevara, desvel\u00f3 el mural <i>Canto a Poza Rica<\/i>, creado por el legendario artista veracruzano Teodoro Cano y recuperado y entregado a la instituci\u00f3n por el cronista de esta ciudad, Leonardo Zaleta Ju\u00e1rez.<\/p>\n<p>En una ceremonia previa a la sesi\u00f3n del Consejo Universitario Regional (CUR) en la que el vicerrector Jos\u00e9 Luis Alan\u00eds rindi\u00f3 su primer Informe de Actividades, la Rectora recibi\u00f3 la pieza realizada en acr\u00edlico sobre tela, con dimensiones de 6.03 por 1.51 metros, que fue ubicada a la entrada de la Sala de Videoconferencias de la Unidad de Servicios Bibliotecarios y de Informaci\u00f3n (USBI).<\/p>\n<p>Zaleta Ju\u00e1rez realiz\u00f3 una presentaci\u00f3n en la que ofreci\u00f3 disculpas por la demora en exponer la obra. Una demora de 20 a\u00f1os, seg\u00fan explic\u00f3, en la que el mural transit\u00f3 entre bodegas y oficinas, fue lastimado por fen\u00f3menos naturales y descuidos humanos y, tras el tiempo referido, pudo ser \u201centregado con regocijo para que el pueblo se mire como en un espejo\u201d, seg\u00fan sus palabras.<\/p>\n<p>&nbsp;<\/p>\n<div id=\"attachment_57960\" style=\"width: 732px\" class=\"wp-caption aligncenter\"><a href=\"https:\/\/www.uv.mx\/prensa\/files\/2018\/11\/foto2-2.jpg\"><img aria-describedby=\"caption-attachment-57960\" decoding=\"async\" loading=\"lazy\" class=\"size-full wp-image-57960\" src=\"https:\/\/www.uv.mx\/prensa\/files\/2018\/11\/foto2-2.jpg\" alt=\"\" width=\"722\" height=\"482\" srcset=\"https:\/\/www.uv.mx\/prensa\/files\/2018\/11\/foto2-2.jpg 722w, https:\/\/www.uv.mx\/prensa\/files\/2018\/11\/foto2-2-300x200.jpg 300w\" sizes=\"(max-width: 722px) 100vw, 722px\" \/><\/a><p id=\"caption-attachment-57960\" class=\"wp-caption-text\">El legendario artista Teodoro Cano, autor del mural<\/p><\/div>\n<p>&nbsp;<\/p>\n<p>En el texto de sala, firmado por el cronista de Poza Rica, se lee: \u201cLa acci\u00f3n solidaria y las aspiraciones de grandes propiciaron el nacimiento de una ciudad moderna y din\u00e1mica, las cruzadas por el trabajo y la justicia permitieron al pueblo alcanzar prosperidad y una vida digna\u201d.<\/p>\n<p>El desvelamiento de la obra estuvo encabezado por la rectora, Sara Ladr\u00f3n de Guevara; el artista Teodoro Cano; el cronista Leonardo Zaleta; el vicerrector de la regi\u00f3n, Jos\u00e9 Luis Alan\u00eds; y cont\u00f3 con la presencia de los secretarios universitarios Magdalena Hern\u00e1ndez Alarc\u00f3n, Salvador Tapia Spinoso y Octavio Ochoa Contreras; directivos regionales, invitados del sector privado y p\u00fablico y miembros de la Fundaci\u00f3n \u201cMiguel Alem\u00e1n\u201d, A.C., que tambi\u00e9n se dieron cita para la presentaci\u00f3n de la iconograf\u00eda regional.<\/p>\n<p>&nbsp;<\/p>\n<div id=\"attachment_57961\" style=\"width: 732px\" class=\"wp-caption aligncenter\"><a href=\"https:\/\/www.uv.mx\/prensa\/files\/2018\/11\/foto3-2.jpg\"><img aria-describedby=\"caption-attachment-57961\" decoding=\"async\" loading=\"lazy\" class=\"size-full wp-image-57961\" src=\"https:\/\/www.uv.mx\/prensa\/files\/2018\/11\/foto3-2.jpg\" alt=\"\" width=\"722\" height=\"481\" srcset=\"https:\/\/www.uv.mx\/prensa\/files\/2018\/11\/foto3-2.jpg 722w, https:\/\/www.uv.mx\/prensa\/files\/2018\/11\/foto3-2-300x200.jpg 300w\" sizes=\"(max-width: 722px) 100vw, 722px\" \/><\/a><p id=\"caption-attachment-57961\" class=\"wp-caption-text\">El cronista Leonardo Zaleta<\/p><\/div>\n","protected":false},"excerpt":{"rendered":"<p>Fue recuperado y entregado a la instituci\u00f3n por el cronista de esta ciudad, Leonardo Zaleta Ju\u00e1rez<\/p>\n","protected":false},"author":1508,"featured_media":57957,"comment_status":"closed","ping_status":"closed","sticky":false,"template":"","format":"standard","meta":[],"categories":[54,61],"tags":[],"_links":{"self":[{"href":"https:\/\/www.uv.mx\/prensa\/wp-json\/wp\/v2\/posts\/57956"}],"collection":[{"href":"https:\/\/www.uv.mx\/prensa\/wp-json\/wp\/v2\/posts"}],"about":[{"href":"https:\/\/www.uv.mx\/prensa\/wp-json\/wp\/v2\/types\/post"}],"author":[{"embeddable":true,"href":"https:\/\/www.uv.mx\/prensa\/wp-json\/wp\/v2\/users\/1508"}],"replies":[{"embeddable":true,"href":"https:\/\/www.uv.mx\/prensa\/wp-json\/wp\/v2\/comments?post=57956"}],"version-history":[{"count":0,"href":"https:\/\/www.uv.mx\/prensa\/wp-json\/wp\/v2\/posts\/57956\/revisions"}],"wp:featuredmedia":[{"embeddable":true,"href":"https:\/\/www.uv.mx\/prensa\/wp-json\/wp\/v2\/media\/57957"}],"wp:attachment":[{"href":"https:\/\/www.uv.mx\/prensa\/wp-json\/wp\/v2\/media?parent=57956"}],"wp:term":[{"taxonomy":"category","embeddable":true,"href":"https:\/\/www.uv.mx\/prensa\/wp-json\/wp\/v2\/categories?post=57956"},{"taxonomy":"post_tag","embeddable":true,"href":"https:\/\/www.uv.mx\/prensa\/wp-json\/wp\/v2\/tags?post=57956"}],"curies":[{"name":"wp","href":"https:\/\/api.w.org\/{rel}","templated":true}]}}