{"id":58038,"date":"2018-11-13T17:11:35","date_gmt":"2018-11-13T23:11:35","guid":{"rendered":"https:\/\/www.uv.mx\/prensa\/?p=58038"},"modified":"2018-11-14T12:28:59","modified_gmt":"2018-11-14T18:28:59","slug":"licenciaturas-en-artes-dan-prestigio-a-la-uv-caesa","status":"publish","type":"post","link":"https:\/\/www.uv.mx\/prensa\/entrevista\/licenciaturas-en-artes-dan-prestigio-a-la-uv-caesa\/","title":{"rendered":"Licenciaturas en Artes dan prestigio a la UV: CAESA"},"content":{"rendered":"<ul>\n<li><i>\u201cEl \u00c1rea <\/i><i>Acad\u00e9mica <\/i><i>de Artes de esta Universidad tiene mucho prestigio y tradici\u00f3n a nivel nacional\u201d: Mario Alberto M\u00e9ndez Ram\u00edrez<\/i><\/li>\n<\/ul>\n<p>&nbsp;<\/p>\n<div id=\"attachment_58039\" style=\"width: 732px\" class=\"wp-caption aligncenter\"><a href=\"https:\/\/www.uv.mx\/prensa\/files\/2018\/11\/081118-PAOLA-Entrevista-CAESA.jpg\"><img aria-describedby=\"caption-attachment-58039\" decoding=\"async\" loading=\"lazy\" class=\"size-full wp-image-58039\" src=\"https:\/\/www.uv.mx\/prensa\/files\/2018\/11\/081118-PAOLA-Entrevista-CAESA.jpg\" alt=\"\" width=\"722\" height=\"482\" srcset=\"https:\/\/www.uv.mx\/prensa\/files\/2018\/11\/081118-PAOLA-Entrevista-CAESA.jpg 722w, https:\/\/www.uv.mx\/prensa\/files\/2018\/11\/081118-PAOLA-Entrevista-CAESA-300x200.jpg 300w\" sizes=\"(max-width: 722px) 100vw, 722px\" \/><\/a><p id=\"caption-attachment-58039\" class=\"wp-caption-text\">Mario Alberto M\u00e9ndez Ram\u00edrez, presidente del CAESA<\/p><\/div>\n<p>&nbsp;<\/p>\n<p><b><i>Paola Cort\u00e9s P\u00e9rez<\/i><\/b><\/p>\n<p><b><i>13<\/i><\/b><b><i>\/11\/18, Xalapa, <\/i><\/b><b><i>Ver.-<\/i><\/b> Mario Alberto M\u00e9ndez Ram\u00edrez, presidente del Consejo para la Acreditaci\u00f3n de la Educaci\u00f3n Superior de las Artes (CAESA), expres\u00f3 que los programas educativos (PE) del <a href=\"https:\/\/www.uv.mx\/artes\/\">\u00c1rea Acad\u00e9mica de Artes<\/a> que ofrece la Universidad Veracruzana (UV) son reconocidos a nivel nacional por su calidad acad\u00e9mica.<\/p>\n<p>En breve entrevista para <i>Universo<\/i> coment\u00f3 que es importante que los PE de artes sean acreditados, esto tendr\u00e1 beneficios directos para las universidades, los profesores y especialmente para los estudiantes, ya que recibir\u00e1n una educaci\u00f3n de calidad.<\/p>\n<p>\u201cTe\u00f3ricamente nosotros apoyamos a que los egresados de las artes a nivel nacional sean de una calidad comparable con otros pa\u00edses\u201d, coment\u00f3.<\/p>\n<p>&nbsp;<\/p>\n<p><b><i>\u00bfFue coincidencia que el CAESA se <\/i><\/b><b><i>originara<\/i><\/b><b><i> en la UV?<\/i><\/b><\/p>\n<p>No es coincidencia, los PE del \u00c1rea Acad\u00e9mica de Artes de la Universidad Veracruzana tienen mucho prestigio y tradici\u00f3n a nivel nacional; tambi\u00e9n debemos reconocer que hubo personajes que tienen mucha relaci\u00f3n con su nacimiento y crecimiento del comit\u00e9, como la presidente fundadora, Elka Fediuk, quien es parte de la comunidad acad\u00e9mica de esta Universidad.<\/p>\n<p>&nbsp;<\/p>\n<p><b><i>\u00bfPor qu\u00e9 realizar la asamblea nacional del CAESA en la U<\/i><\/b><b><i>V<\/i><\/b><b><i>?<\/i><\/b><\/p>\n<p>La asamblea la hacemos cada a\u00f1o y es para rendir cuentas de todo lo que hacemos en el comit\u00e9 directivo, en esta ocasi\u00f3n el CAESA cumple 10 a\u00f1os y decidimos celebrarlo en Xalapa porque fue aqu\u00ed donde naci\u00f3.<\/p>\n<p>&nbsp;<\/p>\n<p><b><i>\u00bfPor qu\u00e9 es importante que los <\/i><\/b><b><i>PE<\/i><\/b><b><i> del <\/i><\/b><b><i>\u00c1<\/i><\/b><b><i>rea de <\/i><\/b><b><i>A<\/i><\/b><b><i>rtes obtengan <\/i><\/b><b><i>la <\/i><\/b><b><i>acreditaci\u00f3n de calidad?<\/i><\/b><\/p>\n<p>El concepto de calidad que se construye para la evaluaci\u00f3n superior de las artes implica un modelo integral, esto es, debemos tomar en cuenta todos los aspectos de un PE: infraestructura material, insumos, procesos (de ingreso, de contrataci\u00f3n de profesores, escolares, de titulaci\u00f3n) y los resultados.<\/p>\n<p>Al revisar todos estos aspectos para garantizar que el programa cuida cada uno de los detalles que consideramos que otorgan calidad, los estudiantes que ingresan ser\u00e1n atendidos por profesores que tienen procesos e infraestructura de calidad. Todo esto tendr\u00e1 como resultado un egresado de calidad.<\/p>\n<p>Consideramos que s\u00ed hay un impacto fuerte de la labor que hace el CAESA y lo hemos notado a trav\u00e9s de las transformaciones que han tenido instituciones y PE a lo largo de estos 10 a\u00f1os.<\/p>\n<p>Algo que es muy palpable en las re-visitas que realizamos es la mejora en la infraestructura, en los programas de capacitaci\u00f3n para profesores, hay m\u00e1s claridad en la selecci\u00f3n de estudiantes en el ingreso, as\u00ed como en la propuesta del plan de estudios. Hay otras cosas que son m\u00e1s dif\u00edciles de ver pero que podemos percibirlas, como la calidad de los egresados.<\/p>\n<p>&nbsp;<\/p>\n<p><b><i>\u00bfCu\u00e1l es el beneficio y el impacto <\/i><\/b><b><i>de tener<\/i><\/b><b><i> PE de calidad?<\/i><\/b><\/p>\n<p>El beneficio mayor es hacia la sociedad al contar con profesionales de calidad en el \u00e1rea de artes; para la Universidad significa una diversidad de beneficios, por ejemplo tendr\u00e1 mayor facilidad de gesti\u00f3n de recursos; los estudiantes son los otros grandes beneficiarios, porque de alguna manera les prometemos que cuando egresen ser\u00e1n reconocidos por la sociedad. Por ello hay una presi\u00f3n para que los PE mejoren en su calidad.<\/p>\n<p>&nbsp;<\/p>\n<p><b><i>A 10 a\u00f1os del nacimiento del CAESA, \u00bfcu\u00e1l es su diagn\u00f3stico?<\/i><\/b><\/p>\n<p>Nosotros sentimos que se ha desarrollado mucho, esperamos que para finales de a\u00f1o ya habremos evaluado m\u00e1s de 100 PE de artes, una cifra impresionante.<\/p>\n<p>Hay muchos logros que podemos destacar, pero el mayor de \u00e9stos es para la sociedad al aportar calidad en la educaci\u00f3n superior de las artes, aunque estamos ciertos que todav\u00eda falta mucho camino por recorrer.<\/p>\n<p>Estimamos que hay aproximadamente entre 300 y 400 programas oficiales de todas las disciplinas art\u00edsticas, aunque la cifra puede ser superior. Uno de los retos que tenemos es revisar hacia d\u00f3nde tenemos que ampliar nuestro alcance para impactar lo m\u00e1s posible.<\/p>\n","protected":false},"excerpt":{"rendered":"<p>El Consejo para la Acreditaci\u00f3n de la Educaci\u00f3n Superior de las Artes cumpli\u00f3 10 a\u00f1os; los celebr\u00f3 en la UV, donde naci\u00f3 <\/p>\n","protected":false},"author":1869,"featured_media":58039,"comment_status":"closed","ping_status":"closed","sticky":false,"template":"","format":"standard","meta":[],"categories":[13],"tags":[],"_links":{"self":[{"href":"https:\/\/www.uv.mx\/prensa\/wp-json\/wp\/v2\/posts\/58038"}],"collection":[{"href":"https:\/\/www.uv.mx\/prensa\/wp-json\/wp\/v2\/posts"}],"about":[{"href":"https:\/\/www.uv.mx\/prensa\/wp-json\/wp\/v2\/types\/post"}],"author":[{"embeddable":true,"href":"https:\/\/www.uv.mx\/prensa\/wp-json\/wp\/v2\/users\/1869"}],"replies":[{"embeddable":true,"href":"https:\/\/www.uv.mx\/prensa\/wp-json\/wp\/v2\/comments?post=58038"}],"version-history":[{"count":0,"href":"https:\/\/www.uv.mx\/prensa\/wp-json\/wp\/v2\/posts\/58038\/revisions"}],"wp:featuredmedia":[{"embeddable":true,"href":"https:\/\/www.uv.mx\/prensa\/wp-json\/wp\/v2\/media\/58039"}],"wp:attachment":[{"href":"https:\/\/www.uv.mx\/prensa\/wp-json\/wp\/v2\/media?parent=58038"}],"wp:term":[{"taxonomy":"category","embeddable":true,"href":"https:\/\/www.uv.mx\/prensa\/wp-json\/wp\/v2\/categories?post=58038"},{"taxonomy":"post_tag","embeddable":true,"href":"https:\/\/www.uv.mx\/prensa\/wp-json\/wp\/v2\/tags?post=58038"}],"curies":[{"name":"wp","href":"https:\/\/api.w.org\/{rel}","templated":true}]}}