{"id":58315,"date":"2018-11-17T09:00:26","date_gmt":"2018-11-17T15:00:26","guid":{"rendered":"https:\/\/www.uv.mx\/prensa\/?p=58315"},"modified":"2018-11-16T14:50:38","modified_gmt":"2018-11-16T20:50:38","slug":"sociedad-requiere-de-mejores-meteorologos","status":"publish","type":"post","link":"https:\/\/www.uv.mx\/prensa\/ciencia\/sociedad-requiere-de-mejores-meteorologos\/","title":{"rendered":"Sociedad requiere de mejores meteor\u00f3logos"},"content":{"rendered":"<div id=\"attachment_58123\" style=\"width: 732px\" class=\"wp-caption aligncenter\"><a href=\"https:\/\/www.uv.mx\/prensa\/files\/2018\/11\/131118-DAVID-mesa-estrategias-de-comunicacion-sobre-tiempo-y-clima-1.jpg\"><img aria-describedby=\"caption-attachment-58123\" decoding=\"async\" loading=\"lazy\" class=\"wp-image-58123 size-full\" src=\"https:\/\/www.uv.mx\/prensa\/files\/2018\/11\/131118-DAVID-mesa-estrategias-de-comunicacion-sobre-tiempo-y-clima-1.jpg\" alt=\"\" width=\"722\" height=\"478\" srcset=\"https:\/\/www.uv.mx\/prensa\/files\/2018\/11\/131118-DAVID-mesa-estrategias-de-comunicacion-sobre-tiempo-y-clima-1.jpg 722w, https:\/\/www.uv.mx\/prensa\/files\/2018\/11\/131118-DAVID-mesa-estrategias-de-comunicacion-sobre-tiempo-y-clima-1-300x199.jpg 300w\" sizes=\"(max-width: 722px) 100vw, 722px\" \/><\/a><p id=\"caption-attachment-58123\" class=\"wp-caption-text\">Juan Cervantes, Lixion \u00c1vila, Leodegario Sans\u00f3n, Federico Acevedo, Carlos Welsh y Carolina Ochoa en la mesa de discusi\u00f3n<\/p><\/div>\n<p>&nbsp;<\/p>\n<p><b><i>David Sandoval Rodr\u00edguez<\/i><\/b><span>\u00a0<\/span><\/p>\n<p><span>\u00a0<\/span><b><i>17\/11\/18, Xalapa, <\/i><\/b><b><i>Ver.-<\/i><\/b> La comunicaci\u00f3n del tiempo y el clima es de vital importancia para la toma de decisiones tanto de la ciudadan\u00eda como de empresas e instituciones, por ello se vuelve necesario capacitar adecuadamente a los meteor\u00f3logos y estudiantes en este aspecto, comentaron los participantes en la mesa de discusi\u00f3n: \u201cEstrategias de comunicaci\u00f3n sobre tiempo y clima\u201d del XXVII Congreso nacional y XII Congreso Internacional de Meteorolog\u00eda, realizado del 14 al 16 de noviembre.<span>\u00a0<\/span><\/p>\n<p>En este evento que se celebr\u00f3 en la Universidad Veracruzana (UV), se cont\u00f3 con la presencia de: Lixion \u00c1vila, meteor\u00f3logo especialista en huracanes del Centro Nacional de Huracanes de los Estados Unidos; Federico Acevedo Rosas, subcoordinador de Pron\u00f3stico Estacional y Meteorol\u00f3gico de la Secretar\u00eda de Protecci\u00f3n Civil (SCP) e integrante del Comit\u00e9 Estatal de Meteorolog\u00eda; Leodegario Sans\u00f3n Reyes, presidente de la Organizaci\u00f3n Mexicana de Meteor\u00f3logos, A.C. (OMMAC), y Juan Cervantes P\u00e9rez, director del Centro de Ciencias de la Tierra (CCT) de la UV.<span>\u00a0<\/span><\/p>\n<p>La moderaci\u00f3n corri\u00f3 a cargo de Carlos Welsh Rodr\u00edguez, investigador del CCT, y como relatora Carolina Ochoa Mart\u00ednez, integrante del mismo centro.<span>\u00a0<\/span><\/p>\n<p>Lixion \u00c1vila dijo que, contrario a lo que podr\u00eda parecer, tambi\u00e9n en los Estados Unidos las personas que ven y escuchan los medios de comunicaci\u00f3n a veces no hacen caso de las alertas meteorol\u00f3gicas, se\u00f1alando que no siempre se debe a la falta de claridad sino a una falta de formaci\u00f3n ciudadana que atienda los llamados de alerta.<span>\u00a0<\/span><\/p>\n<p>\u201cLos pron\u00f3sticos siempre han sido dif\u00edciles y cada vez se exige m\u00e1s exactitud; sin embargo, como expertos sabemos que esto es muy dif\u00edcil y los modelos num\u00e9ricos a\u00fan no son capaces de decirnos los horarios, no ocurre como en las pel\u00edculas de ciencia ficci\u00f3n\u201d, coment\u00f3 Sans\u00f3n Reyes.<span>\u00a0<\/span><\/p>\n<p>El Presidente de la OMMAC plante\u00f3 la necesidad de impartir capacitaci\u00f3n a los trabajadores de los medios de comunicaci\u00f3n, ya que varios de ellos solamente leen el reporte del Servicio Meteorol\u00f3gico Nacional pero no conocen los t\u00e9rminos.<span>\u00a0<\/span><\/p>\n<p>Acevedo Rosas destac\u00f3 que tanto \u00e9l como su equipo de trabajo son egresados de la Licenciatura en Ciencias Atmosf\u00e9ricas de la UV y a lo largo de una d\u00e9cada han trabajado con el objetivo de que los medios de comunicaci\u00f3n de la entidad los consulten y emitan sus pron\u00f3sticos en sus respectivos canales.<span>\u00a0<\/span><\/p>\n<p>Resalt\u00f3 adem\u00e1s la creaci\u00f3n del Comit\u00e9 de Meteorolog\u00eda del Estado de Veracruz en el que participan la UV, la Secretar\u00eda de Marina, la Secretar\u00eda de la Defensa Nacional, que cada semana realiza una reuni\u00f3n con los medios de comunicaci\u00f3n.<span>\u00a0<\/span><\/p>\n<p>Por su parte, Cervantes P\u00e9rez reconoci\u00f3 que es indispensable crear una materia en la Licenciatura en Ciencias Atmosf\u00e9ricas para atender esta necesidad, pues no existe como tal en el programa educativo y se va aprendiendo a partir de las experiencias.<span>\u00a0<\/span><\/p>\n<p>En muchos casos el p\u00fablico sigue teniendo desconfianza de los pron\u00f3sticos que mira en televisi\u00f3n o escucha en el radio, pero ello puede deberse al desconocimiento de los t\u00e9rminos meteorol\u00f3gicos que son utilizados.<span>\u00a0<\/span><\/p>\n<p>Por tal raz\u00f3n, los especialistas se manifestaron a favor de generar espacios y formas de capacitaci\u00f3n para los comunicadores y para los meteor\u00f3logos que permita crear pron\u00f3sticos m\u00e1s cercanos y comprensibles para el p\u00fablico en general.<\/p>\n<p>&nbsp;<\/p>\n<div id=\"attachment_58124\" style=\"width: 732px\" class=\"wp-caption aligncenter\"><a href=\"https:\/\/www.uv.mx\/prensa\/files\/2018\/11\/131118-DAVID-mesa-estrategias-de-comunicacion-sobre-tiempo-y-clima-2.jpg\"><img aria-describedby=\"caption-attachment-58124\" decoding=\"async\" loading=\"lazy\" class=\"size-full wp-image-58124\" src=\"https:\/\/www.uv.mx\/prensa\/files\/2018\/11\/131118-DAVID-mesa-estrategias-de-comunicacion-sobre-tiempo-y-clima-2.jpg\" alt=\"\" width=\"722\" height=\"478\" srcset=\"https:\/\/www.uv.mx\/prensa\/files\/2018\/11\/131118-DAVID-mesa-estrategias-de-comunicacion-sobre-tiempo-y-clima-2.jpg 722w, https:\/\/www.uv.mx\/prensa\/files\/2018\/11\/131118-DAVID-mesa-estrategias-de-comunicacion-sobre-tiempo-y-clima-2-300x199.jpg 300w\" sizes=\"(max-width: 722px) 100vw, 722px\" \/><\/a><p id=\"caption-attachment-58124\" class=\"wp-caption-text\">Estudiantes, acad\u00e9micos y meteor\u00f3logos aportaron comentarios y preguntas a los panelistas<\/p><\/div>\n","protected":false},"excerpt":{"rendered":"<p>Expertos en la materia participaron en mesa de discusi\u00f3n, en el marco del XII Congreso Internacional de Meteorolog\u00eda <\/p>\n","protected":false},"author":1508,"featured_media":58123,"comment_status":"closed","ping_status":"closed","sticky":false,"template":"","format":"standard","meta":[],"categories":[45],"tags":[],"_links":{"self":[{"href":"https:\/\/www.uv.mx\/prensa\/wp-json\/wp\/v2\/posts\/58315"}],"collection":[{"href":"https:\/\/www.uv.mx\/prensa\/wp-json\/wp\/v2\/posts"}],"about":[{"href":"https:\/\/www.uv.mx\/prensa\/wp-json\/wp\/v2\/types\/post"}],"author":[{"embeddable":true,"href":"https:\/\/www.uv.mx\/prensa\/wp-json\/wp\/v2\/users\/1508"}],"replies":[{"embeddable":true,"href":"https:\/\/www.uv.mx\/prensa\/wp-json\/wp\/v2\/comments?post=58315"}],"version-history":[{"count":0,"href":"https:\/\/www.uv.mx\/prensa\/wp-json\/wp\/v2\/posts\/58315\/revisions"}],"wp:featuredmedia":[{"embeddable":true,"href":"https:\/\/www.uv.mx\/prensa\/wp-json\/wp\/v2\/media\/58123"}],"wp:attachment":[{"href":"https:\/\/www.uv.mx\/prensa\/wp-json\/wp\/v2\/media?parent=58315"}],"wp:term":[{"taxonomy":"category","embeddable":true,"href":"https:\/\/www.uv.mx\/prensa\/wp-json\/wp\/v2\/categories?post=58315"},{"taxonomy":"post_tag","embeddable":true,"href":"https:\/\/www.uv.mx\/prensa\/wp-json\/wp\/v2\/tags?post=58315"}],"curies":[{"name":"wp","href":"https:\/\/api.w.org\/{rel}","templated":true}]}}