{"id":58793,"date":"2018-11-26T09:00:30","date_gmt":"2018-11-26T15:00:30","guid":{"rendered":"https:\/\/www.uv.mx\/prensa\/?p=58793"},"modified":"2018-11-26T10:52:12","modified_gmt":"2018-11-26T16:52:12","slug":"uv-se-suma-a-red-de-reino-unido-y-latinoamerica","status":"publish","type":"post","link":"https:\/\/www.uv.mx\/prensa\/banner\/uv-se-suma-a-red-de-reino-unido-y-latinoamerica\/","title":{"rendered":"UV se suma a red de universidades de Reino Unido y Latinoam\u00e9rica"},"content":{"rendered":"<ul>\n<li><i>Participar\u00e1 en proyecto del <\/i><i>programa Erasmus+<\/i><i> para promover<\/i><i> nuevo enfoque<\/i> <i>de<\/i><i> la internacionalizaci\u00f3n e <\/i><i>interculturalidad<\/i><\/li>\n<li><i>IIESES, DGRI e<\/i><i> IIE<\/i><i> son las instituciones responsables del proyecto <\/i><i>que inicia en 2019 y concluir\u00e1 en 2021<\/i><\/li>\n<\/ul>\n<p>&nbsp;<\/p>\n<div id=\"attachment_58794\" style=\"width: 732px\" class=\"wp-caption aligncenter\"><a href=\"https:\/\/www.uv.mx\/prensa\/files\/2018\/11\/261118-ERASMUS.jpg\"><img aria-describedby=\"caption-attachment-58794\" decoding=\"async\" loading=\"lazy\" class=\"size-full wp-image-58794\" src=\"https:\/\/www.uv.mx\/prensa\/files\/2018\/11\/261118-ERASMUS.jpg\" alt=\"\" width=\"722\" height=\"481\" srcset=\"https:\/\/www.uv.mx\/prensa\/files\/2018\/11\/261118-ERASMUS.jpg 722w, https:\/\/www.uv.mx\/prensa\/files\/2018\/11\/261118-ERASMUS-300x200.jpg 300w\" sizes=\"(max-width: 722px) 100vw, 722px\" \/><\/a><p id=\"caption-attachment-58794\" class=\"wp-caption-text\">H\u00e9ctor Rangel, Marco Flores, Mario Oliva y Gunther Dietz<\/p><\/div>\n<p>&nbsp;<\/p>\n<p><b><i>Claudia Peralta V\u00e1zquez<\/i><\/b><\/p>\n<p><b><i>26<\/i><\/b><b><i>\/<\/i><\/b><b><i>11<\/i><\/b><b><i>\/<\/i><\/b><b><i>18, Xalapa, Ver<\/i><\/b><b><i>.- <\/i><\/b>La Universidad Veracruzana (UV) se ha sumado a una red de 10 universidades de Reino Unido, Italia, Espa\u00f1a, M\u00e9xico, Argentina y El Salvador, que participar\u00e1n \u2013a partir de 2019 y hasta 2021\u2013 en el proyecto denominado \u201cProfessional development in intercultural competence in higher education institutions (PROFIC)\u201d, enfocado en el desarrollo de competencias interculturales e internacionales.<\/p>\n<p>En el marco del programa Erasmus+, dicha estrategia fue aprobada por la Agencia Ejecutiva en el \u00c1mbito Educativo, Audiovisual y Cultural (EACEA, por sus siglas en ingl\u00e9s) en septiembre de 2018, con un monto total de 687 mil euros dentro de la modalidad de proyectos conjuntos para la construcci\u00f3n de capacidades en instituciones de educaci\u00f3n superior.<\/p>\n<p>Es importante mencionar que Erasmus es un Plan de Acci\u00f3n de la Comunidad Europea para la Movilidad de Estudiantes Universitarios, gestionado por diversas administraciones p\u00fablicas que apoya y facilita la movilidad acad\u00e9mica de los estudiantes y profesores universitarios.<\/p>\n<p>En la m\u00e1xima casa de estudios, las instituciones responsables de desarrollarlo son: <a href=\"https:\/\/www.uv.mx\/iieses\/\">Instituto de Investigaciones y Estudios Superiores Econ\u00f3micos y Sociales<\/a> (IIESES), <a href=\"https:\/\/www.uv.mx\/internacional\/\">Direcci\u00f3n General de Relaciones Internacionales<\/a> (DGRI) e <a href=\"https:\/\/www.uv.mx\/iie\/\">Instituto de Investigaciones en Educaci\u00f3n<\/a> (IIE).<\/p>\n<p>Mario Oliva Su\u00e1rez, titular de la DGRI, atribuy\u00f3 la inclusi\u00f3n de la UV en este trabajo a la experiencia con la que cuenta en los procesos de internacionalizaci\u00f3n e interculturalidad.<\/p>\n<p>Sin duda, dijo, \u00e9ste fue un elemento clave para su incorporaci\u00f3n a esta red, aunado a la necesidad de fortalecer las redes acad\u00e9micas de largo plazo con instituciones tanto europeas como latinoamericanas.<\/p>\n<p>En tanto H\u00e9ctor Rangel Ram\u00edrez, representante del IIESES, dio a conocer que el arranque del proyecto se dio durante el presente mes y concluir\u00e1 en noviembre de 2021; inicia con una serie de actividades de preparaci\u00f3n del dise\u00f1o de metodolog\u00edas para impactar de forma significativa en las instituciones que conforman la red.<\/p>\n<p>La intenci\u00f3n es innovar en la forma de implementar los enfoques intercultural e internacional en los programas educativos, de una forma distinta a la que actualmente se hace.<\/p>\n<p>Resalt\u00f3 que se trata de sumar esfuerzos, complementar enfoques, compartir buenas pr\u00e1cticas, y a partir de la aportaci\u00f3n de cada universidad se establezca una propuesta para la construcci\u00f3n de capacidades.<\/p>\n<p>\u201cEsperamos que la consolidaci\u00f3n de instituciones se d\u00e9 a partir de la habilitaci\u00f3n del personal acad\u00e9mico y administrativo, as\u00ed como estudiantes, con otra visi\u00f3n del enfoque intercultural e internacional.\u201d<\/p>\n<p>Expuso que en el caso de la internacionalizaci\u00f3n, a futuro se contempla la instalaci\u00f3n de redes tem\u00e1ticas en las que investigadores y docentes mantengan relaci\u00f3n con sus pares de otras universidades que forman parte del proyecto, as\u00ed como de otras que promueven esta \u00e1rea.<\/p>\n<p>De esta forma, agreg\u00f3, se cumple el objetivo del programa de trabajo de la actual administraci\u00f3n, sobre la creaci\u00f3n de redes acad\u00e9micas de calidad a nivel internacional.<\/p>\n<p>Al respecto, Gunther Dietz, investigador del IIE, destac\u00f3 que la interculturalidad no es s\u00f3lo hacia afuera pues ante el fen\u00f3meno migratorio que actualmente se vive, es importante que cualquier egresado de la UV se desenvuelva profesionalmente en contextos de diversidad.<\/p>\n<p>Para ello se necesitar\u00e1n ciertas competencias y cambios en la forma de ense\u00f1anza-aprendizaje y en el plan de estudios, con el fin de que se incluyan en diferentes programas de estudio no s\u00f3lo del \u00c1rea Acad\u00e9mica de Humanidades, tambi\u00e9n de Ciencias de la Salud, T\u00e9cnica, Econ\u00f3mico-Administrativa, Artes y Biol\u00f3gico-Agropecuarias.<\/p>\n<p>\u201cEl proyecto ser\u00e1 una situaci\u00f3n muy rica de interaprendizajes, no es que vengan de Europa a vendernos un modelo de competencias internacionales, sino que todas las universidades aportar\u00e1n algo de acuerdo a sus experiencias.\u201d<\/p>\n<p>Puntualiz\u00f3 que en Am\u00e9rica Latina, especialmente en la UV, hay una gran experiencia en la formaci\u00f3n profesional de estudiantes ind\u00edgenas con competencias interculturales y de di\u00e1logo que pueden desarrollarlas en su contexto de origen y en el \u00e1mbito urbano.<\/p>\n<p>Al final se tendr\u00e1 una visi\u00f3n m\u00e1s transversal de la interculturalidad, las competencias y saberes de docentes, estudiantes y profesionales de diferentes \u00e1reas de conocimiento.<\/p>\n<p>En tanto, Marco Antonio Flores Mavil, de la DGRI, asegur\u00f3 que este proyecto ser\u00e1 de gran relevancia y posicionar\u00e1 a la UV como referente de internacionalizaci\u00f3n e interculturalidad en M\u00e9xico y en el extranjero.<\/p>\n<p>Cabe se\u00f1alar que las universidades que integran esta red son: Glasgow Caledonian University de Reino Unido; Universidad de Deusto, en Espa\u00f1a; Universit\u00e1 degli Studi \u201cGuglielmo Marconi\u201d, Italia; Universidad Tecnol\u00f3gica de El Salvador; Universidad Don Bosco, del mismo pa\u00eds; Universidad Nacional de C\u00f3rdoba, Universidad Nacional de Lan\u00fas y Universidad Nacional de La Plata, de Argentina; Universidad de Guadalajara, la UV y la Uni\u00f3n de Universidades de Am\u00e9rica Latina y El Caribe (UDUAL), por parte de M\u00e9xico.<\/p>\n","protected":false},"excerpt":{"rendered":"<p>Mario Oliva Su\u00e1rez, titular de la Direcci\u00f3n General de Relaciones Internacionales, atribuy\u00f3 la inclusi\u00f3n de la UV en este trabajo a la experiencia con la que cuenta en los procesos de internacionalizaci\u00f3n e interculturalidad<\/p>\n","protected":false},"author":1508,"featured_media":58795,"comment_status":"closed","ping_status":"closed","sticky":false,"template":"","format":"standard","meta":[],"categories":[61],"tags":[],"_links":{"self":[{"href":"https:\/\/www.uv.mx\/prensa\/wp-json\/wp\/v2\/posts\/58793"}],"collection":[{"href":"https:\/\/www.uv.mx\/prensa\/wp-json\/wp\/v2\/posts"}],"about":[{"href":"https:\/\/www.uv.mx\/prensa\/wp-json\/wp\/v2\/types\/post"}],"author":[{"embeddable":true,"href":"https:\/\/www.uv.mx\/prensa\/wp-json\/wp\/v2\/users\/1508"}],"replies":[{"embeddable":true,"href":"https:\/\/www.uv.mx\/prensa\/wp-json\/wp\/v2\/comments?post=58793"}],"version-history":[{"count":0,"href":"https:\/\/www.uv.mx\/prensa\/wp-json\/wp\/v2\/posts\/58793\/revisions"}],"wp:featuredmedia":[{"embeddable":true,"href":"https:\/\/www.uv.mx\/prensa\/wp-json\/wp\/v2\/media\/58795"}],"wp:attachment":[{"href":"https:\/\/www.uv.mx\/prensa\/wp-json\/wp\/v2\/media?parent=58793"}],"wp:term":[{"taxonomy":"category","embeddable":true,"href":"https:\/\/www.uv.mx\/prensa\/wp-json\/wp\/v2\/categories?post=58793"},{"taxonomy":"post_tag","embeddable":true,"href":"https:\/\/www.uv.mx\/prensa\/wp-json\/wp\/v2\/tags?post=58793"}],"curies":[{"name":"wp","href":"https:\/\/api.w.org\/{rel}","templated":true}]}}