{"id":59066,"date":"2018-12-02T09:00:08","date_gmt":"2018-12-02T15:00:08","guid":{"rendered":"https:\/\/www.uv.mx\/prensa\/?p=59066"},"modified":"2018-12-04T09:18:31","modified_gmt":"2018-12-04T15:18:31","slug":"egresado-del-ciia-desarrollo-algoritmo-autonomo-para-diseno-de-ingenieria","status":"publish","type":"post","link":"https:\/\/www.uv.mx\/prensa\/tecnologia\/egresado-del-ciia-desarrollo-algoritmo-autonomo-para-diseno-de-ingenieria\/","title":{"rendered":"Egresado del CIIA desarroll\u00f3 algoritmo aut\u00f3nomo para dise\u00f1o de ingenier\u00eda"},"content":{"rendered":"<ul>\n<li><i>Con este proyecto de investigaci\u00f3n<\/i><i>, Sa\u00fal Dom\u00ednguez<\/i><i> gan\u00f3 el Premio <\/i><i>\u201c<\/i><i>Arte, Ciencia, Luz<\/i><i>\u201d<\/i><i> 2018, en la categor\u00eda de Doctorado<\/i><\/li>\n<li><i>El plan de estudios y planta acad\u00e9mica del Doctorado en Inteligencia Artificial <\/i><i>es de alta calidad, expres\u00f3 el ahora profesor-investigador del <\/i>Lania<\/li>\n<\/ul>\n<p>&nbsp;<\/p>\n<div id=\"attachment_59067\" style=\"width: 732px\" class=\"wp-caption aligncenter\"><a href=\"https:\/\/www.uv.mx\/prensa\/files\/2018\/11\/291118-Egresado-CIIA.jpg\"><img aria-describedby=\"caption-attachment-59067\" decoding=\"async\" loading=\"lazy\" class=\"size-full wp-image-59067\" src=\"https:\/\/www.uv.mx\/prensa\/files\/2018\/11\/291118-Egresado-CIIA.jpg\" alt=\"\" width=\"722\" height=\"482\" srcset=\"https:\/\/www.uv.mx\/prensa\/files\/2018\/11\/291118-Egresado-CIIA.jpg 722w, https:\/\/www.uv.mx\/prensa\/files\/2018\/11\/291118-Egresado-CIIA-300x200.jpg 300w\" sizes=\"(max-width: 722px) 100vw, 722px\" \/><\/a><p id=\"caption-attachment-59067\" class=\"wp-caption-text\">Sa\u00fal Dom\u00ednguez gan\u00f3 el premio con su investigaci\u00f3n sobre algoritmos aut\u00f3nomos<\/p><\/div>\n<p>&nbsp;<\/p>\n<p><b><i>Paola Cort\u00e9s P\u00e9rez<\/i><\/b><\/p>\n<p><strong><em>02<\/em><\/strong><b><i>\/12\/18, Xalapa, Ver.-<\/i><\/b> Sa\u00fal Dom\u00ednguez Isidro, egresado del Doctorado en Inteligencia Artificial que imparte el <a href=\"https:\/\/www.uv.mx\/ciia\/\">Centro de Investigaci\u00f3n en Inteligencia Artificial<\/a> (CIIA) de la Universidad Veracruzana (UV), gan\u00f3 el Premio \u201cArte, Ciencia, Luz\u201d 2018, por su tesis enfocada al desarrollo de algoritmos aut\u00f3nomos.<\/p>\n<p>El premio lo entrega la UV a aquellos trabajos recepcionales in\u00e9ditos (individuales o colectivos) de sus egresados, que se distingan por su relevancia acad\u00e9mica y aportaciones a la investigaci\u00f3n.<\/p>\n<p>El inter\u00e9s de Sa\u00fal Dom\u00ednguez por dedicarse a la investigaci\u00f3n en el \u00e1rea de la inteligencia artificial (IA) surgi\u00f3 mientras cursaba en la licenciatura algunas experiencias educativas relacionadas con este campo.<\/p>\n<p>\u201cMe empez\u00f3 a llamar la atenci\u00f3n de c\u00f3mo una computadora podr\u00eda emular procesos o comportamientos inteligentes, desde entonces me empec\u00e9 a interesar y fue que decid\u00ed investigar m\u00e1s al respecto.\u201d<\/p>\n<p>Al concluir sus estudios de licenciatura decidi\u00f3 ingresar a la Maestr\u00eda en Computaci\u00f3n Aplicada, ah\u00ed conoci\u00f3 a quien ser\u00eda su asesor de tesis para los pr\u00f3ximos a\u00f1os, Efr\u00e9n Mezura Montes, especialista en computaci\u00f3n evolutiva, inteligencia colectiva, optimizaci\u00f3n global, entre otras tem\u00e1ticas.<\/p>\n<p>\u201cEmpezamos a trabajar sobre los algoritmos evolutivos y al finalizar mis estudios de maestr\u00eda acud\u00ed a un congreso en Dubl\u00edn, Irlanda, donde conoc\u00ed a mucha gente especialista en el \u00e1rea. Me di cuenta que el tema de estudio ten\u00eda una relevancia e impacto a nivel internacional, as\u00ed que me motiv\u00e9 m\u00e1s para seguir con la investigaci\u00f3n.\u201d<\/p>\n<p>Al egresar trabaj\u00f3 en una empresa de la iniciativa privada, pero nunca perdi\u00f3 contacto con Efr\u00e9n Mezura y contin\u00fao colaborando con \u00e9l de forma indirecta. Se enter\u00f3 que el CIIA ya impart\u00eda un doctorado, as\u00ed que se postul\u00f3 e ingres\u00f3 en 2017 concluy\u00f3 sus estudios.<\/p>\n<p>Durante este tiempo, su proyecto de investigaci\u00f3n estuvo enfocado en mejorar el conocimiento de los algoritmos evolutivos dotados con buscadores locales.<\/p>\n<p>&nbsp;<\/p>\n<p><b>Algoritmos aut\u00f3nomos en ingenier\u00eda<\/b><\/p>\n<p>En los siguientes cuatro a\u00f1os, Sa\u00fal Dom\u00ednguez investig\u00f3 c\u00f3mo mejorar o incrementar el conocimiento sobre los algoritmos evolutivos dotados con buscadores locales, ya que su dise\u00f1o es un problema abierto en el domino de c\u00f3mputo inteligente.<\/p>\n<p>Este t\u00f3pico fue abordado en su trabajo recepcional bajo el t\u00edtulo \u201cEvoluci\u00f3n diferencial mem\u00e9tica para optimizaci\u00f3n de problemas num\u00e9ricos con restricciones\u201d, con la finalidad de incrementar el conocimiento en esta \u00e1rea de la IA.<\/p>\n<p>\u201cMi tema de investigaci\u00f3n se fue especializando cada vez m\u00e1s, porque al principio se centr\u00f3 en un algoritmo que tuviera una aplicaci\u00f3n, es decir, resolv\u00edamos un problema de criptograf\u00eda, y durante el doctorado fue m\u00e1s enfocado al estudio algor\u00edtmico de este tipo de heur\u00edsticas.\u201d<\/p>\n<p>Dijo que el mecanismo para coordinar un buscador local con un algoritmo evolutivo resulta complejo; entonces, para resolver problemas del mundo real es necesario tener un grado de conocimiento de los algoritmos que ser\u00e1n usados para resolverlos.<\/p>\n<p>Con esta investigaci\u00f3n, explic\u00f3, se pretendi\u00f3 buscar y dotar de cierta autonom\u00eda a los algoritmos para que su dise\u00f1o no resulte tan complejos; por lo tanto, las contribuciones ser\u00edan mecanismos que dan autonom\u00eda a los algoritmos de IA.<\/p>\n<p>\u201cLa autonom\u00eda se ver\u00eda reflejada en el funcionamiento del algoritmo, en el momento de la b\u00fasqueda de soluciones. Usualmente, cuando se dise\u00f1an estos enfoques, se hace un estudio algor\u00edtmico para analizar el comportamiento de cada uno de los componentes y con base en los resultados se adecuan los par\u00e1metros con los que trabajar\u00e1 el algoritmo, as\u00ed como la forma de activar cada buscador local.\u201d<\/p>\n<p>Para esta investigaci\u00f3n estudi\u00f3 cada uno de los componentes para dise\u00f1ar un mecanismo que coordinaci\u00f3n, as\u00ed que pondr\u00eda el algoritmo evolutivo con los buscadores locales para que el mismo se encargue de cu\u00e1ndo aplicar uno u otro buscador local.<\/p>\n<p>En general este tipo de algoritmos inician con un conjunto de soluciones a un problema generadas de forma pseudo-aleatoria, las cuales son modificadas mediante operadores especiales, este proceso se repite durante un n\u00famero determinado de generaciones (ciclos). En cada generaci\u00f3n, las mejores soluciones son seleccionadas para continuar con el proceso. Al finalizar, el algoritmo regresa la mejor soluci\u00f3n encontrada.<\/p>\n<p>\u201cLos problemas abordados en nuestra investigaci\u00f3n son los relacionados con la optimizaci\u00f3n num\u00e9rica con restricciones, usualmente con el dise\u00f1o de ingenier\u00eda; por ejemplo, dise\u00f1o \u00f3ptimo de mecanismos en el \u00e1rea de mecatr\u00f3nica o de piezas en el \u00e1rea de dise\u00f1o industrial.\u201d<\/p>\n<p>Al preguntarle si en M\u00e9xico es complicado desarrollar investigaci\u00f3n sobre IA, Sa\u00fal Dom\u00ednguez respondi\u00f3 que no lo es, lo que falta es mayor difusi\u00f3n sobre este campo de conocimiento para que las personas de otras \u00e1reas que buscan mejorar procesos o soluciones volteen hacia este rubro.<\/p>\n<p>Coment\u00f3 que otros investigadores le han hecho saber que en el pa\u00eds existe un gran inter\u00e9s por realizar trabajos relacionados con la IA, ejemplo de ello es que se dise\u00f1an los algoritmos desde cero, lo que demuestra los avances en el conocimiento de este campo de estudio.<\/p>\n<p>\u201cNo se debe ver a los algoritmos como algo que los va a reemplazar en su campo, sino como una herramienta que los ayudar\u00e1 a obtener mejores resultados y a optimizar su trabajo\u201d, resalt\u00f3.<\/p>\n<p>&nbsp;<\/p>\n<p><b>Premio \u201cArte, Ciencia, Luz\u201d<\/b><b> motiv<\/b><b>a la<\/b><b> investigaci\u00f3n<\/b><\/p>\n<p>Sa\u00fal Dom\u00ednguez comparti\u00f3 que se enter\u00f3 que hab\u00eda ganado el Premio \u201cArte, Ciencia, Luz\u201d mediante un correo electr\u00f3nico que le envi\u00f3 el investigador Efr\u00e9n Mezura.<\/p>\n<p>\u201cDe inmediato me fui a revisar los resultados a la p\u00e1gina oficial del premio y me di cuenta de la grata sorpresa. La convocatoria fue para todos los egresados de la Universidad, hab\u00eda trabajos muy buenos, pero al final tuve la dicha de ser uno de los ganadores.\u201d<\/p>\n<p>Con respecto al premio, opin\u00f3 que es un importante incentivo y motivaci\u00f3n para que los estudiantes desarrollen investigaci\u00f3n, especialmente cuando se piensa que las tesis son s\u00f3lo un requisito que deben cumplir, pero en realidad es el reflejo de todo el trabajo realizado a lo largo de una licenciatura o posgrado.<\/p>\n<p>\u201cSon una contribuci\u00f3n a la ciencia y a la tecnolog\u00eda; la tesis es un complemento importante que no deber\u00eda quedarse en las bibliotecas, por eso veo bien que la UV le d\u00e9 su importancia al premiar a las mejores.\u201d<\/p>\n<p>Finalmente, dijo que no debe pensarse en la IA como algo inalcanzable, tal como se representa en las pel\u00edculas, \u201cdebemos darnos la oportunidad de conocer lo que en verdad aborda esta \u00e1rea de conocimiento\u201d.<\/p>\n<p>Tambi\u00e9n agradeci\u00f3 a su director de tesis, sinodales y profesores del CIIA, por el trabajo en conjunto.<\/p>\n<p>Sa\u00fal Dom\u00ednguez Isidro actualmente es profesor-investigador en el Laboratorio Nacional de Inform\u00e1tica Avanzada (<i>L<\/i><i>ania<\/i>).<\/p>\n","protected":false},"excerpt":{"rendered":"<p>Con su investigaci\u00f3n, Sa\u00fal Dom\u00ednguez gan\u00f3 el premio \u201cArte, Ciencia, Luz\u201d 2018, en la categor\u00eda de Doctorado<\/p>\n","protected":false},"author":1508,"featured_media":59068,"comment_status":"closed","ping_status":"closed","sticky":false,"template":"","format":"standard","meta":[],"categories":[61,51],"tags":[],"_links":{"self":[{"href":"https:\/\/www.uv.mx\/prensa\/wp-json\/wp\/v2\/posts\/59066"}],"collection":[{"href":"https:\/\/www.uv.mx\/prensa\/wp-json\/wp\/v2\/posts"}],"about":[{"href":"https:\/\/www.uv.mx\/prensa\/wp-json\/wp\/v2\/types\/post"}],"author":[{"embeddable":true,"href":"https:\/\/www.uv.mx\/prensa\/wp-json\/wp\/v2\/users\/1508"}],"replies":[{"embeddable":true,"href":"https:\/\/www.uv.mx\/prensa\/wp-json\/wp\/v2\/comments?post=59066"}],"version-history":[{"count":0,"href":"https:\/\/www.uv.mx\/prensa\/wp-json\/wp\/v2\/posts\/59066\/revisions"}],"wp:featuredmedia":[{"embeddable":true,"href":"https:\/\/www.uv.mx\/prensa\/wp-json\/wp\/v2\/media\/59068"}],"wp:attachment":[{"href":"https:\/\/www.uv.mx\/prensa\/wp-json\/wp\/v2\/media?parent=59066"}],"wp:term":[{"taxonomy":"category","embeddable":true,"href":"https:\/\/www.uv.mx\/prensa\/wp-json\/wp\/v2\/categories?post=59066"},{"taxonomy":"post_tag","embeddable":true,"href":"https:\/\/www.uv.mx\/prensa\/wp-json\/wp\/v2\/tags?post=59066"}],"curies":[{"name":"wp","href":"https:\/\/api.w.org\/{rel}","templated":true}]}}