{"id":59091,"date":"2018-11-28T19:00:57","date_gmt":"2018-11-29T01:00:57","guid":{"rendered":"https:\/\/www.uv.mx\/prensa\/?p=59091"},"modified":"2018-11-29T10:26:08","modified_gmt":"2018-11-29T16:26:08","slug":"uv-y-unam-impulsaran-investigacion-y-difusion-en-materia-juridica","status":"publish","type":"post","link":"https:\/\/www.uv.mx\/prensa\/banner\/uv-y-unam-impulsaran-investigacion-y-difusion-en-materia-juridica\/","title":{"rendered":"UV y UNAM impulsar\u00e1n investigaci\u00f3n y difusi\u00f3n en materia jur\u00eddica"},"content":{"rendered":"<ul>\n<li><em><span class=\"TextRun SCXW251407852\" lang=\"ES-US\" xml:lang=\"ES-US\"><span class=\"NormalTextRun SCXW251407852\">Firmaron <\/span><\/span><span class=\"TextRun SCXW251407852\" lang=\"ES-US\" xml:lang=\"ES-US\"><span class=\"NormalTextRun SCXW251407852\">convenio de colaboraci\u00f3n<\/span><\/span><span class=\"TextRun SCXW251407852\" lang=\"ES-US\" xml:lang=\"ES-US\"><span class=\"NormalTextRun SCXW251407852\"> para <\/span><\/span><span class=\"TextRun SCXW251407852\" lang=\"ES-US\" xml:lang=\"ES-US\"><span class=\"NormalTextRun SCXW251407852\">el desarrollo conjunto de actividades de investigaci\u00f3n, docencia, difusi\u00f3n y extensi\u00f3n de la cultura jur\u00eddica<\/span><\/span><\/em><\/li>\n<\/ul>\n<p>&nbsp;<\/p>\n<div id=\"attachment_59081\" style=\"width: 732px\" class=\"wp-caption aligncenter\"><a href=\"https:\/\/www.uv.mx\/prensa\/files\/2018\/11\/281118-PAOLA-Firma-convenio-1.jpg\"><img aria-describedby=\"caption-attachment-59081\" decoding=\"async\" loading=\"lazy\" class=\"size-full wp-image-59081\" src=\"https:\/\/www.uv.mx\/prensa\/files\/2018\/11\/281118-PAOLA-Firma-convenio-1.jpg\" alt=\"\" width=\"722\" height=\"457\" srcset=\"https:\/\/www.uv.mx\/prensa\/files\/2018\/11\/281118-PAOLA-Firma-convenio-1.jpg 722w, https:\/\/www.uv.mx\/prensa\/files\/2018\/11\/281118-PAOLA-Firma-convenio-1-300x190.jpg 300w\" sizes=\"(max-width: 722px) 100vw, 722px\" \/><\/a><p id=\"caption-attachment-59081\" class=\"wp-caption-text\">Sara Ladr\u00f3n de Guevara y Pedro Salazar firmaron el convenio de colaboraci\u00f3n<\/p><\/div>\n<p>&nbsp;<\/p>\n<p><b><i>Paola Cort\u00e9s P\u00e9rez<\/i><\/b><\/p>\n<p><b><i>28\/11\/18, Xalapa, Ver.-<\/i><\/b> La Universidad Veracruzana (UV) y el <a href=\"https:\/\/www.uv.mx\/iij\/\">Instituto de Investigaciones Jur\u00eddicas<\/a> (IIJ) de la Universidad Nacional Aut\u00f3noma de M\u00e9xico (UNAM) firmaron un convenio de colaboraci\u00f3n que establece las bases y los mecanismos para el desarrollo conjunto de investigaci\u00f3n y difusi\u00f3n en materia jur\u00eddica.<\/p>\n<p>Este encuentro se realiz\u00f3 el mi\u00e9rcoles 28 de noviembre en la Sala de Juntas de la Rector\u00eda, encabezado por la rectora de esta casa de estudios, Sara Ladr\u00f3n de Guevara, y el director del IIJ de la UNAM, Pedro Salazar Ugarte.<\/p>\n<p>El abogado general de la UV, Alberto Islas Reyes, explic\u00f3 que el convenio de colaboraci\u00f3n tiene por objetivo establecer las bases y los mecanismos para que la UNAM \u2500a trav\u00e9s del IIJ\u2500 junto con la UV elaboren actividades conjuntas en materia de investigaci\u00f3n, docencia, difusi\u00f3n y extensi\u00f3n de la cultura jur\u00eddica.<\/p>\n<p>Se\u00f1al\u00f3 que para la ejecuci\u00f3n de este convenio se elaborar\u00e1n otros espec\u00edficos en las siguientes actividades: proyectos de investigaci\u00f3n de estudios jur\u00eddicos, ciclos de conferencias, coloquios, seminarios, simposios, talleres, cursos, presentaciones de libros, difusi\u00f3n y publicaci\u00f3n de eventos, publicaci\u00f3n de art\u00edculos y lo que acuerden las partes.<\/p>\n<p>Al respecto, Sara Ladr\u00f3n de Guevara coment\u00f3 que con esta firma se formaliza el apoyo y acompa\u00f1amiento que han tenido investigadores del IIJ de la UV y del IIJ de la UNAM.<\/p>\n<p>\u201cCelebro que formalicemos este convenio porque da lugar a las inquietudes de nuestros acad\u00e9micos, funcionarios y sobre todo de nuestros estudiantes, de encontrar nuevas actividades y formas de vincularnos con un instituto prestigioso y que es punta de lanza en estudios jur\u00eddicos.\u201d<\/p>\n<p>En tanto, Pedro Salazar dijo que para el instituto que representa y para la UNAM, es importante celebrar este convenio de colaboraci\u00f3n con la UV, una casa de estudios reconocida a nivel nacional.<\/p>\n<p>\u201cEs importante celebrar un convenio de colaboraci\u00f3n con la UV, ya que nuestra historia en esta materia es muy fruct\u00edfera y provechosa, especialmente en los estudios y formaci\u00f3n jur\u00eddica.\u201d<\/p>\n<p>La firma fue atestiguada por Salvador Valencia Carmona, ex rector de la UV; Jos\u00e9 Rigoberto Gabriel Arg\u00fcelles, director general de la Unidad de Estudios de Posgrado; Raciel Mart\u00ednez G\u00f3mez, director general de Comunicaci\u00f3n Universitaria, y Petra Armenta Ram\u00edrez, directora del IIJ-UV.<\/p>\n<p>Tambi\u00e9n, por Miguel Flores Covarrubias, director general del \u00c1rea Acad\u00e9mica de Artes; Domingo Canales Espinosa, director general del \u00c1rea Acad\u00e9mica Biol\u00f3gico-Agropecuaria; Pedro Guti\u00e9rrez Aguilar, director general del \u00c1rea Acad\u00e9mica de Ciencias de la Salud; Jos\u00e9 Luis Mart\u00ednez Su\u00e1rez, director general del \u00c1rea Acad\u00e9mica de Humanidades, y Arturo Bocardo Valle, director general del \u00c1rea Acad\u00e9mica Econ\u00f3mico-Administrativa.<\/p>\n<p>&nbsp;<\/p>\n<div id=\"attachment_59082\" style=\"width: 732px\" class=\"wp-caption aligncenter\"><a href=\"https:\/\/www.uv.mx\/prensa\/files\/2018\/11\/281118-PAOLA-Firma-convenio-2.jpg\"><img aria-describedby=\"caption-attachment-59082\" decoding=\"async\" loading=\"lazy\" class=\"wp-image-59082 size-full\" src=\"https:\/\/www.uv.mx\/prensa\/files\/2018\/11\/281118-PAOLA-Firma-convenio-2.jpg\" alt=\"\" width=\"722\" height=\"482\" srcset=\"https:\/\/www.uv.mx\/prensa\/files\/2018\/11\/281118-PAOLA-Firma-convenio-2.jpg 722w, https:\/\/www.uv.mx\/prensa\/files\/2018\/11\/281118-PAOLA-Firma-convenio-2-300x200.jpg 300w\" sizes=\"(max-width: 722px) 100vw, 722px\" \/><\/a><p id=\"caption-attachment-59082\" class=\"wp-caption-text\">UV e IIJ-UNAM impulsar\u00e1n actividades conjuntar en materia jur\u00eddica<\/p><\/div>\n","protected":false},"excerpt":{"rendered":"<p>Firmaron un convenio de colaboraci\u00f3n que establece las bases y los mecanismos para el desarrollo conjunto de investigaci\u00f3n y difusi\u00f3n en materia jur\u00eddica<\/p>\n","protected":false},"author":1508,"featured_media":59092,"comment_status":"closed","ping_status":"closed","sticky":false,"template":"","format":"standard","meta":[],"categories":[61],"tags":[],"_links":{"self":[{"href":"https:\/\/www.uv.mx\/prensa\/wp-json\/wp\/v2\/posts\/59091"}],"collection":[{"href":"https:\/\/www.uv.mx\/prensa\/wp-json\/wp\/v2\/posts"}],"about":[{"href":"https:\/\/www.uv.mx\/prensa\/wp-json\/wp\/v2\/types\/post"}],"author":[{"embeddable":true,"href":"https:\/\/www.uv.mx\/prensa\/wp-json\/wp\/v2\/users\/1508"}],"replies":[{"embeddable":true,"href":"https:\/\/www.uv.mx\/prensa\/wp-json\/wp\/v2\/comments?post=59091"}],"version-history":[{"count":0,"href":"https:\/\/www.uv.mx\/prensa\/wp-json\/wp\/v2\/posts\/59091\/revisions"}],"wp:featuredmedia":[{"embeddable":true,"href":"https:\/\/www.uv.mx\/prensa\/wp-json\/wp\/v2\/media\/59092"}],"wp:attachment":[{"href":"https:\/\/www.uv.mx\/prensa\/wp-json\/wp\/v2\/media?parent=59091"}],"wp:term":[{"taxonomy":"category","embeddable":true,"href":"https:\/\/www.uv.mx\/prensa\/wp-json\/wp\/v2\/categories?post=59091"},{"taxonomy":"post_tag","embeddable":true,"href":"https:\/\/www.uv.mx\/prensa\/wp-json\/wp\/v2\/tags?post=59091"}],"curies":[{"name":"wp","href":"https:\/\/api.w.org\/{rel}","templated":true}]}}