{"id":59716,"date":"2018-12-08T09:00:01","date_gmt":"2018-12-08T15:00:01","guid":{"rendered":"https:\/\/www.uv.mx\/prensa\/?p=59716"},"modified":"2018-12-07T18:53:44","modified_gmt":"2018-12-08T00:53:44","slug":"mauricio-beuchot-destaco-seminario-charles-sanders-peirce","status":"publish","type":"post","link":"https:\/\/www.uv.mx\/prensa\/banner\/mauricio-beuchot-destaco-seminario-charles-sanders-peirce\/","title":{"rendered":"Mauricio Beuchot destac\u00f3 seminario \u00abCharles Sanders Peirce\u00bb"},"content":{"rendered":"<ul>\n<li><i>\u201c<\/i><i>La Universidad Veracruzana es digna de elogio por apoyar trabajos de este tipo, ya que la semi\u00f3tica est\u00e1 llamada a servir como puente entre las diversas disciplinas<\/i><i>\u201d<\/i><i>, manifest\u00f3 el fil\u00f3sofo<\/i><\/li>\n<li><i>El seminario tiene sesiones presenciales todos los viernes<\/i><i>,<\/i><i> de 16:00 a 20:00 horas<\/i><i>,<\/i><i> en el Instituto de Artes Pl\u00e1sticas<\/i><\/li>\n<\/ul>\n<p>&nbsp;<\/p>\n<div id=\"attachment_59628\" style=\"width: 732px\" class=\"wp-caption aligncenter\"><a href=\"https:\/\/www.uv.mx\/prensa\/files\/2018\/12\/031218-DAVID-Mauricio-Beuchot-sobre-seminario-de-Peirce-en-la-UV.jpg\"><img aria-describedby=\"caption-attachment-59628\" decoding=\"async\" loading=\"lazy\" class=\"size-full wp-image-59628\" src=\"https:\/\/www.uv.mx\/prensa\/files\/2018\/12\/031218-DAVID-Mauricio-Beuchot-sobre-seminario-de-Peirce-en-la-UV.jpg\" alt=\"\" width=\"722\" height=\"630\" srcset=\"https:\/\/www.uv.mx\/prensa\/files\/2018\/12\/031218-DAVID-Mauricio-Beuchot-sobre-seminario-de-Peirce-en-la-UV.jpg 722w, https:\/\/www.uv.mx\/prensa\/files\/2018\/12\/031218-DAVID-Mauricio-Beuchot-sobre-seminario-de-Peirce-en-la-UV-300x262.jpg 300w\" sizes=\"(max-width: 722px) 100vw, 722px\" \/><\/a><p id=\"caption-attachment-59628\" class=\"wp-caption-text\">Mauricio Beuchot destac\u00f3 el trabajo que realiza la UV<\/p><\/div>\n<p>&nbsp;<\/p>\n<p><b><i>David Sandoval Rodr\u00edguez<\/i><\/b><\/p>\n<p><b><i>08\/12\/<\/i><\/b><b><i>18<\/i><\/b><b><i>,<\/i><\/b><b><i> Xalapa, Ver.-<\/i><\/b> Mauricio Beuchot Puente, fil\u00f3sofo, autor e investigador que recibir\u00e1 el Doctorado <i>Honoris Causa<\/i> por la Universidad Veracruzana (UV) en el marco de su 75 aniversario de fundaci\u00f3n, consider\u00f3 el Seminario Interdisciplinario \u201cCharles Sanders Peirce\u201d como un evento necesario y oportuno.<\/p>\n<p>Fue en la \u00faltima sesi\u00f3n del Consejo Universitario General (CUG) de la m\u00e1xima casa de estudios, celebrado el lunes 3 de diciembre, cuando el pleno aprob\u00f3 por mayor\u00eda de votos la entrega de la m\u00e1s alta distinci\u00f3n que otorga la UV al investigador de tiempo completo del Instituto de Investigaciones Filol\u00f3gicas de la Universidad Nacional Aut\u00f3noma de M\u00e9xico (UNAM), quien fue propuesto por la Junta Acad\u00e9mica\u00a0del Instituto de Filosof\u00eda de la UV.<\/p>\n<p>La relaci\u00f3n de Beuchot Puente con la UV se ha extendido a lo largo de los a\u00f1os, contando con su participaci\u00f3n en el Seminario Internacional \u201cCharles Sanders Peirce\u201d \u201cPragmatismo y creaci\u00f3n art\u00edstica\u201d, realizado del 10 al 12 de junio de 2015.<\/p>\n<p>Respecto al Seminario Interdisciplinario \u201cCharles Sanders Peirce\u201d que est\u00e1 llevando a cabo Marco Antonio Garc\u00eda Mart\u00ednez, acad\u00e9mico del Instituto y de la Facultad de Artes Pl\u00e1sticas, el fil\u00f3sofo lo consider\u00f3 como algo muy necesario y oportuno.<\/p>\n<p>\u201cNecesario, porque es el pensamiento de un gran autor, que poco a poco est\u00e1 siendo muy estudiado, lo cual nos muestra su actualidad. Oportuno, porque es precisamente de mucha actualidad, ya que parece haberse anticipado a muchos fen\u00f3menos del presente, por ejemplo el problema de la interdisciplinariedad.\u201d<\/p>\n<p>Calific\u00f3 como muy loable el esfuerzo Garc\u00eda Mart\u00ednez y su grupo, \u201cporque ha conjuntado un colectivo interdisciplinar, ahora que tanto se estudia este tema y ha llegado a ser un problema candente en las universidades, sobre todo en el \u00e1mbito de las humanidades\u201d.<\/p>\n<p>En el mismo sentido, destac\u00f3 que \u201cla UV es digna de elogio por apoyar trabajos de este tipo, ya que la semi\u00f3tica est\u00e1 llamada a servir como puente entre las diversas disciplinas\u201d.<\/p>\n<p>Charles Sanders Peirce es considerado el fundador de la moderna semi\u00f3tica dado que aporta los instrumentos necesarios para realizar esa labor.<\/p>\n<p>\u201cEn efecto, es la teor\u00eda general del signo, y los signos nos sirven para comunicarnos tanto a nivel social como entre las ciencias, por eso me congratulo y felicito a la Universidad Veracruzana por tener un seminario as\u00ed, que de modo interdisciplinar estudia los elementos principales de la semi\u00f3tica actual\u201d, expres\u00f3.<\/p>\n<p>Por su parte, Garc\u00eda Mart\u00ednez apunt\u00f3 que hablar de epistemolog\u00eda y metodolog\u00eda para la creaci\u00f3n art\u00edstica, involucra una relaci\u00f3n entre est\u00e9tica y conocimiento, y en cuanto a la producci\u00f3n art\u00edstica, ello nos permite clarificar qu\u00e9 est\u00e1n haciendo los artistas, ya que como sostiene el propio Beuchot, a veces no sabemos si lo que vemos es una obra de arte o un bodrio.<\/p>\n<p>\u201cEn la medida en que se reflexione sobre el proceso de creaci\u00f3n art\u00edstica, y se entienda que no todo es inspiraci\u00f3n o bohemia, sino que involucra procesos cognitivos que posibilitan subvertir los c\u00f3digos establecidos por la tradici\u00f3n, llegaremos a comprender qu\u00e9 es lo que hace una obra de arte\u201d, precis\u00f3 el acad\u00e9mico de la UV.<\/p>\n<p>El Seminario Interdisciplinario \u201cCharles Sanders Peirce\u201d, bajo una visi\u00f3n prospectiva y estrat\u00e9gica, pretende a corto y mediano plazo vincularse acad\u00e9micamente con grupos, redes, instituciones educativas, facultades, centros de investigaci\u00f3n e investigadores especialistas.<\/p>\n<p>&nbsp;<\/p>\n<div id=\"attachment_59717\" style=\"width: 732px\" class=\"wp-caption aligncenter\"><a href=\"https:\/\/www.uv.mx\/prensa\/files\/2018\/12\/071218-Beuchot-2.jpg\"><img aria-describedby=\"caption-attachment-59717\" decoding=\"async\" loading=\"lazy\" class=\"size-full wp-image-59717\" src=\"https:\/\/www.uv.mx\/prensa\/files\/2018\/12\/071218-Beuchot-2.jpg\" alt=\"\" width=\"722\" height=\"482\" srcset=\"https:\/\/www.uv.mx\/prensa\/files\/2018\/12\/071218-Beuchot-2.jpg 722w, https:\/\/www.uv.mx\/prensa\/files\/2018\/12\/071218-Beuchot-2-300x200.jpg 300w\" sizes=\"(max-width: 722px) 100vw, 722px\" \/><\/a><p id=\"caption-attachment-59717\" class=\"wp-caption-text\">Adolfo Garc\u00eda de la Sienra Guajardo, integrante del Instituto de Filosof\u00eda de la UV, ley\u00f3 la semblanza de Beuchot Puente en la sesi\u00f3n del CUG<\/p><\/div>\n","protected":false},"excerpt":{"rendered":"<p>La Universidad Veracruzana es digna de elogio por apoyar trabajos de este tipo, destac\u00f3 el fil\u00f3sofo y pr\u00f3ximo Doctor <em>Honoris Causa<\/em> por esta casa de estudios<\/p>\n","protected":false},"author":1508,"featured_media":59771,"comment_status":"closed","ping_status":"closed","sticky":false,"template":"","format":"standard","meta":[],"categories":[61],"tags":[],"_links":{"self":[{"href":"https:\/\/www.uv.mx\/prensa\/wp-json\/wp\/v2\/posts\/59716"}],"collection":[{"href":"https:\/\/www.uv.mx\/prensa\/wp-json\/wp\/v2\/posts"}],"about":[{"href":"https:\/\/www.uv.mx\/prensa\/wp-json\/wp\/v2\/types\/post"}],"author":[{"embeddable":true,"href":"https:\/\/www.uv.mx\/prensa\/wp-json\/wp\/v2\/users\/1508"}],"replies":[{"embeddable":true,"href":"https:\/\/www.uv.mx\/prensa\/wp-json\/wp\/v2\/comments?post=59716"}],"version-history":[{"count":0,"href":"https:\/\/www.uv.mx\/prensa\/wp-json\/wp\/v2\/posts\/59716\/revisions"}],"wp:featuredmedia":[{"embeddable":true,"href":"https:\/\/www.uv.mx\/prensa\/wp-json\/wp\/v2\/media\/59771"}],"wp:attachment":[{"href":"https:\/\/www.uv.mx\/prensa\/wp-json\/wp\/v2\/media?parent=59716"}],"wp:term":[{"taxonomy":"category","embeddable":true,"href":"https:\/\/www.uv.mx\/prensa\/wp-json\/wp\/v2\/categories?post=59716"},{"taxonomy":"post_tag","embeddable":true,"href":"https:\/\/www.uv.mx\/prensa\/wp-json\/wp\/v2\/tags?post=59716"}],"curies":[{"name":"wp","href":"https:\/\/api.w.org\/{rel}","templated":true}]}}