{"id":59750,"date":"2018-12-07T16:03:34","date_gmt":"2018-12-07T22:03:34","guid":{"rendered":"https:\/\/www.uv.mx\/prensa\/?p=59750"},"modified":"2018-12-07T16:13:31","modified_gmt":"2018-12-07T22:13:31","slug":"sep-reconocio-que-la-uv-tiene-95-08-de-su-matricula-acreditada-rectora","status":"publish","type":"post","link":"https:\/\/www.uv.mx\/prensa\/banner\/sep-reconocio-que-la-uv-tiene-95-08-de-su-matricula-acreditada-rectora\/","title":{"rendered":"SEP reconoci\u00f3 que la UV tiene 95.08 por ciento de su matr\u00edcula acreditada: Rectora"},"content":{"rendered":"<ul>\n<li><em>Sara Ladr\u00f3n de Guevara lo dio a conocer durante la entrega del<span class=\"TextRun SCXW101033221\" lang=\"ES-MX\" xml:lang=\"ES-MX\"><span class=\"NormalTextRun SCXW101033221\"> Premio \u201cArte, Ciencia, Luz\u201d a los 16 mejores trabajos <\/span><\/span><span class=\"TextRun SCXW101033221\" lang=\"ES-MX\" xml:lang=\"ES-MX\"><span class=\"SpellingError SCXW101033221\">recepcionales<\/span><\/span><span class=\"TextRun SCXW101033221\" lang=\"ES-MX\" xml:lang=\"ES-MX\"><span class=\"NormalTextRun SCXW101033221\"> en licenciatura, especialidad, maestr\u00eda y doctorado<\/span><\/span><\/em><\/li>\n<\/ul>\n<p>&nbsp;<\/p>\n<div id=\"attachment_59752\" style=\"width: 612px\" class=\"wp-caption aligncenter\"><a href=\"https:\/\/www.uv.mx\/prensa\/files\/2018\/12\/071218-reconocimientoSEP.jpg\"><img aria-describedby=\"caption-attachment-59752\" decoding=\"async\" loading=\"lazy\" class=\"wp-image-59752 size-full\" src=\"https:\/\/www.uv.mx\/prensa\/files\/2018\/12\/071218-reconocimientoSEP.jpg\" alt=\"\" width=\"602\" height=\"722\" srcset=\"https:\/\/www.uv.mx\/prensa\/files\/2018\/12\/071218-reconocimientoSEP.jpg 602w, https:\/\/www.uv.mx\/prensa\/files\/2018\/12\/071218-reconocimientoSEP-250x300.jpg 250w\" sizes=\"(max-width: 602px) 100vw, 602px\" \/><\/a><p id=\"caption-attachment-59752\" class=\"wp-caption-text\">La Secretar\u00eda de Educaci\u00f3n P\u00fablica entreg\u00f3 un reconocimiento a esta casa de estudios por consolidarse como una instituci\u00f3n sobresaliente<\/p><\/div>\n<p>&nbsp;<\/p>\n<p><b><i>Karina de la Paz Reyes<\/i><\/b><b><i> y<\/i><\/b><b><i> David Sandoval<\/i><\/b><\/p>\n<p><b><i>07\/12\/18, Xalapa, <\/i><\/b><b><i>Ver.-<\/i><\/b> La Universidad Veracruzana (UV) entreg\u00f3 el Premio \u201cArte, Ciencia, Luz\u201d 2018 a los mejores trabajos recepcionales de licenciatura, especialidad, maestr\u00eda y doctorado, en ceremonia celebrada el viernes 7 de diciembre en el Auditorio \u201cAlfonso Medell\u00edn Zenil\u201d del Museo de Antropolog\u00eda de Xalapa (MAX).<\/p>\n<p>En su mensaje, la rectora Sara Ladr\u00f3n de Guevara dio a conocer que la Secretar\u00eda de Educaci\u00f3n P\u00fablica (SEP) entreg\u00f3 un reconocimiento a esta casa de estudios por consolidarse como una instituci\u00f3n sobresaliente en sus esfuerzos de acreditaci\u00f3n y evaluaci\u00f3n, alcanzando el 95.08 por ciento de su matr\u00edcula en programas de calidad.<\/p>\n<p>\u201c\u00c9ste es el porcentaje m\u00e1s alto que hemos tenido en nuestros casi 75 a\u00f1os como instituci\u00f3n; la Universidad est\u00e1 siendo reconocida por el esfuerzo de toda su comunidad.\u201d<\/p>\n<p>Respecto del Premio \u201cArte, Ciencia, Luz\u201d se\u00f1al\u00f3 que fue obtenido por alumnos de las regiones de Xalapa, Veracruz, Poza Rica-Tuxpan y Orizaba-C\u00f3rdoba, mostrando as\u00ed un equilibrio en la distribuci\u00f3n de los galardones.<\/p>\n<p>\u201cMuchas felicidades por dar m\u00e1s, por saber que no se trata solamente de obtener un grado sino de hacer lo mejor que uno pueda, es un compromiso de los universitarios.\u201d<\/p>\n<p>&nbsp;<\/p>\n<div id=\"attachment_59755\" style=\"width: 732px\" class=\"wp-caption aligncenter\"><a href=\"https:\/\/www.uv.mx\/prensa\/files\/2018\/12\/0712187-Premio-ACL-2.jpg\"><img aria-describedby=\"caption-attachment-59755\" decoding=\"async\" loading=\"lazy\" class=\"size-full wp-image-59755\" src=\"https:\/\/www.uv.mx\/prensa\/files\/2018\/12\/0712187-Premio-ACL-2.jpg\" alt=\"\" width=\"722\" height=\"481\" srcset=\"https:\/\/www.uv.mx\/prensa\/files\/2018\/12\/0712187-Premio-ACL-2.jpg 722w, https:\/\/www.uv.mx\/prensa\/files\/2018\/12\/0712187-Premio-ACL-2-300x200.jpg 300w\" sizes=\"(max-width: 722px) 100vw, 722px\" \/><\/a><p id=\"caption-attachment-59755\" class=\"wp-caption-text\">De 2012 a la fecha, se han reconocido 87 trabajos recepcionales, por su originalidad, pertinencia y relevancia<\/p><\/div>\n<p>&nbsp;<\/p>\n<p>A\u00f1adi\u00f3 que los estudiantes tienen la oportunidad y el apoyo de la sociedad para realizar estudios, y hacer su mejor esfuerzo y hacerlo con calidad, es algo que hoy su alma m\u00e1ter les reconoce.<\/p>\n<p>Felicit\u00f3 igualmente a los profesores que coordinan los esfuerzos y comparten sus conocimientos, dado que este proceso formativo con los j\u00f3venes \u201ces una experiencia maravillosa\u201d y tambi\u00e9n formativa para ellos.<\/p>\n<p>En el mismo sentido, agradeci\u00f3 y extendi\u00f3 su reconocimiento a las familias de los premiados, por su apoyo y paciencia.<\/p>\n<p>Los premios permiten conocer los intereses, capacidades y talento de los universitarios, as\u00ed como las aportaciones a la investigaci\u00f3n que ofrecen; \u201ces, por as\u00ed decirlo, como tomarle el pulso a la Universidad y constatar que goza de cabal salud y que cumple su funci\u00f3n social: poner sus conocimientos al servicio de la sociedad a la que nos debemos\u201d, afirm\u00f3.<\/p>\n<p>Los trabajos recepcionales premiados permiten constatar que el campo de acci\u00f3n y la influencia de la instituci\u00f3n son amplios y diversos, subray\u00f3 la Rectora.<\/p>\n<p>\u201cTenemos m\u00e1s que suficientes motivos de alegr\u00eda y orgullo para celebrar esta nueva entrega del Premio \u2018Arte, Ciencia, Luz\u2019, un reconocimiento que con plena justicia les hace su casa de estudios\u201d, manifest\u00f3.<\/p>\n<p>&nbsp;<\/p>\n<div id=\"attachment_59758\" style=\"width: 732px\" class=\"wp-caption aligncenter\"><a href=\"https:\/\/www.uv.mx\/prensa\/files\/2018\/12\/0712187-Premio-ACL-1.jpg\"><img aria-describedby=\"caption-attachment-59758\" decoding=\"async\" loading=\"lazy\" class=\"size-full wp-image-59758\" src=\"https:\/\/www.uv.mx\/prensa\/files\/2018\/12\/0712187-Premio-ACL-1.jpg\" alt=\"\" width=\"722\" height=\"481\" srcset=\"https:\/\/www.uv.mx\/prensa\/files\/2018\/12\/0712187-Premio-ACL-1.jpg 722w, https:\/\/www.uv.mx\/prensa\/files\/2018\/12\/0712187-Premio-ACL-1-300x200.jpg 300w\" sizes=\"(max-width: 722px) 100vw, 722px\" \/><\/a><p id=\"caption-attachment-59758\" class=\"wp-caption-text\">La Rectora destac\u00f3 el esfuerzo y compromiso de la comunidad universitaria<\/p><\/div>\n<p>&nbsp;<\/p>\n<p>La entrega del premio fue atestiguada por la secretaria Acad\u00e9mica, Magdalena Hern\u00e1ndez Alarc\u00f3n; el secretario de Administraci\u00f3n y Finanzas, Salvador Tapia Spinoso; el secretario de Desarrollo Institucional, Octavio Ochoa Contreras; los vicerrectores de Veracruz, Poza Rica-Tuxpan, Orizaba-C\u00f3rdoba y Coatzacoalcos-Minatitl\u00e1n, Alfonso Gerardo P\u00e9rez Morales, Jos\u00e9 Luis Alan\u00eds M\u00e9ndez, Jos\u00e9 Eduardo Mart\u00ednez Canales y Carlos Lamothe Zavaleta, respectivamente.<\/p>\n<p>En el pres\u00eddium tambi\u00e9n participaron el galardonado Sa\u00fal Dom\u00ednguez Isidro, del Programa de Doctorado en Inteligencia Artificial, y Laura Teresa Hern\u00e1ndez Salazar, coordinadora de Posgrado en el Instituto de Neuroetolog\u00eda, en representaci\u00f3n de los premiados y de los directores de tesis.<\/p>\n<p>Laura Teresa Hern\u00e1ndez puntualiz\u00f3 la fuerte presencia que los estudiantes de Neuroetolog\u00eda\u00a0 han tenido en las diferentes ediciones de este premio: a partir de 2012 han destacado 71 trabajos recepcionales y en la presente edici\u00f3n se hizo lo propio con 16 m\u00e1s, elegidos de entre 188 registrados ante la Secretar\u00eda Acad\u00e9mica.<\/p>\n<p>Tambi\u00e9n agradeci\u00f3 a las autoridades universitarias por darle continuidad a esta convocatoria, \u201cporque ustedes propician que los estudiantes se estimulen y busquen la excelencia\u201d.<\/p>\n<p>En ese sentido se pronunci\u00f3 tambi\u00e9n Sa\u00fal Dom\u00ednguez, quien agradeci\u00f3 a la Universidad la labor de fomentar el desarrollo de la investigaci\u00f3n:<\/p>\n<p>\u201cEl hecho de que la m\u00e1xima casa de estudios premie aquellos trabajos destacados por su relevancia acad\u00e9mica tiene gran val\u00eda, ya que motiva a investigadores, profesores y alumnos a realizar investigaciones de calidad, las cuales van m\u00e1s all\u00e1 de las fronteras del conocimiento en distintas \u00e1reas de estudio y las artes, con el prop\u00f3sito de impactar en problem\u00e1ticas de car\u00e1cter social, pedag\u00f3gico, tecnol\u00f3gico y cultural.\u201d<\/p>\n<p>&nbsp;<\/p>\n<div id=\"attachment_59754\" style=\"width: 732px\" class=\"wp-caption aligncenter\"><a href=\"https:\/\/www.uv.mx\/prensa\/files\/2018\/12\/0712187-Premio-ACL-3.jpg\"><img aria-describedby=\"caption-attachment-59754\" decoding=\"async\" loading=\"lazy\" class=\"size-full wp-image-59754\" src=\"https:\/\/www.uv.mx\/prensa\/files\/2018\/12\/0712187-Premio-ACL-3.jpg\" alt=\"\" width=\"722\" height=\"481\" srcset=\"https:\/\/www.uv.mx\/prensa\/files\/2018\/12\/0712187-Premio-ACL-3.jpg 722w, https:\/\/www.uv.mx\/prensa\/files\/2018\/12\/0712187-Premio-ACL-3-300x200.jpg 300w\" sizes=\"(max-width: 722px) 100vw, 722px\" \/><\/a><p id=\"caption-attachment-59754\" class=\"wp-caption-text\">El Premio \u201cArte, Ciencia, Luz\u201d 2018 fue entregado a 16 estudiantes de los niveles licenciatura, maestr\u00eda y doctorado<\/p><\/div>\n<p>&nbsp;<\/p>\n<p><b>Ganadores del Premio en su edici\u00f3n 2018<\/b><\/p>\n<p>Los mejores trabajos recepcionales en el nivel licenciatura fueron los de: \u00d3scar Antonino Torres Ruiz, del programa educativo (PE) Artes Visuales, Xalapa, con \u201cLa familia de Pepe Pato\u201d; directora: Mar\u00eda Teresa Gonz\u00e1lez Linaje y codirector Alfredo Garc\u00eda Mart\u00ednez.<\/p>\n<p>Luis Alfredo Rend\u00f3n Bautista, del PE Biolog\u00eda, Xalapa, con \u201cEfecto de la orexina-A en la expresi\u00f3n de neuroglobina en poblaciones neuronales que regulan el ciclo vigilia-sue\u00f1o de la rata macho\u201d; director: Fabio Alfredo Garc\u00eda Garc\u00eda.<\/p>\n<p>Tamara Amneris Semer\u00eda Maitret, del PE Qu\u00edmica Cl\u00ednica, Veracruz, con \u201cEstudio comparativo de la inmovilizaci\u00f3n de la lipasa termoalcal\u00f3fila recombinante LipMatCCR11 de Geobacillus thermoleovorans CCR11 por dos m\u00e9todos de inmovilizaci\u00f3n\u201d; directora: Mar\u00eda Guadalupe S\u00e1nchez Otero y codirector Jorge Guillermo Dom\u00ednguez Ch\u00e1vez.<\/p>\n<p>Victoria de los \u00c1ngeles D\u00edaz Sol\u00eds, del PE Econom\u00eda, Xalapa, con \u201cEstimaci\u00f3n del producto potencial y de la brecha del producto del estado de Veracruz (1995-2016)\u201d; director: Rogelio Javier Rend\u00f3n Hern\u00e1ndez.<\/p>\n<p>Roberto S\u00e1nchez Linares, del PE Pedagog\u00eda, Veracruz, con \u201cLas voces de mujeres chinantecas; abriendo grietas desde la educaci\u00f3n\u201d; director: Edgard Gonz\u00e1lez Su\u00e1rez.<\/p>\n<p>Eliod Mara\u00f1\u00f3n Murga, del PE Qu\u00edmica Farmac\u00e9utica Biol\u00f3gica, Orizaba, con \u201cEstudios de farmacolog\u00eda conductual del flavonoide crisina en el afrontamiento al estr\u00e9s agudo en ratas ovariectomizadas\u201d; director: Juan Francisco Rodr\u00edguez Landa y codirectora Emma Virginia Herrera Huerta.<\/p>\n<p>En el nivel Especialidad: Francisco Javier Sanabria P\u00e9rez, del PE Gesti\u00f3n e Impacto Ambiental, Tuxpan, con \u201cDisposici\u00f3n final de residuos de medicamentos generados en los hogares de Tuxpan, Veracruz\u201d; directora: Carolina Sol\u00eds Maldonado y codirector: Jos\u00e9 Luis Alan\u00eds M\u00e9ndez.<\/p>\n<p>&nbsp;<\/p>\n<div id=\"attachment_59756\" style=\"width: 732px\" class=\"wp-caption aligncenter\"><a href=\"https:\/\/www.uv.mx\/prensa\/files\/2018\/12\/0712187-Premio-ACL-4.jpg\"><img aria-describedby=\"caption-attachment-59756\" decoding=\"async\" loading=\"lazy\" class=\"size-full wp-image-59756\" src=\"https:\/\/www.uv.mx\/prensa\/files\/2018\/12\/0712187-Premio-ACL-4.jpg\" alt=\"\" width=\"722\" height=\"481\" srcset=\"https:\/\/www.uv.mx\/prensa\/files\/2018\/12\/0712187-Premio-ACL-4.jpg 722w, https:\/\/www.uv.mx\/prensa\/files\/2018\/12\/0712187-Premio-ACL-4-300x200.jpg 300w\" sizes=\"(max-width: 722px) 100vw, 722px\" \/><\/a><p id=\"caption-attachment-59756\" class=\"wp-caption-text\">Sa\u00fal Dom\u00ednguez Isidro enfatiz\u00f3 la labor de la UV por propiciar los espacios y recursos en el fomento de la investigaci\u00f3n<\/p><\/div>\n<p>&nbsp;<\/p>\n<p>Sara Elena Benavides de Le\u00f3n, del PE Promoci\u00f3n de la Lectura, Veracruz, con \u201cEco-Calli: Taller de animaci\u00f3n a la lectura para los ni\u00f1os de una comunidad costera\u201d; director: Daniel Dom\u00ednguez Cuenca.<\/p>\n<p>En el nivel Maestr\u00eda fueron reconocidos: Rafael Fern\u00e1ndez Demeneghi, del PE Neuroetolog\u00eda, Xalapa, con \u201cEvaluaci\u00f3n del efecto del jugo de zarzamora (<i>Rubus<\/i> <i>fructicosus<\/i>) sobre la ansiedad experimental en la rata Wistar\u201d; directora: Mar\u00eda del Socorro Herrera Meza, codirector: Juan Francisco Rodr\u00edguez Landa.<\/p>\n<p>Ana Monserrat Vela Alc\u00e1ntara, del PE Ciencias de la Salud, Xalapa, con \u201cEl papel de las propiedades f\u00edsicas del sustrato sobre la proyecci\u00f3n axonal\u201d; directora: Elisa Hortensia Tamariz Dom\u00ednguez.<\/p>\n<p>Cynthia Cort\u00e9s Luis, del PE Ciencias Administrativas, Xalapa, con \u201cEstrategias de mercadotecnia para diversificar el mercado meta, caso: Taller de textiles de colchas y manteles artesanales \u2018Laritza\u2019 \u201d; director: Daniel Armando Olivera G\u00f3mez.<\/p>\n<p>Alejandro Mira Tapia, del PE Investigaci\u00f3n Educativa, Xalapa, con \u201cEl papel de la profesionalizaci\u00f3n intercultural en los procesos de afirmaci\u00f3n \u00e9tnica y resignificaci\u00f3n identitaria: los j\u00f3venes otom\u00edes de la Licenciatura en Emprendimientos en Econom\u00edas Solidarias del lnstituto lntercultural \u00d1\u00f6\u00f1ho, Quer\u00e9taro\u201d; director: Bruno Baronnet y codirectora: Laura Selene Mateos Cort\u00e9s.<\/p>\n<p>&nbsp;<\/p>\n<div id=\"attachment_59757\" style=\"width: 732px\" class=\"wp-caption aligncenter\"><a href=\"https:\/\/www.uv.mx\/prensa\/files\/2018\/12\/0712187-Premio-ACL-5.jpg\"><img aria-describedby=\"caption-attachment-59757\" decoding=\"async\" loading=\"lazy\" class=\"size-full wp-image-59757\" src=\"https:\/\/www.uv.mx\/prensa\/files\/2018\/12\/0712187-Premio-ACL-5.jpg\" alt=\"\" width=\"722\" height=\"481\" srcset=\"https:\/\/www.uv.mx\/prensa\/files\/2018\/12\/0712187-Premio-ACL-5.jpg 722w, https:\/\/www.uv.mx\/prensa\/files\/2018\/12\/0712187-Premio-ACL-5-300x200.jpg 300w\" sizes=\"(max-width: 722px) 100vw, 722px\" \/><\/a><p id=\"caption-attachment-59757\" class=\"wp-caption-text\">\u201cUstedes propician que los estudiantes se estimulen y busquen la excelencia\u201d, dijo Laura Teresa Hern\u00e1ndez a las autoridades<\/p><\/div>\n<p>&nbsp;<\/p>\n<p>Denisse Placier Sosa, del PE Ciencias en Procesos Biol\u00f3gicos, Orizaba, con \u201cEfecto de las prote\u00ednas GST-NS3 derivadas del virus dengue sobre un cultivo primario de c\u00e9lulas NK y de la l\u00ednea celular NK-92 de humano\u201d; directora: Aracely L\u00f3pez Monte\u00f3n.<\/p>\n<p>Del nivel Doctorado fueron galardonados: Denise Spaan, del PE Neuroetolog\u00eda, Xalapa, con \u201cThe Effects of Habitat Disturbance on the Populations of Geoffroy\u2019s Spider Monkey in the Yucatan Peninsula\u201d; director: Filippo Aureli y codirector Gabriel Ramos Fern\u00e1ndez.<\/p>\n<p>Liliana Sosa Dorantes, del PE Ciencias del Lenguaje, Xalapa, con \u201cEl idioma ingl\u00e9s en la educaci\u00f3n superior en M\u00e9xico: ideolog\u00edas ling\u00fc\u00edsticas y otros componentes. Un estudio de caso\u201d; directora: Nora Margarita Basurto Santos y codirector Jos\u00e9 Luis Ortega Mart\u00edn.<\/p>\n<p>Sa\u00fal Dom\u00ednguez Isidro, del PE Inteligencia Artificial, Xalapa, con \u201cMemetic Differential Evolution for Constrained Numerical Optimization Problems\u201d; director: Efr\u00e9n Mezura Montes.<\/p>\n<p>Como parte del p\u00fablico estuvieron presentes funcionarios universitarios, directores de facultades e institutos, as\u00ed como familiares y amigos de los galardonados.<\/p>\n<p>&nbsp;<\/p>\n<div id=\"attachment_59759\" style=\"width: 732px\" class=\"wp-caption aligncenter\"><a href=\"https:\/\/www.uv.mx\/prensa\/files\/2018\/12\/0712187-Premio-ACL-6.jpg\"><img aria-describedby=\"caption-attachment-59759\" decoding=\"async\" loading=\"lazy\" class=\"size-full wp-image-59759\" src=\"https:\/\/www.uv.mx\/prensa\/files\/2018\/12\/0712187-Premio-ACL-6.jpg\" alt=\"\" width=\"722\" height=\"481\" srcset=\"https:\/\/www.uv.mx\/prensa\/files\/2018\/12\/0712187-Premio-ACL-6.jpg 722w, https:\/\/www.uv.mx\/prensa\/files\/2018\/12\/0712187-Premio-ACL-6-300x200.jpg 300w\" sizes=\"(max-width: 722px) 100vw, 722px\" \/><\/a><p id=\"caption-attachment-59759\" class=\"wp-caption-text\">Autoridades universitarias, familiares y amigos de los galardonados atestiguaron la ceremonia<\/p><\/div>\n","protected":false},"excerpt":{"rendered":"<p>\u201c\u00c9ste es el porcentaje m\u00e1s alto que hemos tenido en nuestros casi 75 a\u00f1os como instituci\u00f3n; la Universidad est\u00e1 siendo reconocida por el esfuerzo de toda su comunidad\u201d<\/p>\n","protected":false},"author":1508,"featured_media":59751,"comment_status":"closed","ping_status":"closed","sticky":false,"template":"","format":"standard","meta":[],"categories":[61],"tags":[],"_links":{"self":[{"href":"https:\/\/www.uv.mx\/prensa\/wp-json\/wp\/v2\/posts\/59750"}],"collection":[{"href":"https:\/\/www.uv.mx\/prensa\/wp-json\/wp\/v2\/posts"}],"about":[{"href":"https:\/\/www.uv.mx\/prensa\/wp-json\/wp\/v2\/types\/post"}],"author":[{"embeddable":true,"href":"https:\/\/www.uv.mx\/prensa\/wp-json\/wp\/v2\/users\/1508"}],"replies":[{"embeddable":true,"href":"https:\/\/www.uv.mx\/prensa\/wp-json\/wp\/v2\/comments?post=59750"}],"version-history":[{"count":0,"href":"https:\/\/www.uv.mx\/prensa\/wp-json\/wp\/v2\/posts\/59750\/revisions"}],"wp:featuredmedia":[{"embeddable":true,"href":"https:\/\/www.uv.mx\/prensa\/wp-json\/wp\/v2\/media\/59751"}],"wp:attachment":[{"href":"https:\/\/www.uv.mx\/prensa\/wp-json\/wp\/v2\/media?parent=59750"}],"wp:term":[{"taxonomy":"category","embeddable":true,"href":"https:\/\/www.uv.mx\/prensa\/wp-json\/wp\/v2\/categories?post=59750"},{"taxonomy":"post_tag","embeddable":true,"href":"https:\/\/www.uv.mx\/prensa\/wp-json\/wp\/v2\/tags?post=59750"}],"curies":[{"name":"wp","href":"https:\/\/api.w.org\/{rel}","templated":true}]}}