{"id":60954,"date":"2019-01-14T09:00:21","date_gmt":"2019-01-14T15:00:21","guid":{"rendered":"https:\/\/www.uv.mx\/prensa\/?p=60954"},"modified":"2019-01-14T11:05:13","modified_gmt":"2019-01-14T17:05:13","slug":"derecho-realiza-campanas-de-acopio-permanentes","status":"publish","type":"post","link":"https:\/\/www.uv.mx\/prensa\/general\/derecho-realiza-campanas-de-acopio-permanentes\/","title":{"rendered":"Derecho realiza campa\u00f1as de acopio permanentes"},"content":{"rendered":"<ul>\n<li><i>Las ideas y el impulso provienen de los estudiantes, <\/i><i>inform<\/i><i>\u00f3 el acad\u00e9mico Guillermo S\u00e1nchez Vaca<\/i><\/li>\n<li><i>Se colectan libros para la biblioteca de Pacho Viejo, tapas de pl\u00e1stico para canjearlas por quimioterapias y medicamentos para ni\u00f1os con c\u00e1ncer <\/i><i>internados en <\/i><i>el <\/i>Cecan <i>y envases de Tetra<\/i> <i>P<\/i><i>ak<\/i><i> para forrar casas en comunidades aleda\u00f1as al Cofre de Perote<\/i><\/li>\n<\/ul>\n<p>&nbsp;<\/p>\n<div id=\"attachment_60873\" style=\"width: 732px\" class=\"wp-caption aligncenter\"><a href=\"https:\/\/www.uv.mx\/prensa\/files\/2019\/01\/100119-DAVID-acopio-en-la-Facultad-de-Derecho-100k.jpg\"><img aria-describedby=\"caption-attachment-60873\" decoding=\"async\" loading=\"lazy\" class=\"size-full wp-image-60873\" src=\"https:\/\/www.uv.mx\/prensa\/files\/2019\/01\/100119-DAVID-acopio-en-la-Facultad-de-Derecho-100k.jpg\" alt=\"\" width=\"722\" height=\"482\" srcset=\"https:\/\/www.uv.mx\/prensa\/files\/2019\/01\/100119-DAVID-acopio-en-la-Facultad-de-Derecho-100k.jpg 722w, https:\/\/www.uv.mx\/prensa\/files\/2019\/01\/100119-DAVID-acopio-en-la-Facultad-de-Derecho-100k-300x200.jpg 300w\" sizes=\"(max-width: 722px) 100vw, 722px\" \/><\/a><p id=\"caption-attachment-60873\" class=\"wp-caption-text\">El acad\u00e9mico Guillermo S\u00e1nchez invit\u00f3 a participar en alguna de las campa\u00f1as<\/p><\/div>\n<p>&nbsp;<\/p>\n<p><b><i>David Sandoval Rodr\u00edguez<\/i><\/b><\/p>\n<p><b><i>14\/01\/<\/i><\/b><b><i>19<\/i><\/b><b><i>,<\/i><\/b><b><i> Xalapa, Ver.- <\/i><\/b>En la<a href=\"https:\/\/www.uv.mx\/derecho\/\"> Facultad de Derecho de la Universidad Veracruzana<\/a> (UV) se cuenta de manera permanente con diversas campa\u00f1as de acopio que buscan beneficiar a sectores vulnerables de la sociedad.<\/p>\n<p>Guillermo S\u00e1nchez Vaca, profesor de la Facultad, coment\u00f3 que estas campa\u00f1as han crecido gracias a los aportes e ideas de los j\u00f3venes, as\u00ed como al involucramiento de trabajadores y de estudiantes de otras facultades.<\/p>\n<p>Las campa\u00f1as permanentes de recolecci\u00f3n comenzaron aproximadamente hace cinco a\u00f1os y la respuesta de la comunidad al interior ha ido creciendo, eso es muy bueno porque se han sumado tanto estudiantes como acad\u00e9micos y personal administrativo, explic\u00f3.<\/p>\n<p>\u201cUn d\u00eda se termina lo recolectado en envases de Tetra Pak y al siguiente volvemos a empezar a recolectar porque nos llevan m\u00e1s\u201d, dijo.<\/p>\n<p>Ejemplific\u00f3 dicha respuesta con las tres visitas que han realizado al Centro Estatal de Cancerolog\u00eda (<i>C<\/i><i>ecan<\/i>), llevando las tapas de pl\u00e1stico de botellas que se canjean por tratamientos de quimioterapia, as\u00ed como medicamentos para los ni\u00f1os.<\/p>\n<p>Por otro lado, el 30 de abril de cada a\u00f1o se llevan juguetes a los ni\u00f1os trabajadores en situaci\u00f3n de calle y a esta actividad se ha sumado la recolecci\u00f3n y entrega de ropa en comunidades vulnerables de la regi\u00f3n aleda\u00f1a a la capital.<\/p>\n<p>Coment\u00f3 que otra de las campa\u00f1as exitosas es la del acopio de pilas y en marzo de 2018, durante un evento de acopio que realiz\u00f3 el Ayuntamiento de Xalapa, lograron llevar 112 kilos de pilas usadas.<\/p>\n<p>\u201cEs la comunidad de la Facultad la que responde; puedo decir que estudiantes, maestros, trabajadores, incluso las se\u00f1oras que venden dulces participan; llevan tapas, ropa, mu\u00f1ecos de peluche o envases de Tetra Pak. Existe una gran respuesta\u201d, afirm\u00f3.<\/p>\n<p>En el mismo sentido, subray\u00f3 que son los propios j\u00f3venes quienes proponen las actividades a realizar; una de ellas fue el acopio de \u00fatiles escolares para el inicio del ciclo escolar a mediados del a\u00f1o pasado, los cuales fueron distribuidos a ni\u00f1os trabajadores en situaci\u00f3n de calle.<\/p>\n<p>\u201c\u00c9sta fue la idea de un estudiante y la seguimos; la comunidad respondi\u00f3 y fueron entregados en la Colonia Plan de Ayala.\u201d<\/p>\n<p>Es una acci\u00f3n por la cual cada a\u00f1o crece el inter\u00e9s de los j\u00f3venes pues se han incorporado alumnos de otras facultades, agreg\u00f3.<\/p>\n<p>\u201cHace un a\u00f1o fuimos a forrar casas de Tetra Pak a la comunidad de Coyopolan y asistieron muchachos de Biolog\u00eda, Ingenier\u00eda y Ciencias de la Comunicaci\u00f3n, por lo que se va tejiendo una red de ayuda entre ellos mismos.\u201d<\/p>\n<p>El primer prop\u00f3sito de estas acciones es formativo y se relaciona con la formaci\u00f3n integral que impulsa la UV, coment\u00f3 el catedr\u00e1tico, ya que los estudiantes participan desde el acto de donar hasta la entrega de lo recolectado, ello implica \u201cque estamos incentivando un sentido de solidaridad\u201d.<\/p>\n<p>En segundo lugar, quienes acuden a forrar las casas o a entregar la ropa y los \u00fatiles escolares o los juguetes tienen contacto directo con la poblaci\u00f3n m\u00e1s desfavorecida, \u201ceso es importante en su formaci\u00f3n porque se sensibilizan y en algunos casos adquieren un compromiso dentro de su quehacer profesional\u201d, recalc\u00f3 S\u00e1nchez Vaca.<\/p>\n","protected":false},"excerpt":{"rendered":"<p>Estas iniciativas comenzaron hace cinco a\u00f1os y la respuesta de la comunidad de la Facultad ha ido creciendo\u00a0<\/p>\n","protected":false},"author":1508,"featured_media":60873,"comment_status":"closed","ping_status":"closed","sticky":false,"template":"","format":"standard","meta":[],"categories":[1],"tags":[],"_links":{"self":[{"href":"https:\/\/www.uv.mx\/prensa\/wp-json\/wp\/v2\/posts\/60954"}],"collection":[{"href":"https:\/\/www.uv.mx\/prensa\/wp-json\/wp\/v2\/posts"}],"about":[{"href":"https:\/\/www.uv.mx\/prensa\/wp-json\/wp\/v2\/types\/post"}],"author":[{"embeddable":true,"href":"https:\/\/www.uv.mx\/prensa\/wp-json\/wp\/v2\/users\/1508"}],"replies":[{"embeddable":true,"href":"https:\/\/www.uv.mx\/prensa\/wp-json\/wp\/v2\/comments?post=60954"}],"version-history":[{"count":0,"href":"https:\/\/www.uv.mx\/prensa\/wp-json\/wp\/v2\/posts\/60954\/revisions"}],"wp:featuredmedia":[{"embeddable":true,"href":"https:\/\/www.uv.mx\/prensa\/wp-json\/wp\/v2\/media\/60873"}],"wp:attachment":[{"href":"https:\/\/www.uv.mx\/prensa\/wp-json\/wp\/v2\/media?parent=60954"}],"wp:term":[{"taxonomy":"category","embeddable":true,"href":"https:\/\/www.uv.mx\/prensa\/wp-json\/wp\/v2\/categories?post=60954"},{"taxonomy":"post_tag","embeddable":true,"href":"https:\/\/www.uv.mx\/prensa\/wp-json\/wp\/v2\/tags?post=60954"}],"curies":[{"name":"wp","href":"https:\/\/api.w.org\/{rel}","templated":true}]}}