{"id":61027,"date":"2019-01-15T09:00:42","date_gmt":"2019-01-15T15:00:42","guid":{"rendered":"https:\/\/www.uv.mx\/prensa\/?p=61027"},"modified":"2019-01-15T10:39:43","modified_gmt":"2019-01-15T16:39:43","slug":"alumna-de-posgrado-desarrolla-proyecto-para-mejorar-habitos-alimenticios","status":"publish","type":"post","link":"https:\/\/www.uv.mx\/prensa\/banner\/alumna-de-posgrado-desarrolla-proyecto-para-mejorar-habitos-alimenticios\/","title":{"rendered":"Alumna de posgrado desarrolla proyecto para mejorar h\u00e1bitos alimenticios"},"content":{"rendered":"<style type=\"text\/css\"><span style=\"width: 0px;overflow: hidden;line-height: 0\" class=\"mce_SELRES_start\">\ufeff<\/span><br \/>  blockquote p { color: #28519b; font-family: helvetica; font-size: 1.4em; }<br \/><\/style>\n<ul>\n<li><i>Andrea L\u00f3pez <\/i><i>Maupom\u00e9<\/i><i>, del Doctorado en Psicolog\u00eda,<\/i> i<i>nvita a <\/i><i>alumnos <\/i><i>de 18 a 25 a\u00f1os de edad para que participen en la investigaci\u00f3n mediante un tratamiento nutricio gratuito<\/i><\/li>\n<\/ul>\n<p>&nbsp;<\/p>\n<div id=\"attachment_61014\" style=\"width: 732px\" class=\"wp-caption aligncenter\"><a href=\"https:\/\/www.uv.mx\/prensa\/files\/2019\/01\/150119-Proyecto-habito-alimenticio-1.jpg\"><img aria-describedby=\"caption-attachment-61014\" decoding=\"async\" loading=\"lazy\" class=\"size-full wp-image-61014\" src=\"https:\/\/www.uv.mx\/prensa\/files\/2019\/01\/150119-Proyecto-habito-alimenticio-1.jpg\" alt=\"\" width=\"722\" height=\"481\" srcset=\"https:\/\/www.uv.mx\/prensa\/files\/2019\/01\/150119-Proyecto-habito-alimenticio-1.jpg 722w, https:\/\/www.uv.mx\/prensa\/files\/2019\/01\/150119-Proyecto-habito-alimenticio-1-300x200.jpg 300w\" sizes=\"(max-width: 722px) 100vw, 722px\" \/><\/a><p id=\"caption-attachment-61014\" class=\"wp-caption-text\">Andrea L\u00f3pez Maupom\u00e9, alumna del Doctorado en Psicolog\u00eda<\/p><\/div>\n<p>&nbsp;<\/p>\n<p>&nbsp;<\/p>\n<blockquote><p><span class=\"TextRun Highlight SCXW108762156\" lang=\"ES-ES\" xml:lang=\"ES-ES\"><span class=\"NormalTextRun SCXW108762156\">\u201cA<\/span><\/span><span class=\"TextRun Highlight SCXW108762156\" lang=\"ES-ES\" xml:lang=\"ES-ES\"><span class=\"NormalTextRun SCXW108762156\">lgunos estudiantes <\/span><\/span><span class=\"TextRun Highlight SCXW108762156\" lang=\"ES-ES\" xml:lang=\"ES-ES\"><span class=\"NormalTextRun SCXW108762156\">piensan que como son j\u00f3venes y sanos pueden dejar de comer y no pasa<\/span><\/span><span class=\"TextRun Highlight SCXW108762156\" lang=\"ES-ES\" xml:lang=\"ES-ES\"><span class=\"NormalTextRun SCXW108762156\"> nada, pero la realidad es que e<\/span><\/span><span class=\"TextRun Highlight SCXW108762156\" lang=\"ES-ES\" xml:lang=\"ES-ES\"><span class=\"NormalTextRun SCXW108762156\">stas pr\u00e1c<\/span><\/span><span class=\"TextRun Highlight SCXW108762156\" lang=\"ES-ES\" xml:lang=\"ES-ES\"><span class=\"NormalTextRun SCXW108762156\">ticas inadecuadas afectan <\/span><\/span><span class=\"TextRun Highlight SCXW108762156\" lang=\"ES-ES\" xml:lang=\"ES-ES\"><span class=\"NormalTextRun SCXW108762156\">la salud<\/span><\/span><span class=\"TextRun Highlight SCXW108762156\" lang=\"ES-ES\" xml:lang=\"ES-ES\"><span class=\"NormalTextRun SCXW108762156\">;<\/span><\/span><span class=\"TextRun Highlight SCXW108762156\" lang=\"ES-ES\" xml:lang=\"ES-ES\"><span class=\"NormalTextRun SCXW108762156\"> la poblaci\u00f3n universitaria que est\u00e1 pr<\/span><\/span><span class=\"TextRun Highlight SCXW108762156\" lang=\"ES-ES\" xml:lang=\"ES-ES\"><span class=\"NormalTextRun SCXW108762156\">\u00f3xima a iniciar su vida laboral<\/span><\/span> <span class=\"TextRun Highlight SCXW108762156\" lang=\"ES-ES\" xml:lang=\"ES-ES\"><span class=\"NormalTextRun SCXW108762156\">es<\/span><\/span><span class=\"TextRun Highlight SCXW108762156\" lang=\"ES-ES\" xml:lang=\"ES-ES\"><span class=\"NormalTextRun SCXW108762156\"> vulnerable <\/span><\/span><span class=\"TextRun Highlight SCXW108762156\" lang=\"ES-ES\" xml:lang=\"ES-ES\"><span class=\"NormalTextRun SCXW108762156\">y<\/span><\/span><span class=\"TextRun Highlight SCXW108762156\" lang=\"ES-ES\" xml:lang=\"ES-ES\"><span class=\"NormalTextRun SCXW108762156\"> no pone a<\/span><\/span><span class=\"TextRun Highlight SCXW108762156\" lang=\"ES-ES\" xml:lang=\"ES-ES\"><span class=\"NormalTextRun SCXW108762156\">tenci\u00f3n al cuidado de su salud\u201d<\/span><\/span><span class=\"EOP SCXW108762156\">\u00a0<\/span><\/p><\/blockquote>\n<p>&nbsp;<\/p>\n<p><b><i>Jos\u00e9 Luis <\/i><\/b><b><i>Couttolenc<\/i><\/b><b><i> Soto<\/i><\/b><\/p>\n<p><b><i>15\/0<\/i><\/b><b><i>1<\/i><\/b><b><i>\/19<\/i><\/b><b><i>, Xalapa, Ver.-<\/i><\/b> Andrea L\u00f3pez Maupom\u00e9, alumna del cuarto semestre del Doctorado en Psicolog\u00eda que imparte el <a href=\"https:\/\/www.uv.mx\/iip\/\">Instituto de Investigaciones Psicol\u00f3gicas<\/a> (IIP) de la Universidad Veracruzana (UV), desarrolla un trabajo de investigaci\u00f3n dirigido a mejorar los h\u00e1bitos alimenticios de los j\u00f3venes universitarios que deseen bajar de peso, basado en un tratamiento nutricional.<\/p>\n<p>Con estudios de Licenciatura en Nutrici\u00f3n por la UV y Maestr\u00eda en Ciencias de la Nutrici\u00f3n Humana por la Universidad Aut\u00f3noma de Quer\u00e9taro (UAQ), L\u00f3pez Maupom\u00e9 considera que en ocasiones \u201cel aspecto de la nutrici\u00f3n no voltea mucho a ver el fen\u00f3meno de la alimentaci\u00f3n ya que cada persona decide qu\u00e9 alimentos ingerir y cu\u00e1les no, desconociendo c\u00f3mo puede estar afectando el aprovechamiento de los nutrientes de manera correcta. En ese sentido va mi trabajo de investigaci\u00f3n\u201d.<\/p>\n<p>Su estudio, dijo, est\u00e1 dirigido a contribuir al mejoramiento de la manera en la que los estudiantes de la UV se alimentan, y que basado en un tratamiento nutricional \u201clogren comer mejor, bajen de peso y \u2013lo m\u00e1s importante\u2013 puedan tener un mejor rendimiento acad\u00e9mico\u201d.<\/p>\n<p>La estudiante se\u00f1al\u00f3 que com\u00fanmente los j\u00f3venes al iniciar su vida como universitarios, cambian completamente sus h\u00e1bitos, pues por los horarios escolares que deben cumplir o no desayunan ni pueden ir a comer a sus casas, lo que los hace acudir a los expendios de comida m\u00e1s cercanos a su Facultad, y eso combinado con el sedentarismo que muchos ejercen afecta su salud; adem\u00e1s, muchos de ellos llegan con antecedentes de sobrepeso, obesidad e hipertensi\u00f3n, entre otros padecimientos\u201d.<\/p>\n<p>Agreg\u00f3 que como nutri\u00f3loga busca que no se vayan con la finta de que comer bien es comer poco o comer m\u00e1s, sino que aprendan a comer los alimentos que les favorecen, en las cantidades adecuadas y con la calidad necesaria para optimizar la salud.<\/p>\n<p>\u201cAlgunos estudiantes piensan que como son j\u00f3venes y sanos pueden dejar de comer y no pasa nada, pero la realidad es que estas pr\u00e1cticas inadecuadas afectan la salud; la poblaci\u00f3n universitaria que est\u00e1 pr\u00f3xima a iniciar su vida laboral es vulnerable y no pone atenci\u00f3n al cuidado de su salud.\u201d<\/p>\n<p>Por lo anterior, Andrea L\u00f3pez destac\u00f3 que es importante que los j\u00f3venes universitarios sepan que existen alternativas y estrategias saludables que se pueden implementar, y \u00e9se es el objetivo de su trabajo de investigaci\u00f3n; asimismo, inform\u00f3 que ya culmin\u00f3 la primera fase del mismo, en la que convoc\u00f3 a participar a mujeres que cubrieron los objetivos dise\u00f1ados para ellas.<\/p>\n<p>La segunda fase tiene abierta una convocatoria dirigida a varones de 18 a 25 a\u00f1os de la regi\u00f3n Xalapa que deseen sumarse a este estudio, mediante un tratamiento nutricio gratuito de tres meses. Los interesados pueden comunicarse al tel\u00e9fono (229) 2191327 con Andrea L\u00f3pez Maupom\u00e9, o dirigirse al correo electr\u00f3nico <a href=\"mailto:conv.tratamientonutricio@gmail.com\">conv.tratamientonutricio@gmail.com<\/a>.<\/p>\n","protected":false},"excerpt":{"rendered":"<p>Cada persona decide qu\u00e9 alimentos ingerir y cu\u00e1les no, sin saber que est\u00e1 desaprovechando nutrientes, explic\u00f3 Andrea L\u00f3pez Maupom\u00e9, del Doctorado en Psicolog\u00eda<\/p>\n","protected":false},"author":1508,"featured_media":61033,"comment_status":"closed","ping_status":"closed","sticky":false,"template":"","format":"standard","meta":[],"categories":[61],"tags":[],"_links":{"self":[{"href":"https:\/\/www.uv.mx\/prensa\/wp-json\/wp\/v2\/posts\/61027"}],"collection":[{"href":"https:\/\/www.uv.mx\/prensa\/wp-json\/wp\/v2\/posts"}],"about":[{"href":"https:\/\/www.uv.mx\/prensa\/wp-json\/wp\/v2\/types\/post"}],"author":[{"embeddable":true,"href":"https:\/\/www.uv.mx\/prensa\/wp-json\/wp\/v2\/users\/1508"}],"replies":[{"embeddable":true,"href":"https:\/\/www.uv.mx\/prensa\/wp-json\/wp\/v2\/comments?post=61027"}],"version-history":[{"count":0,"href":"https:\/\/www.uv.mx\/prensa\/wp-json\/wp\/v2\/posts\/61027\/revisions"}],"wp:featuredmedia":[{"embeddable":true,"href":"https:\/\/www.uv.mx\/prensa\/wp-json\/wp\/v2\/media\/61033"}],"wp:attachment":[{"href":"https:\/\/www.uv.mx\/prensa\/wp-json\/wp\/v2\/media?parent=61027"}],"wp:term":[{"taxonomy":"category","embeddable":true,"href":"https:\/\/www.uv.mx\/prensa\/wp-json\/wp\/v2\/categories?post=61027"},{"taxonomy":"post_tag","embeddable":true,"href":"https:\/\/www.uv.mx\/prensa\/wp-json\/wp\/v2\/tags?post=61027"}],"curies":[{"name":"wp","href":"https:\/\/api.w.org\/{rel}","templated":true}]}}