{"id":61094,"date":"2019-01-15T19:13:28","date_gmt":"2019-01-16T01:13:28","guid":{"rendered":"https:\/\/www.uv.mx\/prensa\/?p=61094"},"modified":"2021-12-08T12:43:51","modified_gmt":"2021-12-08T18:43:51","slug":"nelly-calcaneo-nueva-secretaria-academica-de-trabajo-social-en-minatitlan","status":"publish","type":"post","link":"https:\/\/www.uv.mx\/prensa\/regiones\/coatzacoalcos\/nelly-calcaneo-nueva-secretaria-academica-de-trabajo-social-en-minatitlan\/","title":{"rendered":"Nelly Calc\u00e1neo, nueva Secretaria Acad\u00e9mica de Trabajo Social en Minatitl\u00e1n"},"content":{"rendered":"<ul>\n<li><i>Nelly de Jes\u00fas Jim\u00e9nez <\/i><i>sustituye a <\/i><i>Enrique Trinidad,<\/i><i> quien ahora tendr\u00e1 <\/i><i>una nueva responsabilidad en la Vicerrector\u00eda<\/i><\/li>\n<\/ul>\n<div id=\"attachment_61073\" style=\"width: 732px\" class=\"wp-caption aligncenter\"><a href=\"https:\/\/www.uv.mx\/prensa\/files\/2019\/01\/150119-CECILIA-nombramiento1.jpg\"><img aria-describedby=\"caption-attachment-61073\" decoding=\"async\" loading=\"lazy\" class=\"size-full wp-image-61073\" src=\"https:\/\/www.uv.mx\/prensa\/files\/2019\/01\/150119-CECILIA-nombramiento1.jpg\" alt=\"\" width=\"722\" height=\"481\" srcset=\"https:\/\/www.uv.mx\/prensa\/files\/2019\/01\/150119-CECILIA-nombramiento1.jpg 722w, https:\/\/www.uv.mx\/prensa\/files\/2019\/01\/150119-CECILIA-nombramiento1-300x200.jpg 300w\" sizes=\"(max-width: 722px) 100vw, 722px\" \/><\/a><p id=\"caption-attachment-61073\" class=\"wp-caption-text\">Entrega de nombramiento a Nelly de Jes\u00fas Jim\u00e9nez Calc\u00e1neo<\/p><\/div>\n<p><b><i>Cecilia Escriban<\/i><\/b><b><i>o Reyes<\/i><\/b><\/p>\n<p><b><i>15\/01\/<\/i><\/b><b><i>19<\/i><\/b><b><i>, Minatitl\u00e1n, <\/i><\/b><b><i>Ver.-<\/i><\/b> Carlos Lamothe Zavaleta, vicerrector de la regi\u00f3n Coatzacoalcos-Minatitl\u00e1n de la Universidad Veracruzana (UV), entreg\u00f3 el nombramiento a Nelly de Jes\u00fas Jim\u00e9nez Calc\u00e1neo como nueva secretaria Acad\u00e9mica de <a href=\"https:\/\/www.uv.mx\/coatza\/trabajosocial\/\">la Facultad de Trabajo Social.<\/a><\/p>\n<p>La ceremonia se realiz\u00f3 el lunes 14 de enero y estuvieron presentes: Florentino Cruz Mart\u00ednez, secretario Acad\u00e9mico regional; Georgina Hern\u00e1ndez R\u00edos, directora de la Facultad; Enrique Trinidad P\u00e9rez, secretario Acad\u00e9mico saliente; as\u00ed como directores de distintas facultades, acad\u00e9micos y alumnos.<\/p>\n<p>Durante el evento se ley\u00f3 la semblanza de Nelly de Jes\u00fas Jim\u00e9nez, donde se destac\u00f3 que es egresada de la Facultad de Trabajo Social, campus Minatitl\u00e1n, y maestra en Trabajo Social; realiz\u00f3 su servicio social y sus pr\u00e1cticas profesionales en la misma entidad acad\u00e9mica, con la implementaci\u00f3n de los proyectos \u201cConociendo mi disciplina\u201d y \u201cH\u00e1bitos de estudio\u201d, respectivamente, dirigidos a estudiantes de diversos semestres.<\/p>\n<p>En la entrega del nombramiento, Lamothe Zavaleta tom\u00f3 la protesta a la nueva Secretaria Acad\u00e9mica, quien se comprometi\u00f3 a cumplir y hacer cumplir la Constituci\u00f3n Pol\u00edtica de los Estados Unidos Mexicanos, la Constituci\u00f3n Pol\u00edtica del Estado de Veracruz; la Ley Org\u00e1nica y la Ley de Autonom\u00eda de la Universidad Veracruzana, los Estatutos y Reglamentos que de ellas se derivan y cumplir fielmente las obligaciones a su cargo.<\/p>\n<div id=\"attachment_61068\" style=\"width: 732px\" class=\"wp-caption aligncenter\"><a href=\"https:\/\/www.uv.mx\/prensa\/files\/2019\/01\/150119-CECILIA-nombramiento2.jpg\"><img aria-describedby=\"caption-attachment-61068\" decoding=\"async\" loading=\"lazy\" class=\"size-full wp-image-61068\" src=\"https:\/\/www.uv.mx\/prensa\/files\/2019\/01\/150119-CECILIA-nombramiento2.jpg\" alt=\"\" width=\"722\" height=\"481\" srcset=\"https:\/\/www.uv.mx\/prensa\/files\/2019\/01\/150119-CECILIA-nombramiento2.jpg 722w, https:\/\/www.uv.mx\/prensa\/files\/2019\/01\/150119-CECILIA-nombramiento2-300x200.jpg 300w\" sizes=\"(max-width: 722px) 100vw, 722px\" \/><\/a><p id=\"caption-attachment-61068\" class=\"wp-caption-text\">Comunidad de Trabajo Social acompa\u00f1ando a la nueva Secretaria Acad\u00e9mica<\/p><\/div>\n<p>En tanto, el Vicerrector explic\u00f3 que Enrique Trinidad tiene 16 a\u00f1os al servicio de la Universidad y ha destacado por su compromiso laboral e institucional; \u201cdespu\u00e9s de cuatro a\u00f1os al servicio de la Facultad de Trabajo Social como secretario Acad\u00e9mico, obtiene una nueva responsabilidad en la Vicerrector\u00eda, en aras de que toda la experiencia y su responsabilidad se vuelquen en esa labor y se refleje en todas las regiones\u201d.<\/p>\n<p>Adem\u00e1s, manifest\u00f3 que Nelly de Jes\u00fas Jim\u00e9nez y Georgina Hern\u00e1ndez lograr\u00e1n que la Facultad alcance las metas propuestas, que los proyectos se concreten y que todos testifiquen el crecimiento de la misma.<\/p>\n<p>En su intervenci\u00f3n, la nueva Secretaria Acad\u00e9mica de la Facultad se comprometi\u00f3 con las autoridades, con la instituci\u00f3n, con los maestros y alumnos, a cumplir con todo lo protestado, \u201cespero contar con el apoyo de todos ustedes y trabajar en conjunto en beneficio de la Facultad\u201d.<\/p>\n<div id=\"attachment_61069\" style=\"width: 732px\" class=\"wp-caption aligncenter\"><a href=\"https:\/\/www.uv.mx\/prensa\/files\/2019\/01\/150119-CECILIA-nombramiento3.jpg\"><img aria-describedby=\"caption-attachment-61069\" decoding=\"async\" loading=\"lazy\" class=\"size-full wp-image-61069\" src=\"https:\/\/www.uv.mx\/prensa\/files\/2019\/01\/150119-CECILIA-nombramiento3.jpg\" alt=\"\" width=\"722\" height=\"481\" srcset=\"https:\/\/www.uv.mx\/prensa\/files\/2019\/01\/150119-CECILIA-nombramiento3.jpg 722w, https:\/\/www.uv.mx\/prensa\/files\/2019\/01\/150119-CECILIA-nombramiento3-300x200.jpg 300w\" sizes=\"(max-width: 722px) 100vw, 722px\" \/><\/a><p id=\"caption-attachment-61069\" class=\"wp-caption-text\">Nelly de Jes\u00fas Jim\u00e9nez Calc\u00e1neo<\/p><\/div>\n","protected":false},"excerpt":{"rendered":"<p>\u201cEspero contar con el apoyo de todos ustedes y trabajar en conjunto en beneficio de la Facultad\u201d <\/p>\n","protected":false},"author":1775,"featured_media":61069,"comment_status":"closed","ping_status":"closed","sticky":false,"template":"","format":"standard","meta":[],"categories":[52],"tags":[1762,4167,800,6148,2798,2459,892],"_links":{"self":[{"href":"https:\/\/www.uv.mx\/prensa\/wp-json\/wp\/v2\/posts\/61094"}],"collection":[{"href":"https:\/\/www.uv.mx\/prensa\/wp-json\/wp\/v2\/posts"}],"about":[{"href":"https:\/\/www.uv.mx\/prensa\/wp-json\/wp\/v2\/types\/post"}],"author":[{"embeddable":true,"href":"https:\/\/www.uv.mx\/prensa\/wp-json\/wp\/v2\/users\/1775"}],"replies":[{"embeddable":true,"href":"https:\/\/www.uv.mx\/prensa\/wp-json\/wp\/v2\/comments?post=61094"}],"version-history":[{"count":1,"href":"https:\/\/www.uv.mx\/prensa\/wp-json\/wp\/v2\/posts\/61094\/revisions"}],"predecessor-version":[{"id":107020,"href":"https:\/\/www.uv.mx\/prensa\/wp-json\/wp\/v2\/posts\/61094\/revisions\/107020"}],"wp:featuredmedia":[{"embeddable":true,"href":"https:\/\/www.uv.mx\/prensa\/wp-json\/wp\/v2\/media\/61069"}],"wp:attachment":[{"href":"https:\/\/www.uv.mx\/prensa\/wp-json\/wp\/v2\/media?parent=61094"}],"wp:term":[{"taxonomy":"category","embeddable":true,"href":"https:\/\/www.uv.mx\/prensa\/wp-json\/wp\/v2\/categories?post=61094"},{"taxonomy":"post_tag","embeddable":true,"href":"https:\/\/www.uv.mx\/prensa\/wp-json\/wp\/v2\/tags?post=61094"}],"curies":[{"name":"wp","href":"https:\/\/api.w.org\/{rel}","templated":true}]}}