{"id":61127,"date":"2019-01-17T09:00:53","date_gmt":"2019-01-17T15:00:53","guid":{"rendered":"https:\/\/www.uv.mx\/prensa\/?p=61127"},"modified":"2019-01-17T10:47:33","modified_gmt":"2019-01-17T16:47:33","slug":"universidades-responden-a-paradigma-economico-mas-que-a-demandas-sociales","status":"publish","type":"post","link":"https:\/\/www.uv.mx\/prensa\/general\/universidades-responden-a-paradigma-economico-mas-que-a-demandas-sociales\/","title":{"rendered":"Universidades responden a paradigma econ\u00f3mico m\u00e1s que a demandas sociales"},"content":{"rendered":"<ul>\n<li><i>En conversatorio sobre el tema se cont\u00f3 con la presencia de Javier Tobar<\/i><i>,<\/i><i> de la Universidad del Cauca de Colombia<\/i><\/li>\n<li><i>E<\/i><i>l reto de las universidades<\/i><i> p\u00fablicas es trabajar bajo una <\/i><i>perspectiva de la diversidad epist\u00e9mica<\/i><i>, apunt\u00f3 el invitado<\/i><\/li>\n<\/ul>\n<div id=\"attachment_61129\" style=\"width: 732px\" class=\"wp-caption aligncenter\"><a href=\"https:\/\/www.uv.mx\/prensa\/files\/2019\/01\/170119segundo-conversatorio-responsabilidad-social-1.jpg\"><img aria-describedby=\"caption-attachment-61129\" decoding=\"async\" loading=\"lazy\" class=\"size-full wp-image-61129\" src=\"https:\/\/www.uv.mx\/prensa\/files\/2019\/01\/170119segundo-conversatorio-responsabilidad-social-1.jpg\" alt=\"\" width=\"722\" height=\"481\" srcset=\"https:\/\/www.uv.mx\/prensa\/files\/2019\/01\/170119segundo-conversatorio-responsabilidad-social-1.jpg 722w, https:\/\/www.uv.mx\/prensa\/files\/2019\/01\/170119segundo-conversatorio-responsabilidad-social-1-300x200.jpg 300w\" sizes=\"(max-width: 722px) 100vw, 722px\" \/><\/a><p id=\"caption-attachment-61129\" class=\"wp-caption-text\">Miguel \u00c1ngel Escalona, Helio Garc\u00eda, Javier Tobar, Ra\u00fal Homero L\u00f3pez y Shantal Meseguer durante el conversatorio<\/p><\/div>\n<p><b><i>David Sandoval Rodr\u00edguez<\/i><\/b><\/p>\n<p><b><i>17\/01\/<\/i><\/b><b><i>19<\/i><\/b><b><i>,<\/i><\/b><b><i> Xalapa, Ver.-<\/i><\/b> Acad\u00e9micos de distintas entidades de la Universidad Veracruzana (UV) coincidieron en subrayar la importancia de sumar los saberes de diversos sectores sociales con miras a comprender y ejercer la responsabilidad social universitaria; lo anterior, dentro del Segundo Conversatorio \u201cVisiones sobre responsabilidad social universitaria\u201d, que se realiz\u00f3 en la Sala \u201cCarlos Fuentes Lemus\u201d de la Unidad de Servicios Bibliotecarios y de Informaci\u00f3n (USBI).<\/p>\n<p>El prop\u00f3sito fue abordar la responsabilidad social universitaria desde distintos enfoques; participaron los acad\u00e9micos de la UV Helio Manuel Garc\u00eda Campos, Ra\u00fal Homero L\u00f3pez Espinosa y Miguel \u00c1ngel Escalona Aguilar, tambi\u00e9n responsable de la<a href=\"https:\/\/www.uv.mx\/cosustenta\/\"> Coordinaci\u00f3n Universitaria para la Sustentabilidad<\/a> (<i>CoS<\/i><i>ustenta<\/i>), contando con la presencia de Javier Tobar Quitiaquez, acad\u00e9mico e investigador de la Universidad del Cauca de Colombia, y fueron moderados por Shantal Meseguer Galv\u00e1n, acad\u00e9mica de la Universidad Veracruzana Intercultural.<\/p>\n<p>Los participantes resaltaron la importancia de reconocer que la universidad p\u00fablica est\u00e1 siendo privatizada y opera bajo las l\u00f3gicas del paradigma econ\u00f3mico en donde se premia la producci\u00f3n de art\u00edculos cient\u00edficos, dejando de lado una formaci\u00f3n acorde a la atenci\u00f3n de las necesidades locales y regionales.<\/p>\n<p>Dicho control se ejerce incluso desde el lenguaje, que en el caso del castellano, comparado con las lenguas vern\u00e1culas de M\u00e9xico, tiene un car\u00e1cter posesivo, coment\u00f3 L\u00f3pez Espinosa al referir un comentario del poeta Hubert Malina, Premio de Literaturas ind\u00edgenas de Am\u00e9rica en 2017.<\/p>\n<p>En la misma l\u00ednea, Javier Tobar expres\u00f3 que el reto de las universidades p\u00fablicas es trabajar bajo una \u201cperspectiva de la diversidad epist\u00e9mica; es decir, no abordar \u00fanicamente la epistemolog\u00eda como tal, donde la universidad ha sido y sigue siendo un espacio excluyente, colonizador\u201d.<\/p>\n<p>Los saberes locales, las artes, la diversidad epist\u00e9mica, el pensamiento cr\u00edtico y las sensibilidades est\u00e1n siendo excluidas o subordinadas, afirm\u00f3 el investigador colombiano.<\/p>\n<p>En tanto, Helio Garc\u00eda puntualiz\u00f3 que \u201cpara hacer realmente cambios profundos, no s\u00f3lo dentro de las universidades, sino de toda la sociedad, tenemos que hablar de procesos ontol\u00f3gicos m\u00e1s que epistemol\u00f3gicos\u201d.<\/p>\n<p>\u00c9ste es un reto muy grande, agreg\u00f3, y posiblemente implique \u201cdesaprender mucho de lo que hemos tenido como legado en nuestra propia experiencia como personas, como sociedades y como grupos, por eso es muy importante que surja el tema aqu\u00ed\u201d.<\/p>\n<p>Al respecto, Escalona Aguilar a\u00f1adi\u00f3 que la universidad refleja \u201cuna forma de poder econ\u00f3mico que hay en el mundo; la universidad p\u00fablica siempre est\u00e1 en este debate en el que, por un lado, est\u00e1 la necesidad de atender las demandas de la sociedad pero, por otro, est\u00e1 la necesidad de corresponder a los indicadores que un modelo econ\u00f3mico nos establece\u201d.<\/p>\n<p>Advirti\u00f3 que existe tambi\u00e9n un debate al interior de la universidad p\u00fablica porque los recursos financieros est\u00e1n basados en el cumplimiento de los indicadores que el modelo econ\u00f3mico dicta.<\/p>\n<p>\u201cEs un reto, porque los saberes que se expresan en las publicaciones son disciplinarios, atendiendo elementos que muchas veces est\u00e1n fuera de la realidad\u201d, observ\u00f3 el investigador.<\/p>\n<p>&nbsp;<\/p>\n<div id=\"attachment_61128\" style=\"width: 732px\" class=\"wp-caption aligncenter\"><a href=\"https:\/\/www.uv.mx\/prensa\/files\/2019\/01\/170119segundo-conversatorio-responsabilidad-social-2.jpg\"><img aria-describedby=\"caption-attachment-61128\" decoding=\"async\" loading=\"lazy\" class=\"size-full wp-image-61128\" src=\"https:\/\/www.uv.mx\/prensa\/files\/2019\/01\/170119segundo-conversatorio-responsabilidad-social-2.jpg\" alt=\"\" width=\"722\" height=\"481\" srcset=\"https:\/\/www.uv.mx\/prensa\/files\/2019\/01\/170119segundo-conversatorio-responsabilidad-social-2.jpg 722w, https:\/\/www.uv.mx\/prensa\/files\/2019\/01\/170119segundo-conversatorio-responsabilidad-social-2-300x200.jpg 300w\" sizes=\"(max-width: 722px) 100vw, 722px\" \/><\/a><p id=\"caption-attachment-61128\" class=\"wp-caption-text\">Acad\u00e9micos, estudiantes y funcionarios de la UV atendieron la charla en la USBI<\/p><\/div>\n","protected":false},"excerpt":{"rendered":"<p>Los saberes locales, las artes, la diversidad epist\u00e9mica, el pensamiento cr\u00edtico y las sensibilidades, est\u00e1n siendo excluidas o subordinadas, afirm\u00f3 el investigador Javier Tobar\u00a0<\/p>\n","protected":false},"author":1508,"featured_media":61129,"comment_status":"closed","ping_status":"closed","sticky":false,"template":"","format":"standard","meta":[],"categories":[1],"tags":[],"_links":{"self":[{"href":"https:\/\/www.uv.mx\/prensa\/wp-json\/wp\/v2\/posts\/61127"}],"collection":[{"href":"https:\/\/www.uv.mx\/prensa\/wp-json\/wp\/v2\/posts"}],"about":[{"href":"https:\/\/www.uv.mx\/prensa\/wp-json\/wp\/v2\/types\/post"}],"author":[{"embeddable":true,"href":"https:\/\/www.uv.mx\/prensa\/wp-json\/wp\/v2\/users\/1508"}],"replies":[{"embeddable":true,"href":"https:\/\/www.uv.mx\/prensa\/wp-json\/wp\/v2\/comments?post=61127"}],"version-history":[{"count":0,"href":"https:\/\/www.uv.mx\/prensa\/wp-json\/wp\/v2\/posts\/61127\/revisions"}],"wp:featuredmedia":[{"embeddable":true,"href":"https:\/\/www.uv.mx\/prensa\/wp-json\/wp\/v2\/media\/61129"}],"wp:attachment":[{"href":"https:\/\/www.uv.mx\/prensa\/wp-json\/wp\/v2\/media?parent=61127"}],"wp:term":[{"taxonomy":"category","embeddable":true,"href":"https:\/\/www.uv.mx\/prensa\/wp-json\/wp\/v2\/categories?post=61127"},{"taxonomy":"post_tag","embeddable":true,"href":"https:\/\/www.uv.mx\/prensa\/wp-json\/wp\/v2\/tags?post=61127"}],"curies":[{"name":"wp","href":"https:\/\/api.w.org\/{rel}","templated":true}]}}