{"id":61517,"date":"2019-01-24T14:22:03","date_gmt":"2019-01-24T20:22:03","guid":{"rendered":"https:\/\/www.uv.mx\/prensa\/?p=61517"},"modified":"2019-01-24T14:22:03","modified_gmt":"2019-01-24T20:22:03","slug":"instantaneas-ofrece-tres-funciones-el-fin-de-semana","status":"publish","type":"post","link":"https:\/\/www.uv.mx\/prensa\/eventos\/instantaneas-ofrece-tres-funciones-el-fin-de-semana\/","title":{"rendered":"<em>Instant\u00e1neas<\/em> ofrece tres funciones\u00a0el fin de semana"},"content":{"rendered":"<ul>\n<li><em>La obra ganadora de dos premios en el XXVII Festival de Teatro Universitario se presentar\u00e1 en el Centro Recreativo Xalape\u00f1o, el viernes 25 de enero a las 19:30 horas, y el s\u00e1bado 26 y domingo 27 a las 18:30 horas<\/em><\/li>\n<\/ul>\n<p><span>\u00a0<\/span><\/p>\n<div id=\"attachment_61519\" style=\"width: 732px\" class=\"wp-caption aligncenter\"><a href=\"https:\/\/www.uv.mx\/prensa\/files\/2019\/01\/Instantaneas.jpg\"><img aria-describedby=\"caption-attachment-61519\" decoding=\"async\" loading=\"lazy\" class=\"wp-image-61519 size-full\" src=\"https:\/\/www.uv.mx\/prensa\/files\/2019\/01\/Instantaneas.jpg\" alt=\"\" width=\"722\" height=\"481\" srcset=\"https:\/\/www.uv.mx\/prensa\/files\/2019\/01\/Instantaneas.jpg 722w, https:\/\/www.uv.mx\/prensa\/files\/2019\/01\/Instantaneas-300x200.jpg 300w\" sizes=\"(max-width: 722px) 100vw, 722px\" \/><\/a><p id=\"caption-attachment-61519\" class=\"wp-caption-text\">La obra obtuvo dos premios en la edici\u00f3n 2018 del Festival de Teatro Universitario<\/p><\/div>\n<p>&nbsp;<\/p>\n<p><strong><em>24\/01\/19, Xalapa, Ver.-<\/em><\/strong> La postemporada del XXVII Festival de Teatro Universitario de la Universidad Veracruzana (UV), en memoria de Arturo Meseguer Lima (1956-2019), presenta este fin de semana tres funciones de <i>Instant\u00e1neas<\/i><i>, <\/i>a cargo del grupo La jaur\u00eda de la Facultad de Teatro, el viernes 25 de enero a las 19:30 horas y el s\u00e1bado 26 y domingo 27 a las 18:30 horas, en el foro Guadalupe Balderas del Centro Recreativo Xalape\u00f1o.<span>\u00a0<\/span><\/p>\n<p><i>Instant\u00e1neas<\/i> es un montaje original de Frida Alc\u00e1ntara, bajo la direcci\u00f3n de Mart\u00edn P\u00e9rez Ram\u00edrez, con la asistencia de \u00cdndira Jissel Carrasco Lerma. En la edici\u00f3n 2018 del Festival de Teatro Universitario obtuvo los premios a mejor actor y mejor actriz en la categor\u00eda B, dirigida a alumnos y maestros de la Facultad de Teatro.<span>\u00a0<\/span><\/p>\n<p>Integran el reparto Daniela Mendoza Maldonado, Diana Alicia de la Vega, V\u00edctor David Lara Gudi\u00f1o, Ir\u00e1n S\u00e1nchez Toledo y Alicia Petrilli Vargas.<span>\u00a0<\/span><\/p>\n<p>La entrada para todas las funciones es libre, aunque se recomienda llegar temprano, toda vez que el cupo es limitado.<span>\u00a0<\/span><\/p>\n<p>&nbsp;<\/p>\n<div id=\"attachment_61518\" style=\"width: 732px\" class=\"wp-caption aligncenter\"><a href=\"https:\/\/www.uv.mx\/prensa\/files\/2019\/01\/instantaneas-8.jpg\"><img aria-describedby=\"caption-attachment-61518\" decoding=\"async\" loading=\"lazy\" class=\"size-full wp-image-61518\" src=\"https:\/\/www.uv.mx\/prensa\/files\/2019\/01\/instantaneas-8.jpg\" alt=\"\" width=\"722\" height=\"481\" srcset=\"https:\/\/www.uv.mx\/prensa\/files\/2019\/01\/instantaneas-8.jpg 722w, https:\/\/www.uv.mx\/prensa\/files\/2019\/01\/instantaneas-8-300x200.jpg 300w\" sizes=\"(max-width: 722px) 100vw, 722px\" \/><\/a><p id=\"caption-attachment-61518\" class=\"wp-caption-text\">Elenco de <em>Instant\u00e1neas<\/em><\/p><\/div>\n","protected":false},"excerpt":{"rendered":"<p>La obra ganadora de dos premios en el XXVII Festival de Teatro Universitario se presentar\u00e1 en el Centro Recreativo Xalape\u00f1o, el viernes 25 de enero a las 19:30 horas, y el s\u00e1bado 26 y domingo 27 a las 18:30 horas<\/p>\n","protected":false},"author":1508,"featured_media":61519,"comment_status":"closed","ping_status":"closed","sticky":false,"template":"","format":"standard","meta":[],"categories":[47],"tags":[],"_links":{"self":[{"href":"https:\/\/www.uv.mx\/prensa\/wp-json\/wp\/v2\/posts\/61517"}],"collection":[{"href":"https:\/\/www.uv.mx\/prensa\/wp-json\/wp\/v2\/posts"}],"about":[{"href":"https:\/\/www.uv.mx\/prensa\/wp-json\/wp\/v2\/types\/post"}],"author":[{"embeddable":true,"href":"https:\/\/www.uv.mx\/prensa\/wp-json\/wp\/v2\/users\/1508"}],"replies":[{"embeddable":true,"href":"https:\/\/www.uv.mx\/prensa\/wp-json\/wp\/v2\/comments?post=61517"}],"version-history":[{"count":0,"href":"https:\/\/www.uv.mx\/prensa\/wp-json\/wp\/v2\/posts\/61517\/revisions"}],"wp:featuredmedia":[{"embeddable":true,"href":"https:\/\/www.uv.mx\/prensa\/wp-json\/wp\/v2\/media\/61519"}],"wp:attachment":[{"href":"https:\/\/www.uv.mx\/prensa\/wp-json\/wp\/v2\/media?parent=61517"}],"wp:term":[{"taxonomy":"category","embeddable":true,"href":"https:\/\/www.uv.mx\/prensa\/wp-json\/wp\/v2\/categories?post=61517"},{"taxonomy":"post_tag","embeddable":true,"href":"https:\/\/www.uv.mx\/prensa\/wp-json\/wp\/v2\/tags?post=61517"}],"curies":[{"name":"wp","href":"https:\/\/api.w.org\/{rel}","templated":true}]}}