{"id":61562,"date":"2019-01-24T20:00:48","date_gmt":"2019-01-25T02:00:48","guid":{"rendered":"https:\/\/www.uv.mx\/prensa\/?p=61562"},"modified":"2019-01-24T20:00:48","modified_gmt":"2019-01-25T02:00:48","slug":"pluralidad-tematica-fortaleza-de-posgrado-en-ciencias-sociales","status":"publish","type":"post","link":"https:\/\/www.uv.mx\/prensa\/general\/pluralidad-tematica-fortaleza-de-posgrado-en-ciencias-sociales\/","title":{"rendered":"Pluralidad tem\u00e1tica, fortaleza de posgrado  en Ciencias Sociales"},"content":{"rendered":"<ul>\n<li><i>Integrantes <\/i><i>de la quinta generaci\u00f3n de l<\/i><i>a Maestr\u00eda en Ciencias Sociales<\/i> <i>expusieron avances de sus proyectos<\/i><i> de investigaci\u00f3n<\/i><span>\u00a0<\/span><\/li>\n<li><i>El <\/i><i>Coloquio de Presentaci\u00f3n de Avances de Investigaci\u00f3n<\/i> <i>se desarr<\/i><i>olla <\/i><i>hasta el<\/i><i> 25 de enero, en el A<\/i><i>uditorio<\/i> <i>\u201c<\/i><i>Gonzalo Aguirre Beltr\u00e1n<\/i><i>\u201d<\/i><i> del<\/i> <i>Institu<\/i><i>to de Investigaciones Hist\u00f3rico-<\/i><i>Sociales<\/i><\/li>\n<\/ul>\n<p>&nbsp;<\/p>\n<div id=\"attachment_61563\" style=\"width: 732px\" class=\"wp-caption aligncenter\"><a href=\"https:\/\/www.uv.mx\/prensa\/files\/2019\/01\/240119-MCS.jpg\"><img aria-describedby=\"caption-attachment-61563\" decoding=\"async\" loading=\"lazy\" class=\"size-full wp-image-61563\" src=\"https:\/\/www.uv.mx\/prensa\/files\/2019\/01\/240119-MCS.jpg\" alt=\"\" width=\"722\" height=\"482\" srcset=\"https:\/\/www.uv.mx\/prensa\/files\/2019\/01\/240119-MCS.jpg 722w, https:\/\/www.uv.mx\/prensa\/files\/2019\/01\/240119-MCS-300x200.jpg 300w\" sizes=\"(max-width: 722px) 100vw, 722px\" \/><\/a><p id=\"caption-attachment-61563\" class=\"wp-caption-text\">En el Auditorio \u201cGonzalo Aguirre Beltr\u00e1n\u201d se realiza el Coloquio de Presentaci\u00f3n de Avances de Investigaci\u00f3n de la Maestr\u00eda en Ciencias Sociales<\/p><\/div>\n<p>&nbsp;<\/p>\n<p><b><i>Claudia Peralta V\u00e1zquez<\/i><\/b><span>\u00a0<\/span><\/p>\n<p><b><i>24\/01\/19, Xalapa, Ver.- <\/i><\/b>Alumnos de la Maestr\u00eda en Ciencias Sociales que ofrece el Instituto de Investigaciones Hist\u00f3rico-Sociales (IIH-S) de la Universidad Veracruzana (UV), expusieron diversos proyectos en el Coloquio de Presentaci\u00f3n de Avances de Investigaci\u00f3n, el jueves 24 de enero en el Auditorio \u201cGonzalo Aguirre Beltr\u00e1n\u201d de ese recinto universitario.<span>\u00a0<\/span><\/p>\n<p>En el primer d\u00eda de actividades de este evento \u2013realizadas tambi\u00e9n el viernes 25\u2013 los integrantes de la quinta generaci\u00f3n de este programa educativo (PE) abordaron tem\u00e1ticas como: feminicidios, violencia obst\u00e9trica, movimientos sociales locales y regionales, configuraci\u00f3n e historia del hospital en la zona centro de Veracruz, incremento de la matr\u00edcula femenina en la Escuela Normal Veracruzana.<span>\u00a0<\/span><\/p>\n<p>Ernesto Trevi\u00f1o Ronz\u00f3n, coordinador del posgrado, destac\u00f3 la pluralidad de metodolog\u00edas plasmada en cada investigaci\u00f3n de tipo antropol\u00f3gico, sociol\u00f3gico e hist\u00f3rico, as\u00ed como el di\u00e1logo de disciplinas, lo cual catalog\u00f3 como la riqueza, particularidad y sello de la Maestr\u00eda en Ciencias Sociales.<span>\u00a0<\/span><\/p>\n<p>Coment\u00f3 que dicha exposici\u00f3n representa el corte de las investigaciones al t\u00e9rmino del tercer semestre, etapa en la que los estudiantes integran las primeras versiones de sus cap\u00edtulos. \u201cHacemos un recorrido hist\u00f3rico, algunos alumnos eligen tem\u00e1ticas muy contempor\u00e1neas relacionadas con eventos cotidianos desarrollados en el estado y el pa\u00eds\u201d.<span>\u00a0<\/span><\/p>\n<p>Agreg\u00f3 que otros son proyectos hist\u00f3ricos de larga y mediana duraci\u00f3n como la configuraci\u00f3n de los municipios y l\u00edmites territoriales entre Xalapa y Banderilla, por citar un ejemplo.<span>\u00a0<\/span><\/p>\n<p>Durante la jornada, integrantes de los comit\u00e9s de investigaci\u00f3n externaron comentarios precisos a los alumnos, orientados al cierre de documentos.<span>\u00a0<\/span><\/p>\n<p>Trevi\u00f1o Ronz\u00f3n dio a conocer que la Maestr\u00eda en Ciencias Sociales est\u00e1 por celebrar 10 a\u00f1os de haber sido creada; y durante el segundo semestre del a\u00f1o nuevamente ser\u00e1 evaluado por el Consejo Nacional de Ciencia y Tecnolog\u00eda (<i>Conacyt<\/i>), instancia que desde un principio lo integr\u00f3 al Programa Nacional de Posgrados de Calidad (PNPC).<span>\u00a0<\/span><\/p>\n<p>Con base en las expectativas, consider\u00f3 que este posgrado ha cumplido con las metas establecidas en la formaci\u00f3n de estudiantes de alto nivel con orientaci\u00f3n hacia la investigaci\u00f3n. A la fecha, se contabilizan un total de 80 egresados.<span>\u00a0<\/span><\/p>\n<p>\u201cSiempre se procura que los indicadores y las tem\u00e1ticas respondan a los objetivos del PE, que es formar especialistas en ciencias sociales capaces de analizar multidimensionalmente los objetos de investigaci\u00f3n.\u201d<span>\u00a0<\/span><\/p>\n<p>Dijo que muchos de los trabajos son publicados en forma de ponencia o art\u00edculos. Algunos m\u00e1s, por el tema que abordan, son presentados ante autoridades locales, municipales y estatales. Tambi\u00e9n han llegado a foros de discusi\u00f3n sobre pol\u00edticas p\u00fablicas y han sido objeto de reconocimiento en estancias nacionales y concursos, por la naturaleza en que se plantean.<span>\u00a0<\/span><\/p>\n<p>\u201cMuchos tienen una recepci\u00f3n m\u00e1s directa en el campo acad\u00e9mico, pero tambi\u00e9n en el \u00e1mbito social o pol\u00edtico.\u201d<span>\u00a0<\/span><\/p>\n<p>Actualmente, los aspirantes proceden de disciplinas afines a las humanidades y ciencias sociales como: antropolog\u00eda, ciencia pol\u00edtica, sociolog\u00eda, derecho, educaci\u00f3n e historia.<span>\u00a0<\/span><\/p>\n<p>Sin embargo, egresados de Econom\u00eda, Geograf\u00eda, Contadur\u00eda, Administraci\u00f3n y hasta de Arquitectura se han acercado al programa.<span>\u00a0<\/span><\/p>\n<p>Por otra parte, resalt\u00f3 la movilidad de estudiantes hacia instituciones nacionales y extranjeras, entre ellas: Universidad Nacional Aut\u00f3noma de M\u00e9xico (UNAM), Benem\u00e9rita Universidad Aut\u00f3noma de Puebla (UAP), y de pa\u00edses como Argentina, Colombia y Guatemala.<\/p>\n<p>&nbsp;<\/p>\n<div id=\"attachment_61195\" style=\"width: 732px\" class=\"wp-caption aligncenter\"><a href=\"https:\/\/www.uv.mx\/prensa\/files\/2019\/01\/180119-MAestria-en-Ciencias-Sociales-100k.jpg\"><img aria-describedby=\"caption-attachment-61195\" decoding=\"async\" loading=\"lazy\" class=\"size-full wp-image-61195\" src=\"https:\/\/www.uv.mx\/prensa\/files\/2019\/01\/180119-MAestria-en-Ciencias-Sociales-100k.jpg\" alt=\"\" width=\"722\" height=\"481\" srcset=\"https:\/\/www.uv.mx\/prensa\/files\/2019\/01\/180119-MAestria-en-Ciencias-Sociales-100k.jpg 722w, https:\/\/www.uv.mx\/prensa\/files\/2019\/01\/180119-MAestria-en-Ciencias-Sociales-100k-300x200.jpg 300w\" sizes=\"(max-width: 722px) 100vw, 722px\" \/><\/a><p id=\"caption-attachment-61195\" class=\"wp-caption-text\">Ernesto Trevi\u00f1o Ronz\u00f3n, coordinador del posgrado<\/p><\/div>\n","protected":false},"excerpt":{"rendered":"<p>Este 25 de enero los integrantes de la quinta generaci\u00f3n de este posgrado continuar\u00e1n presentando sus avances de investigaci\u00f3n<\/p>\n","protected":false},"author":1508,"featured_media":61563,"comment_status":"closed","ping_status":"closed","sticky":false,"template":"","format":"standard","meta":[],"categories":[1],"tags":[],"_links":{"self":[{"href":"https:\/\/www.uv.mx\/prensa\/wp-json\/wp\/v2\/posts\/61562"}],"collection":[{"href":"https:\/\/www.uv.mx\/prensa\/wp-json\/wp\/v2\/posts"}],"about":[{"href":"https:\/\/www.uv.mx\/prensa\/wp-json\/wp\/v2\/types\/post"}],"author":[{"embeddable":true,"href":"https:\/\/www.uv.mx\/prensa\/wp-json\/wp\/v2\/users\/1508"}],"replies":[{"embeddable":true,"href":"https:\/\/www.uv.mx\/prensa\/wp-json\/wp\/v2\/comments?post=61562"}],"version-history":[{"count":0,"href":"https:\/\/www.uv.mx\/prensa\/wp-json\/wp\/v2\/posts\/61562\/revisions"}],"wp:featuredmedia":[{"embeddable":true,"href":"https:\/\/www.uv.mx\/prensa\/wp-json\/wp\/v2\/media\/61563"}],"wp:attachment":[{"href":"https:\/\/www.uv.mx\/prensa\/wp-json\/wp\/v2\/media?parent=61562"}],"wp:term":[{"taxonomy":"category","embeddable":true,"href":"https:\/\/www.uv.mx\/prensa\/wp-json\/wp\/v2\/categories?post=61562"},{"taxonomy":"post_tag","embeddable":true,"href":"https:\/\/www.uv.mx\/prensa\/wp-json\/wp\/v2\/tags?post=61562"}],"curies":[{"name":"wp","href":"https:\/\/api.w.org\/{rel}","templated":true}]}}