{"id":62220,"date":"2019-02-06T21:00:41","date_gmt":"2019-02-07T03:00:41","guid":{"rendered":"https:\/\/www.uv.mx\/prensa\/?p=62220"},"modified":"2019-02-07T14:29:24","modified_gmt":"2019-02-07T20:29:24","slug":"invitan-a-inscribirse-a-la-tutorias-para-la-apreciacion-artistica","status":"publish","type":"post","link":"https:\/\/www.uv.mx\/prensa\/banner\/invitan-a-inscribirse-a-la-tutorias-para-la-apreciacion-artistica\/","title":{"rendered":"Invitan a inscribirse a las Tutor\u00edas para la Apreciaci\u00f3n Art\u00edstica"},"content":{"rendered":"<ul>\n<li><em>Los estudiantes podr\u00e1n obtener tres cr\u00e9ditos en el AFEL; los acad\u00e9micos recibir\u00e1n reconocimiento en el <\/em>ProFA<\/li>\n<\/ul>\n<p>&nbsp;<\/p>\n<div id=\"attachment_62222\" style=\"width: 510px\" class=\"wp-caption aligncenter\"><a href=\"https:\/\/www.uv.mx\/prensa\/files\/2019\/02\/061219-TAA.jpg\"><img aria-describedby=\"caption-attachment-62222\" decoding=\"async\" loading=\"lazy\" class=\"wp-image-62222 size-full\" src=\"https:\/\/www.uv.mx\/prensa\/files\/2019\/02\/061219-TAA.jpg\" alt=\"\" width=\"500\" height=\"722\" srcset=\"https:\/\/www.uv.mx\/prensa\/files\/2019\/02\/061219-TAA.jpg 500w, https:\/\/www.uv.mx\/prensa\/files\/2019\/02\/061219-TAA-208x300.jpg 208w\" sizes=\"(max-width: 500px) 100vw, 500px\" \/><\/a><p id=\"caption-attachment-62222\" class=\"wp-caption-text\">La inscripci\u00f3n en l\u00ednea puede realizarse en www.sitonline.com.mx\/estudiantes\/index_pafitrece.php<\/p><\/div>\n<p>&nbsp;<\/p>\n<p class=\"x_x_xxxmsonormal\"><strong><em>06\/02\/19, Xalapa, Ver.-<\/em><\/strong> La Universidad Veracruzana invita a la comunidad estudiantil \u00a0a formar parte de las Tutor\u00edas para la Apreciaci\u00f3n Art\u00edstica, experiencia de aprendizaje relacionada con las artes que\u00a0contribuir\u00e1 a la formaci\u00f3n integral de los \u00a0universitarios.<\/p>\n<p class=\"x_x_xxxmsonormal\">Los estudiantes podr\u00e1n obtener tres cr\u00e9ditos en el \u00c1rea de Formaci\u00f3n de Elecci\u00f3n Libre (AFEL) y\u00a0los acad\u00e9micos recibir\u00e1n reconocimiento en el Programa de Formaci\u00f3n de Acad\u00e9micos (<i>P<\/i><i>ro<\/i><i>FA<\/i>).<\/p>\n<p class=\"x_x_xxxmsonormal\">Para este periodo escolar,\u00a0las Tutor\u00edas para la Apreciaci\u00f3n Art\u00edstica\u00a0ofrecen m\u00e1s de 45 programas en diferentes horarios. Los interesados\u00a0pueden inscribirse en l\u00ednea en el siguiente enlace:\u00a0<a id=\"LPlnk516092\" class=\"x_OWAAutoLink\" href=\"http:\/\/www.sitonline.com.mx\/estudiantes\/index_pafitrece.php\" target=\"_blank\" rel=\"noopener noreferrer\">http:\/\/www.sitonline.com.mx\/estudiantes\/index_pafitrece.php<\/a>.<\/p>\n","protected":false},"excerpt":{"rendered":"<p> La inscripci\u00f3n en l\u00ednea puede realizarse en www.sitonline.com.mx\/estudiantes\/index_pafitrece.php<\/p>\n","protected":false},"author":1508,"featured_media":62221,"comment_status":"closed","ping_status":"closed","sticky":false,"template":"","format":"standard","meta":[],"categories":[61],"tags":[],"_links":{"self":[{"href":"https:\/\/www.uv.mx\/prensa\/wp-json\/wp\/v2\/posts\/62220"}],"collection":[{"href":"https:\/\/www.uv.mx\/prensa\/wp-json\/wp\/v2\/posts"}],"about":[{"href":"https:\/\/www.uv.mx\/prensa\/wp-json\/wp\/v2\/types\/post"}],"author":[{"embeddable":true,"href":"https:\/\/www.uv.mx\/prensa\/wp-json\/wp\/v2\/users\/1508"}],"replies":[{"embeddable":true,"href":"https:\/\/www.uv.mx\/prensa\/wp-json\/wp\/v2\/comments?post=62220"}],"version-history":[{"count":0,"href":"https:\/\/www.uv.mx\/prensa\/wp-json\/wp\/v2\/posts\/62220\/revisions"}],"wp:featuredmedia":[{"embeddable":true,"href":"https:\/\/www.uv.mx\/prensa\/wp-json\/wp\/v2\/media\/62221"}],"wp:attachment":[{"href":"https:\/\/www.uv.mx\/prensa\/wp-json\/wp\/v2\/media?parent=62220"}],"wp:term":[{"taxonomy":"category","embeddable":true,"href":"https:\/\/www.uv.mx\/prensa\/wp-json\/wp\/v2\/categories?post=62220"},{"taxonomy":"post_tag","embeddable":true,"href":"https:\/\/www.uv.mx\/prensa\/wp-json\/wp\/v2\/tags?post=62220"}],"curies":[{"name":"wp","href":"https:\/\/api.w.org\/{rel}","templated":true}]}}