{"id":62441,"date":"2019-02-12T09:00:35","date_gmt":"2019-02-12T15:00:35","guid":{"rendered":"https:\/\/www.uv.mx\/prensa\/?p=62441"},"modified":"2019-02-13T10:46:45","modified_gmt":"2019-02-13T16:46:45","slug":"iiesca-ofrecera-doctorado-en-alta-direccion-de-organizaciones","status":"publish","type":"post","link":"https:\/\/www.uv.mx\/prensa\/banner\/iiesca-ofrecera-doctorado-en-alta-direccion-de-organizaciones\/","title":{"rendered":"IIESCA-UV ofrecer\u00e1 Doctorado en Alta Direcci\u00f3n de Organizaciones"},"content":{"rendered":"<ul>\n<li><i>Busca que los egresados aporten soluciones<\/i> <i>a problemas de empresas, basadas en<\/i> <i>m\u00e9todos cient\u00edficos<\/i><\/li>\n<\/ul>\n<p>&nbsp;<\/p>\n<div id=\"attachment_62328\" style=\"width: 732px\" class=\"wp-caption aligncenter\"><a href=\"https:\/\/www.uv.mx\/prensa\/files\/2019\/02\/080219-Doctorado-en-alta-direcciOn-de-organizaciones-1.jpg\"><img aria-describedby=\"caption-attachment-62328\" decoding=\"async\" loading=\"lazy\" class=\"size-full wp-image-62328\" src=\"https:\/\/www.uv.mx\/prensa\/files\/2019\/02\/080219-Doctorado-en-alta-direcciOn-de-organizaciones-1.jpg\" alt=\"\" width=\"722\" height=\"478\" srcset=\"https:\/\/www.uv.mx\/prensa\/files\/2019\/02\/080219-Doctorado-en-alta-direcciOn-de-organizaciones-1.jpg 722w, https:\/\/www.uv.mx\/prensa\/files\/2019\/02\/080219-Doctorado-en-alta-direcciOn-de-organizaciones-1-300x199.jpg 300w\" sizes=\"(max-width: 722px) 100vw, 722px\" \/><\/a><p id=\"caption-attachment-62328\" class=\"wp-caption-text\">Carlos Hern\u00e1ndez Rodr\u00edguez y Ra\u00fal Manuel Arano Ch\u00e1vez, investigadores del IIESCA<\/p><\/div>\n<p>&nbsp;<\/p>\n<p><b><i>Jos\u00e9 Luis <\/i><\/b><b><i>Couttolenc<\/i><\/b><b><i> Soto<\/i><\/b><\/p>\n<p><b><i>12\/02\/19, Xalapa, <\/i><\/b><b><i>Ver.-<\/i><\/b> El<a href=\"https:\/\/www.uv.mx\/iiesca\/\"> Instituto de Investigaciones y Estudios Superiores de las Ciencias Administrativas <\/a>(IIESCA) de la Universidad Veracruzana (UV) ofertar\u00e1 a partir de agosto el Doctorado en Alta Direcci\u00f3n de Organizaciones.<\/p>\n<p>El prop\u00f3sito de este nuevo posgrado es egresar investigadores de alto nivel que produzcan resultados y soluciones en las organizaciones con una formaci\u00f3n \u00e9tica y de impacto social en el entorno laboral.<\/p>\n<p>Ra\u00fal Manuel Arano Ch\u00e1vez y Carlos Hern\u00e1ndez Rodr\u00edguez, coordinadores del posgrado, indicaron que la convocatoria se dar\u00e1 a conocer en los \u00faltimos d\u00edas de febrero.<\/p>\n<p>Explicaron que en la actualidad la alta direcci\u00f3n es esencial para la existencia y desarrollo de las organizaciones, dado que es en esta c\u00fapula donde se toman importantes decisiones encaminadas a lograr la misi\u00f3n y la visi\u00f3n de una entidad, por lo que se pretende que el doctorado sea un programa de calidad que promueva la generaci\u00f3n del conocimiento cient\u00edfico en el campo de la alta direcci\u00f3n.<\/p>\n<p>Destacaron que el posgrado, que ser\u00e1 en la modalidad escolarizada, est\u00e1 focalizado a la investigaci\u00f3n, ser\u00e1 flexible y tendr\u00e1 como caracter\u00edstica que los alumnos que terminen su tesis en tres a\u00f1os tendr\u00e1n la oportunidad de titularse, y quienes no se encuentren en esta condici\u00f3n lo podr\u00e1n concluir en cuatro a\u00f1os.<\/p>\n<p>Arano Ch\u00e1vez expres\u00f3 que se pretende formar investigadores que produzcan resultados y soluciones en una empresa, \u201cqueremos afianzarlos para que a trav\u00e9s del m\u00e9todo cient\u00edfico brinden soluciones, porque de acuerdo al vertiginoso mundo de la globalizaci\u00f3n y la tecnolog\u00eda, estamos obligados al modelo de innovaci\u00f3n triple h\u00e9lice: empresa, academia y gobierno, no tan s\u00f3lo dar una clase te\u00f3rica, sino vincularlos con el \u00e1rea pr\u00e1ctica\u201d.<\/p>\n<p>Por su parte, Hern\u00e1ndez Rodr\u00edguez refiri\u00f3 que el cupo ser\u00e1 de 15 alumnos \u201cpues se busca calidad m\u00e1s que cantidad\u201d, y los aspirantes preferentemente ser\u00e1n del \u00c1rea Acad\u00e9mica Econ\u00f3mico-Administrativa, aunque esto no implica exclusi\u00f3n ni limitaci\u00f3n ya que tambi\u00e9n podr\u00e1n ser aspirantes egresados de otras maestr\u00edas que est\u00e9n incursionando en el \u00e1rea de la administraci\u00f3n.<\/p>\n<p>Cabe se\u00f1alar que el Doctorado en Alta Direcci\u00f3n de Organizaciones fue aprobado por el Consejo Universitario General en su sesi\u00f3n de diciembre de 2018.<\/p>\n<p>Los interesados podr\u00e1n consultar las bases en la convocatoria que ser\u00e1 publicada en <a href=\"https:\/\/www.uv.mx\/dado\">www.uv.mx\/dado<\/a>, para mayor informaci\u00f3n dirigirse a los correos electr\u00f3nicos <a href=\"mailto:rarano@uv.mx\">rarano@uv.mx<\/a> y <a href=\"mailto:drcarloshr@gmail.com\">drcarloshr@gmail.com<\/a>.<\/p>\n","protected":false},"excerpt":{"rendered":"<p>Los alumnos que terminen su tesis en tres a\u00f1os tendr\u00e1n la oportunidad de titularse, y quienes no se encuentren en esta condici\u00f3n lo podr\u00e1n concluir en cuatro a\u00f1os<\/p>\n","protected":false},"author":1508,"featured_media":62442,"comment_status":"closed","ping_status":"closed","sticky":false,"template":"","format":"standard","meta":[],"categories":[61],"tags":[],"_links":{"self":[{"href":"https:\/\/www.uv.mx\/prensa\/wp-json\/wp\/v2\/posts\/62441"}],"collection":[{"href":"https:\/\/www.uv.mx\/prensa\/wp-json\/wp\/v2\/posts"}],"about":[{"href":"https:\/\/www.uv.mx\/prensa\/wp-json\/wp\/v2\/types\/post"}],"author":[{"embeddable":true,"href":"https:\/\/www.uv.mx\/prensa\/wp-json\/wp\/v2\/users\/1508"}],"replies":[{"embeddable":true,"href":"https:\/\/www.uv.mx\/prensa\/wp-json\/wp\/v2\/comments?post=62441"}],"version-history":[{"count":0,"href":"https:\/\/www.uv.mx\/prensa\/wp-json\/wp\/v2\/posts\/62441\/revisions"}],"wp:featuredmedia":[{"embeddable":true,"href":"https:\/\/www.uv.mx\/prensa\/wp-json\/wp\/v2\/media\/62442"}],"wp:attachment":[{"href":"https:\/\/www.uv.mx\/prensa\/wp-json\/wp\/v2\/media?parent=62441"}],"wp:term":[{"taxonomy":"category","embeddable":true,"href":"https:\/\/www.uv.mx\/prensa\/wp-json\/wp\/v2\/categories?post=62441"},{"taxonomy":"post_tag","embeddable":true,"href":"https:\/\/www.uv.mx\/prensa\/wp-json\/wp\/v2\/tags?post=62441"}],"curies":[{"name":"wp","href":"https:\/\/api.w.org\/{rel}","templated":true}]}}