{"id":62453,"date":"2019-02-11T18:39:58","date_gmt":"2019-02-12T00:39:58","guid":{"rendered":"https:\/\/www.uv.mx\/prensa\/?p=62453"},"modified":"2022-12-15T11:04:25","modified_gmt":"2022-12-15T17:04:25","slug":"mas-de-30-jovenes-se-sumaran-a-las-brigadas-universitarias","status":"publish","type":"post","link":"https:\/\/www.uv.mx\/prensa\/banner\/mas-de-30-jovenes-se-sumaran-a-las-brigadas-universitarias\/","title":{"rendered":"M\u00e1s de 30 j\u00f3venes se sumar\u00e1n a las brigadas universitarias"},"content":{"rendered":"<ul>\n<li><i>Ariel Rivera Torres, director general de Vinculaci\u00f3n, los inst\u00f3 a contribuir con sus conocimientos al desarrollo de las comunidades y sus habitantes<\/i><\/li>\n<\/ul>\n<p>&nbsp;<\/p>\n<div id=\"attachment_62419\" style=\"width: 732px\" class=\"wp-caption aligncenter\"><a href=\"https:\/\/www.uv.mx\/prensa\/files\/2019\/02\/110219-brigadistas-1.jpg\"><img aria-describedby=\"caption-attachment-62419\" decoding=\"async\" loading=\"lazy\" class=\"size-full wp-image-62419\" src=\"https:\/\/www.uv.mx\/prensa\/files\/2019\/02\/110219-brigadistas-1.jpg\" alt=\"\" width=\"722\" height=\"478\" srcset=\"https:\/\/www.uv.mx\/prensa\/files\/2019\/02\/110219-brigadistas-1.jpg 722w, https:\/\/www.uv.mx\/prensa\/files\/2019\/02\/110219-brigadistas-1-300x199.jpg 300w\" sizes=\"(max-width: 722px) 100vw, 722px\" \/><\/a><p id=\"caption-attachment-62419\" class=\"wp-caption-text\">Ariel Rivera Torres, director general de Vinculaci\u00f3n, encabez\u00f3 el acto de bienvenida a los brigadistas universitarios<\/p><\/div>\n<p>&nbsp;<\/p>\n<p><b><i>Claudia Peralta V\u00e1zquez<\/i><\/b><\/p>\n<p><b><i>11\/02\/19, Xalapa, <\/i><\/b><b><i>Ver.-<\/i><\/b> Un total de 33 universitarios se integraron oficialmente al programa Brigadas Universitarias en Servicio Social (BUSS), estrategia que impulsa la <a href=\"https:\/\/www.uv.mx\/vinculacion\/\">Direcci\u00f3n General de Vinculaci\u00f3n<\/a> (DGV) de la Universidad Veracruzana (UV) con el prop\u00f3sito de que estudiantes de diversos programas educativos (PE) contribuyan al desarrollo de localidades serranas e ind\u00edgenas y de sus habitantes.<\/p>\n<p>Al encabezar este lunes 11 de febrero el acto de bienvenida para los nuevos brigadistas, quienes tambi\u00e9n participan en un curso de inducci\u00f3n, Ariel Rivera Torres, director general de Vinculaci\u00f3n, felicit\u00f3 a los j\u00f3venes por la iniciativa de sumarse a esta acci\u00f3n a realizarse mediante 25 brigadas itinerantes y siete Casas UV.<\/p>\n<p>Estas \u00faltimas ubicadas en lugares apartados y catalogados con alto grado de vulnerabilidad del estado de Veracruz: El Conejo, en Perote; El Paisano, en Las Vigas de Ram\u00edrez; Coyopolan, en Ixhuac\u00e1n de los Reyes; Molino de San Roque, en Xalapa; La Casa de las Estrellitas, en Veracruz; Atlahuilco, en el municipio del mismo nombre; y La Chinantla, en el Uxpanapa.<\/p>\n<p>En la sala de videoconferencias de la Unidad de Servicios Bibliotecarios y de Informaci\u00f3n (USBI), Ariel Rivera dio a conocer que en estos espacios diariamente se brinda atenci\u00f3n gratuita m\u00e9dica, odontol\u00f3gica, nutricional y de salud en general, a mujeres, ni\u00f1os, adolescentes y adultos mayores, principalmente.<\/p>\n<p>Ante autoridades universitarias, coordinadores de las Casas UV, brigadas y personal del \u00e1rea de Vinculaci\u00f3n de Xalapa y de las dem\u00e1s regiones, quienes presenciaron el acto por videoconferencia, el titular de la DGV resalt\u00f3 que esta experiencia de seis meses y hasta por un a\u00f1o ser\u00e1 \u00fanica y servir\u00e1 a los alumnos para fortalecer y afianzar los conocimientos adquiridos durante su carrera.<\/p>\n<p>Asimismo, los llam\u00f3 a mantener un di\u00e1logo directo con los integrantes de la comunidad, a conocer y ser part\u00edcipes de su cultura, costumbres y tradiciones. \u201cLa labor de brigadistas es una actividad reconfortable y de mucho conocimiento que adquirir\u00e1n y contrastar\u00e1n en el campo de trabajo\u201d, expres\u00f3.<\/p>\n<p>Adem\u00e1s, precis\u00f3 que entre los objetivos del curso de inducci\u00f3n destaca el proporcionar a los brigadistas elementos b\u00e1sicos para integrarse a una comunidad rural o en el medio urbano mediante la realizaci\u00f3n de su servicio social, as\u00ed como exponer el contexto institucional bajo el cual desarrollar\u00e1n sus actividades.<\/p>\n<p>Tambi\u00e9n tiene la intenci\u00f3n de proporcionarles herramientas te\u00f3rico-metodol\u00f3gicas para la planeaci\u00f3n de actividades de servicio social; propiciar la reflexi\u00f3n sobre la importancia del trabajo en equipo, comunicaci\u00f3n, convivencia y el quehacer en el \u00e1mbito comunitario.<\/p>\n<div id=\"attachment_62418\" style=\"width: 732px\" class=\"wp-caption aligncenter\"><a href=\"https:\/\/www.uv.mx\/prensa\/files\/2019\/02\/110219-brigadistas-2.jpg\"><img aria-describedby=\"caption-attachment-62418\" decoding=\"async\" loading=\"lazy\" class=\"size-full wp-image-62418\" src=\"https:\/\/www.uv.mx\/prensa\/files\/2019\/02\/110219-brigadistas-2.jpg\" alt=\"\" width=\"722\" height=\"478\" srcset=\"https:\/\/www.uv.mx\/prensa\/files\/2019\/02\/110219-brigadistas-2.jpg 722w, https:\/\/www.uv.mx\/prensa\/files\/2019\/02\/110219-brigadistas-2-300x199.jpg 300w\" sizes=\"(max-width: 722px) 100vw, 722px\" \/><\/a><p id=\"caption-attachment-62418\" class=\"wp-caption-text\">Autoridades universitarias reconocieron la iniciativa de los universitarios que se suman a las BUSS<\/p><\/div>\n<p>Otra parte de la capacitaci\u00f3n aborda los procedimientos que siguen, c\u00f3mo es el trabajo en las comunidades y la relaci\u00f3n con las autoridades de dichos sitios.<\/p>\n<p>Se\u00f1al\u00f3 que durante este proceso los estudiantes contar\u00e1n en todo momento con el respaldo de profesores y coordinadores de las brigadas: \u201cHoy 33 brigadistas se suman a los 68 ya instalados para hacer un total de 101 alumnos durante este semestre\u201d.<\/p>\n<p>Se requiere el apoyo de m\u00e1s universitarios pues no se alcanza a cubrir la totalidad de municipios. En este sentido, anunci\u00f3 que si la situaci\u00f3n financiera lo permite, para el pr\u00f3ximo semestre se establecer\u00e1n m\u00e1s brigadas en las zonas norte y sur de la entidad.<\/p>\n<p>Eduardo Guti\u00e9rrez Mor\u00edn, jefe del Departamento de Vinculaci\u00f3n Social, inform\u00f3 que el curso de inducci\u00f3n comprende un solo d\u00eda, pero se complementar\u00e1 con dos semanas m\u00e1s de inmersi\u00f3n social y cultural en las localidades, donde conocer\u00e1n m\u00e1s acerca de las costumbres y tradiciones.<\/p>\n<p>Dijo que ante la situaci\u00f3n de inseguridad que prevalece en el estado, a trav\u00e9s del Sistema Universitario de Gesti\u00f3n Integral del Riesgo (SUGIR) los j\u00f3venes tambi\u00e9n recibir\u00e1n informaci\u00f3n de los protocolos establecidos por la UV en esta materia, as\u00ed como preventivos ante la probabilidad de incremento del riesgo.<\/p>\n<p>El curso de inducci\u00f3n incluye, adem\u00e1s, lo relacionado con la gesti\u00f3n integral de residuos s\u00f3lidos, principalmente los de tipo biol\u00f3gico-infeccioso.<\/p>\n<p>Asistieron a este evento: Pedro Guti\u00e9rrez Aguilar, director general del \u00c1rea Acad\u00e9mica de Ciencias de la Salud; Alberto Navarrete Mungu\u00eda, director de la Facultad de Medicina; Juan Capetillo Hern\u00e1ndez, coordinador Universitario de Atenci\u00f3n Estudiantil, y Julio C\u00e9sar Cruz Salas, en representaci\u00f3n de la Secretar\u00eda de Desarrollo Institucional.<\/p>\n<p>Por videoconferencia presenciaron el acto los vicerrectores de las regiones de Veracruz, Coatzacoalcos-Minatitl\u00e1n y Orizaba-C\u00f3rdoba: Alfonso P\u00e9rez Morales, Carlos Lamothe Zavaleta y Jos\u00e9 Eduardo Mart\u00ednez Canales, respectivamente.<\/p>\n<p>Tambi\u00e9n, Emma Virginia Herrera Huerta y Florentino Cruz Mart\u00ednez, secretarios acad\u00e9micos de Orizaba-C\u00f3rdoba y Coatzacoalcos-Minatitl\u00e1n; as\u00ed como Alberto Arriaga Parada, coordinador regional de Vinculaci\u00f3n de Poza Rica-Tuxpan.<\/p>\n<div id=\"attachment_62417\" style=\"width: 732px\" class=\"wp-caption aligncenter\"><a href=\"https:\/\/www.uv.mx\/prensa\/files\/2019\/02\/110219-brigadistas-3.jpg\"><img aria-describedby=\"caption-attachment-62417\" decoding=\"async\" loading=\"lazy\" class=\"size-full wp-image-62417\" src=\"https:\/\/www.uv.mx\/prensa\/files\/2019\/02\/110219-brigadistas-3.jpg\" alt=\"\" width=\"722\" height=\"478\" srcset=\"https:\/\/www.uv.mx\/prensa\/files\/2019\/02\/110219-brigadistas-3.jpg 722w, https:\/\/www.uv.mx\/prensa\/files\/2019\/02\/110219-brigadistas-3-300x199.jpg 300w\" sizes=\"(max-width: 722px) 100vw, 722px\" \/><\/a><p id=\"caption-attachment-62417\" class=\"wp-caption-text\">Eduardo Guti\u00e9rrez Mor\u00edn, jefe del Departamento de Vinculaci\u00f3n Social<\/p><\/div>\n","protected":false},"excerpt":{"rendered":"<p>Un total de 33 universitarios se integraron oficialmente al programa Brigadas Universitarias en Servicio Social, que sumados a los 68 en activo, dan un total de 101 <\/p>\n","protected":false},"author":1775,"featured_media":62454,"comment_status":"closed","ping_status":"closed","sticky":false,"template":"","format":"standard","meta":[],"categories":[61],"tags":[9746,90,4163,995,994,988,507,506,9745],"_links":{"self":[{"href":"https:\/\/www.uv.mx\/prensa\/wp-json\/wp\/v2\/posts\/62453"}],"collection":[{"href":"https:\/\/www.uv.mx\/prensa\/wp-json\/wp\/v2\/posts"}],"about":[{"href":"https:\/\/www.uv.mx\/prensa\/wp-json\/wp\/v2\/types\/post"}],"author":[{"embeddable":true,"href":"https:\/\/www.uv.mx\/prensa\/wp-json\/wp\/v2\/users\/1775"}],"replies":[{"embeddable":true,"href":"https:\/\/www.uv.mx\/prensa\/wp-json\/wp\/v2\/comments?post=62453"}],"version-history":[{"count":1,"href":"https:\/\/www.uv.mx\/prensa\/wp-json\/wp\/v2\/posts\/62453\/revisions"}],"predecessor-version":[{"id":125594,"href":"https:\/\/www.uv.mx\/prensa\/wp-json\/wp\/v2\/posts\/62453\/revisions\/125594"}],"wp:featuredmedia":[{"embeddable":true,"href":"https:\/\/www.uv.mx\/prensa\/wp-json\/wp\/v2\/media\/62454"}],"wp:attachment":[{"href":"https:\/\/www.uv.mx\/prensa\/wp-json\/wp\/v2\/media?parent=62453"}],"wp:term":[{"taxonomy":"category","embeddable":true,"href":"https:\/\/www.uv.mx\/prensa\/wp-json\/wp\/v2\/categories?post=62453"},{"taxonomy":"post_tag","embeddable":true,"href":"https:\/\/www.uv.mx\/prensa\/wp-json\/wp\/v2\/tags?post=62453"}],"curies":[{"name":"wp","href":"https:\/\/api.w.org\/{rel}","templated":true}]}}