{"id":62473,"date":"2019-02-12T09:00:26","date_gmt":"2019-02-12T15:00:26","guid":{"rendered":"https:\/\/www.uv.mx\/prensa\/?p=62473"},"modified":"2019-02-12T11:07:47","modified_gmt":"2019-02-12T17:07:47","slug":"azul-reflexion-de-mercedes-name-sobre-importancia-del-mar","status":"publish","type":"post","link":"https:\/\/www.uv.mx\/prensa\/cultura\/azul-reflexion-de-mercedes-name-sobre-importancia-del-mar\/","title":{"rendered":"<em>Azul<\/em>, reflexi\u00f3n de Mercedes Name sobre importancia del mar"},"content":{"rendered":"<ul>\n<li><i>Maliyel<\/i> <i>Beverido<\/i><i> dijo que con esta actividad inician los festejos por el d\u00e9cimo aniversario de la Casa del Lago <\/i><i>UV<\/i><\/li>\n<li><i>La exposici\u00f3n<\/i> <i>estar\u00e1 abierta al p\u00fablico hasta finales de marzo<\/i><\/li>\n<\/ul>\n<p>&nbsp;<\/p>\n<div id=\"attachment_62374\" style=\"width: 732px\" class=\"wp-caption aligncenter\"><a href=\"https:\/\/www.uv.mx\/prensa\/files\/2019\/02\/080219-PAOLA-Exposicion-Azul-3.jpg\"><img aria-describedby=\"caption-attachment-62374\" decoding=\"async\" loading=\"lazy\" class=\"wp-image-62374 size-full\" src=\"https:\/\/www.uv.mx\/prensa\/files\/2019\/02\/080219-PAOLA-Exposicion-Azul-3.jpg\" alt=\"\" width=\"722\" height=\"478\" srcset=\"https:\/\/www.uv.mx\/prensa\/files\/2019\/02\/080219-PAOLA-Exposicion-Azul-3.jpg 722w, https:\/\/www.uv.mx\/prensa\/files\/2019\/02\/080219-PAOLA-Exposicion-Azul-3-300x199.jpg 300w\" sizes=\"(max-width: 722px) 100vw, 722px\" \/><\/a><p id=\"caption-attachment-62374\" class=\"wp-caption-text\">La muestra est\u00e1 integrada por 23 obras<\/p><\/div>\n<p>&nbsp;<\/p>\n<p><b><i>Paola Cort\u00e9s P\u00e9rez<\/i><\/b><\/p>\n<p><b><i>12<\/i><\/b><b><i>\/02\/19, Xalapa, Ver.-<\/i><\/b> La Casa del Lago de la Universidad Veracruzana (UV) inicia los festejos por su d\u00e9cimo aniversario con la inauguraci\u00f3n de la exposici\u00f3n <i>Azul<\/i>, autor\u00eda de la artista pl\u00e1stica Mercedes Name, que tuvo lugar la tarde del viernes 8 de febrero.<\/p>\n<p>La inauguraci\u00f3n fue encabezada por la rectora Sara Ladr\u00f3n de Guevara; el director general de Difusi\u00f3n Cultural, Rafael Alcal\u00e1 Hinojosa; la directora de la Casa del Lago UV, Maliyel Beverido Duhalt, y la artista Mercedes Name.<\/p>\n<p>Sara Ladr\u00f3n de Guevara dijo que esta exposici\u00f3n es la primera de las actividades que se tienen programadas para la celebraci\u00f3n del d\u00e9cimo aniversario de la Casa del Lago.<\/p>\n<p>Adelant\u00f3 que en pr\u00f3ximas fechas se reabrir\u00e1 el Foro \u201cMiguel Herrera Olivo\u201d, el cual ser\u00e1 \u201cun espacio propicio para las diversas actividades que se realizan en este espacio cultural\u201d.<\/p>\n<p>En tanto, Maliyel Beverido dijo que en esta ocasi\u00f3n la Casa del Lago se viste \u201cdel azul del mar\u201d con la propuesta art\u00edstica de Mercedes Name, quien por un lado reinterpreta la t\u00e9cnica tradicional conocida como cianotipia y, por el otro, invita a reflexionar sobre la necesidad que tenemos de este ecosistema.<\/p>\n<p>Por \u00faltimo, Mercedes Name agradeci\u00f3 a las autoridades universitarias la oportunidad de mostrar su obra en el espacio expositivo \u201cErnesto (Pel\u00f3n) Bautista Pe\u00f1a\u201d.<\/p>\n<p>&nbsp;<\/p>\n<div id=\"attachment_62372\" style=\"width: 732px\" class=\"wp-caption aligncenter\"><a href=\"https:\/\/www.uv.mx\/prensa\/files\/2019\/02\/080219-PAOLA-Exposicion-Azul-1.jpg\"><img aria-describedby=\"caption-attachment-62372\" decoding=\"async\" loading=\"lazy\" class=\"size-full wp-image-62372\" src=\"https:\/\/www.uv.mx\/prensa\/files\/2019\/02\/080219-PAOLA-Exposicion-Azul-1.jpg\" alt=\"\" width=\"722\" height=\"478\" srcset=\"https:\/\/www.uv.mx\/prensa\/files\/2019\/02\/080219-PAOLA-Exposicion-Azul-1.jpg 722w, https:\/\/www.uv.mx\/prensa\/files\/2019\/02\/080219-PAOLA-Exposicion-Azul-1-300x199.jpg 300w\" sizes=\"(max-width: 722px) 100vw, 722px\" \/><\/a><p id=\"caption-attachment-62372\" class=\"wp-caption-text\">Autoridades universitarias inauguraron la exposici\u00f3n<\/p><\/div>\n<p>&nbsp;<\/p>\n<p>Sobre el tema y nombre de la exposici\u00f3n, <i>Azul<\/i>, coment\u00f3 que en cada obra hay un mensaje \u2013silencioso pero contundente\u2013 para hacer conciencia sobre la importancia, cuidado y conservaci\u00f3n del mar.<\/p>\n<p>\u201cSiempre he sentido una profunda admiraci\u00f3n, respeto y amor por el mar, porque es el origen de la vida.\u201d<\/p>\n<p>Detall\u00f3 que la muestra est\u00e1 realizada con la t\u00e9cnica tradicional conocida como cianotipia, es un proceso fotogr\u00e1fico antiguo y s\u00f3lo se releva con la luz del sol, obteni\u00e9ndose ese tono de azul oc\u00e9ano o azul de Prusia llamada cianotipo.<\/p>\n<p>Las 23 obras que conforman la exposici\u00f3n est\u00e1n montadas \u2013en su mayor\u00eda\u2013 sobre lino irland\u00e9s y los materiales utilizados son objetos encontrados en la playa, principalmente basura, as\u00ed como hilos (ingl\u00e9s, de seda roja y de algod\u00f3n) para dar textura a cada una de ellas.<\/p>\n<p>El texto de sala, a cargo de Graciela Patr\u00f3n, expresa: \u201cEn su intenci\u00f3n por lograr esta uni\u00f3n entre lo cl\u00e1sico y lo actual, el resultado es una producci\u00f3n rodeada de una atmosfera de misterio, que proporciona a sus personajes matices que rayan en lo sobrenatural\u201d.<\/p>\n<p>La exposici\u00f3n <i>Azul<\/i> estar\u00e1 hasta finales de marzo en la Casa del Lago UV para el disfrute de la comunidad universitaria y del p\u00fablico en general.<\/p>\n<p>&nbsp;<\/p>\n<div id=\"attachment_62373\" style=\"width: 732px\" class=\"wp-caption aligncenter\"><a href=\"https:\/\/www.uv.mx\/prensa\/files\/2019\/02\/080219-PAOLA-Exposicion-Azul-2.jpg\"><img aria-describedby=\"caption-attachment-62373\" decoding=\"async\" loading=\"lazy\" class=\"size-full wp-image-62373\" src=\"https:\/\/www.uv.mx\/prensa\/files\/2019\/02\/080219-PAOLA-Exposicion-Azul-2.jpg\" alt=\"\" width=\"722\" height=\"478\" srcset=\"https:\/\/www.uv.mx\/prensa\/files\/2019\/02\/080219-PAOLA-Exposicion-Azul-2.jpg 722w, https:\/\/www.uv.mx\/prensa\/files\/2019\/02\/080219-PAOLA-Exposicion-Azul-2-300x199.jpg 300w\" sizes=\"(max-width: 722px) 100vw, 722px\" \/><\/a><p id=\"caption-attachment-62373\" class=\"wp-caption-text\">La rectora Sara Ladr\u00f3n de Guevara en compa\u00f1\u00eda de la artista Mercedes Name<\/p><\/div>\n","protected":false},"excerpt":{"rendered":"<p>La muestra pl\u00e1stica estar\u00e1 abierta al p\u00fablico hasta finales de marzo en la Casa del Lago UV<\/p>\n","protected":false},"author":1508,"featured_media":62374,"comment_status":"closed","ping_status":"closed","sticky":false,"template":"","format":"standard","meta":[],"categories":[11],"tags":[],"_links":{"self":[{"href":"https:\/\/www.uv.mx\/prensa\/wp-json\/wp\/v2\/posts\/62473"}],"collection":[{"href":"https:\/\/www.uv.mx\/prensa\/wp-json\/wp\/v2\/posts"}],"about":[{"href":"https:\/\/www.uv.mx\/prensa\/wp-json\/wp\/v2\/types\/post"}],"author":[{"embeddable":true,"href":"https:\/\/www.uv.mx\/prensa\/wp-json\/wp\/v2\/users\/1508"}],"replies":[{"embeddable":true,"href":"https:\/\/www.uv.mx\/prensa\/wp-json\/wp\/v2\/comments?post=62473"}],"version-history":[{"count":0,"href":"https:\/\/www.uv.mx\/prensa\/wp-json\/wp\/v2\/posts\/62473\/revisions"}],"wp:featuredmedia":[{"embeddable":true,"href":"https:\/\/www.uv.mx\/prensa\/wp-json\/wp\/v2\/media\/62374"}],"wp:attachment":[{"href":"https:\/\/www.uv.mx\/prensa\/wp-json\/wp\/v2\/media?parent=62473"}],"wp:term":[{"taxonomy":"category","embeddable":true,"href":"https:\/\/www.uv.mx\/prensa\/wp-json\/wp\/v2\/categories?post=62473"},{"taxonomy":"post_tag","embeddable":true,"href":"https:\/\/www.uv.mx\/prensa\/wp-json\/wp\/v2\/tags?post=62473"}],"curies":[{"name":"wp","href":"https:\/\/api.w.org\/{rel}","templated":true}]}}