{"id":62661,"date":"2019-02-14T15:47:24","date_gmt":"2019-02-14T21:47:24","guid":{"rendered":"https:\/\/www.uv.mx\/prensa\/?p=62661"},"modified":"2019-02-15T13:15:29","modified_gmt":"2019-02-15T19:15:29","slug":"max-albergara-la-exposicion-suspiros","status":"publish","type":"post","link":"https:\/\/www.uv.mx\/prensa\/cultura\/max-albergara-la-exposicion-suspiros\/","title":{"rendered":"MAX albergar\u00e1 la exposici\u00f3n <em>Suspiros<\/em>"},"content":{"rendered":"<ul>\n<li><em>De la artista franco-mexicana <\/em><em>Fabienne Guilbert Burgoa en colaboraci\u00f3n con Hugo Mir-Valette<\/em><\/li>\n<li><em>Se podr\u00e1 apreciar del 15 de febrero al 3 de abril, de 9:00 a 17:00 horas y la entrada es libre<\/em><\/li>\n<\/ul>\n<p>&nbsp;<\/p>\n<div id=\"attachment_62662\" style=\"width: 732px\" class=\"wp-caption aligncenter\"><a href=\"https:\/\/www.uv.mx\/prensa\/files\/2019\/02\/Captura-de-pantalla-2019-02-07-a-las-12.20.33.jpg\"><img aria-describedby=\"caption-attachment-62662\" decoding=\"async\" loading=\"lazy\" class=\"size-full wp-image-62662\" src=\"https:\/\/www.uv.mx\/prensa\/files\/2019\/02\/Captura-de-pantalla-2019-02-07-a-las-12.20.33.jpg\" alt=\"\" width=\"722\" height=\"1073\" srcset=\"https:\/\/www.uv.mx\/prensa\/files\/2019\/02\/Captura-de-pantalla-2019-02-07-a-las-12.20.33.jpg 722w, https:\/\/www.uv.mx\/prensa\/files\/2019\/02\/Captura-de-pantalla-2019-02-07-a-las-12.20.33-202x300.jpg 202w, https:\/\/www.uv.mx\/prensa\/files\/2019\/02\/Captura-de-pantalla-2019-02-07-a-las-12.20.33-689x1024.jpg 689w\" sizes=\"(max-width: 722px) 100vw, 722px\" \/><\/a><p id=\"caption-attachment-62662\" class=\"wp-caption-text\">La exposici\u00f3n es auspiciada por la Federaci\u00f3n de las Alianzas Francesas de M\u00e9xico<\/p><\/div>\n<p>&nbsp;<\/p>\n<p><strong><em>14\/02\/19, Xalapa, Ver.-<\/em><\/strong> El <a href=\"https:\/\/www.uv.mx\/max\/\">Museo de Antropolog\u00eda de Xalapa<\/a> (MAX) de la Universidad Veracruzana (UV), inaugurar\u00e1 este 15 de febrero, a las 19 horas, la exposici\u00f3n <em>Suspiros, <\/em>de la artista franco-mexicana Fabienne Guilbert Burgoa, en colaboraci\u00f3n con Hugo Mir-Valette en la Galer\u00eda Mezzanine del Museo.<\/p>\n<p>La curadora Fabienne Guilbert dijo que \u201cla exposici\u00f3n es un registro experimental, fruto de una investigaci\u00f3n antropol\u00f3gica por parte de la Federaci\u00f3n de las Alianzas Francesas de M\u00e9xico\u201d.<\/p>\n<p>Coment\u00f3 que este evento se realiza \u201ccon el objetivo de recordar la riqueza de los conocimientos y cosmovisiones de aquellas culturas cuyo suspiro expresa el peso de las miradas condescendientes y discriminantes. Los materiales utilizados evocan los tejidos de algod\u00f3n bruto de nuestros ancestros.\u201d<\/p>\n<p>La exposici\u00f3n es auspiciada por la Federaci\u00f3n de las Alianzas Francesas de M\u00e9xico, con presencia en San Crist\u00f3bal de las Casas, Quer\u00e9taro, Oaxaca, Xalapa, Toluca, Torre\u00f3n, Saltillo, San Lu\u00eds Potos\u00ed, M\u00e9rida y Ciudad de M\u00e9xico.<\/p>\n<p><em>Suspiros<\/em> est\u00e1 conformada por piezas elaboradas en estas entidades durante el primer programa de residencia \u201cCreaci\u00f3n Textil\u201d, cuyo objetivo principal es el de crear intercambios entre diferentes culturas.<\/p>\n<p>Se extiende con el fin de valorizar el patrimonio material e inmaterial de diversas regiones y conferirles a sus tradiciones una mejor difusi\u00f3n, siempre conservando un registro en una \u00f3ptica de antropolog\u00eda visual.<\/p>\n<p>La propuesta art\u00edstica por parte de la Alianza Francesa estar\u00e1 abierta en la Galer\u00eda Mezzanine del MAX, ubicada en la Avenida Xalapa s\/n, de la Unidad Magisterial del 15 de febrero al 3 de abril, de martes a domingo de 9:00 a 17:00 horas y la entrada es libre.<\/p>\n<p>&nbsp;<\/p>\n<div id=\"attachment_62664\" style=\"width: 732px\" class=\"wp-caption aligncenter\"><a href=\"https:\/\/www.uv.mx\/prensa\/files\/2019\/02\/Captura-de-pantalla-2019-02-07-a-las-12.20.51.jpg\"><img aria-describedby=\"caption-attachment-62664\" decoding=\"async\" loading=\"lazy\" class=\"size-full wp-image-62664\" src=\"https:\/\/www.uv.mx\/prensa\/files\/2019\/02\/Captura-de-pantalla-2019-02-07-a-las-12.20.51.jpg\" alt=\"\" width=\"722\" height=\"1068\" srcset=\"https:\/\/www.uv.mx\/prensa\/files\/2019\/02\/Captura-de-pantalla-2019-02-07-a-las-12.20.51.jpg 722w, https:\/\/www.uv.mx\/prensa\/files\/2019\/02\/Captura-de-pantalla-2019-02-07-a-las-12.20.51-203x300.jpg 203w, https:\/\/www.uv.mx\/prensa\/files\/2019\/02\/Captura-de-pantalla-2019-02-07-a-las-12.20.51-692x1024.jpg 692w\" sizes=\"(max-width: 722px) 100vw, 722px\" \/><\/a><p id=\"caption-attachment-62664\" class=\"wp-caption-text\"><em>Suspiros<\/em> est\u00e1 conformada por piezas elaboradas durante el primer programa de residencia \u201cCreaci\u00f3n Textil\u201d<\/p><\/div>\n","protected":false},"excerpt":{"rendered":"<p>La curadora Fabienne Guilbert dijo que \u201cla exposici\u00f3n es un registro experimental, fruto de una investigaci\u00f3n antropol\u00f3gica por parte de la Federaci\u00f3n de las Alianzas Francesas de M\u00e9xico\u201d<\/p>\n","protected":false},"author":1869,"featured_media":62664,"comment_status":"closed","ping_status":"closed","sticky":false,"template":"","format":"standard","meta":[],"categories":[11,47],"tags":[],"_links":{"self":[{"href":"https:\/\/www.uv.mx\/prensa\/wp-json\/wp\/v2\/posts\/62661"}],"collection":[{"href":"https:\/\/www.uv.mx\/prensa\/wp-json\/wp\/v2\/posts"}],"about":[{"href":"https:\/\/www.uv.mx\/prensa\/wp-json\/wp\/v2\/types\/post"}],"author":[{"embeddable":true,"href":"https:\/\/www.uv.mx\/prensa\/wp-json\/wp\/v2\/users\/1869"}],"replies":[{"embeddable":true,"href":"https:\/\/www.uv.mx\/prensa\/wp-json\/wp\/v2\/comments?post=62661"}],"version-history":[{"count":0,"href":"https:\/\/www.uv.mx\/prensa\/wp-json\/wp\/v2\/posts\/62661\/revisions"}],"wp:featuredmedia":[{"embeddable":true,"href":"https:\/\/www.uv.mx\/prensa\/wp-json\/wp\/v2\/media\/62664"}],"wp:attachment":[{"href":"https:\/\/www.uv.mx\/prensa\/wp-json\/wp\/v2\/media?parent=62661"}],"wp:term":[{"taxonomy":"category","embeddable":true,"href":"https:\/\/www.uv.mx\/prensa\/wp-json\/wp\/v2\/categories?post=62661"},{"taxonomy":"post_tag","embeddable":true,"href":"https:\/\/www.uv.mx\/prensa\/wp-json\/wp\/v2\/tags?post=62661"}],"curies":[{"name":"wp","href":"https:\/\/api.w.org\/{rel}","templated":true}]}}