{"id":63366,"date":"2019-02-26T18:56:52","date_gmt":"2019-02-27T00:56:52","guid":{"rendered":"https:\/\/www.uv.mx\/prensa\/?p=63366"},"modified":"2019-02-26T18:56:52","modified_gmt":"2019-02-27T00:56:52","slug":"imagenes-veracruzanas-del-pasado-en-ambulante","status":"publish","type":"post","link":"https:\/\/www.uv.mx\/prensa\/cultura\/imagenes-veracruzanas-del-pasado-en-ambulante\/","title":{"rendered":"Im\u00e1genes veracruzanas del pasado en Ambulante"},"content":{"rendered":"<p>&nbsp;<\/p>\n<div id=\"attachment_63343\" style=\"width: 732px\" class=\"wp-caption aligncenter\"><a href=\"https:\/\/www.uv.mx\/prensa\/files\/2019\/02\/260219-Noticiero-1-Credito-Coleccion-de-la-Cineteca-Nacional.jpg\"><img aria-describedby=\"caption-attachment-63343\" decoding=\"async\" loading=\"lazy\" class=\"wp-image-63343 size-full\" src=\"https:\/\/www.uv.mx\/prensa\/files\/2019\/02\/260219-Noticiero-1-Credito-Coleccion-de-la-Cineteca-Nacional.jpg\" alt=\"\" width=\"722\" height=\"527\" srcset=\"https:\/\/www.uv.mx\/prensa\/files\/2019\/02\/260219-Noticiero-1-Credito-Coleccion-de-la-Cineteca-Nacional.jpg 722w, https:\/\/www.uv.mx\/prensa\/files\/2019\/02\/260219-Noticiero-1-Credito-Coleccion-de-la-Cineteca-Nacional-300x219.jpg 300w\" sizes=\"(max-width: 722px) 100vw, 722px\" \/><\/a><p id=\"caption-attachment-63343\" class=\"wp-caption-text\">Desde la primera mitad del siglo XX, los noticieros f\u00edlmicos informaron de la oficialidad pol\u00edtica (Imagen: <strong>Colecci\u00f3n de la Cineteca Nacional<\/strong>)<\/p><\/div>\n<p>&nbsp;<\/p>\n<p><em><strong><span class=\"TextRun  BCX2 SCXW246448913\" lang=\"ES-MX\" xml:lang=\"ES-MX\" data-contrast=\"auto\"><span class=\"NormalTextRun  BCX2 SCXW246448913\">Roberto Ortiz Escobar<\/span><\/span><\/strong><\/em><\/p>\n<p><span data-contrast=\"auto\"><em><strong>26\/02\/19, Xalapa, Ver.-<\/strong><\/em> Los noticieros f\u00edlmicos cumplieron una funci\u00f3n relevante en los c<\/span><span data-contrast=\"auto\">ines del <\/span><span data-contrast=\"auto\">pa\u00eds del siglo pasado, siendo <\/span><span data-contrast=\"auto\">la <\/span><span data-contrast=\"auto\">parte inicial del programa proyectado<\/span><span data-contrast=\"auto\"> cotidianamente<\/span><span data-contrast=\"auto\"> en la pantalla grande.\u00a0<\/span><span data-ccp-props=\"{&quot;201341983&quot;:0,&quot;335551550&quot;:6,&quot;335551620&quot;:6,&quot;335559739&quot;:160,&quot;335559740&quot;:360}\">\u00a0<\/span><\/p>\n<p><span data-contrast=\"auto\">Desde la primera mitad del siglo XX, noticieros diversos cumplieron una funci\u00f3n informativa de la oficialidad pol\u00edtica, en paralelo con reportajes <\/span><span data-contrast=\"auto\">sociales, el mundo del espect\u00e1culo <\/span><span data-contrast=\"auto\">y hasta gags breves. <\/span><span data-contrast=\"auto\">El cometido nacional <\/span><span data-contrast=\"auto\">se mez<\/span><span data-contrast=\"auto\">claba <\/span><span data-contrast=\"auto\">a veces <\/span><span data-contrast=\"auto\">con reportajes del extranjero.\u00a0<\/span><span data-ccp-props=\"{&quot;201341983&quot;:0,&quot;335551550&quot;:6,&quot;335551620&quot;:6,&quot;335559739&quot;:160,&quot;335559740&quot;:360}\">\u00a0<\/span><\/p>\n<p><span data-contrast=\"auto\">Interesante que el Festival Ambulante <\/span><span data-contrast=\"auto\">en Xalapa <\/span><span data-contrast=\"auto\">exhiba en la secci\u00f3n Retrovisor una serie de noticieros seleccionados por Tzutzumatzin Soto, del acervo <\/span><span data-contrast=\"auto\">f\u00edlmico <\/span><span data-contrast=\"auto\">digitalizado en Cineteca Nacional.\u00a0<\/span><span data-ccp-props=\"{&quot;201341983&quot;:0,&quot;335551550&quot;:6,&quot;335551620&quot;:6,&quot;335559739&quot;:160,&quot;335559740&quot;:360}\">\u00a0<\/span><\/p>\n<p><span data-contrast=\"auto\">El <\/span><span data-contrast=\"auto\">mi\u00e9rcoles 27 de febrero se presentar\u00e1n<\/span><span data-contrast=\"auto\"> en el \u00c1gora de la Ciudad, una serie de reportajes producidos entre <\/span><span data-contrast=\"auto\">1937 y 1965, rescatados por Cineteca Nacional. En tanto difusi\u00f3n y propaganda de los gobiernos fed<\/span><span data-contrast=\"auto\">erales en turno, la jornada ser\u00e1<\/span><span data-contrast=\"auto\"> testigo de las obras encausadas por los presidentes L\u00e1zaro C\u00e1rdenas, Miguel Alem\u00e1<\/span><span data-contrast=\"auto\">n Vald\u00e9s y Adolfo Ruiz Cortines, quienes, brevemente, aparecen en pantalla en giras de trabajo, inaugurando obras de infraestructura o salud<\/span><span data-contrast=\"auto\">a<\/span><span data-contrast=\"auto\">ndo a pol\u00edticos, intelectuales o<\/span><span data-contrast=\"auto\"> invitados extranjeros.\u00a0<\/span><span data-ccp-props=\"{&quot;201341983&quot;:0,&quot;335551550&quot;:6,&quot;335551620&quot;:6,&quot;335559739&quot;:160,&quot;335559740&quot;:360}\">\u00a0<\/span><\/p>\n<p><span data-contrast=\"auto\">Este t<\/span><span data-contrast=\"auto\">ipo de noticieros vertieron<\/span><span data-contrast=\"auto\"> informaci\u00f3n mucho antes de que la televisi\u00f3n cubriera la cuota inmediata de abordar la actualidad nacional. <\/span><span data-contrast=\"auto\">En ellos se resalta<\/span> <span data-contrast=\"auto\">la importancia de instituciones como e<\/span><span data-contrast=\"auto\">l Segur<\/span><span data-contrast=\"auto\">o Social, las Fuerzas Armadas, <\/span><span data-contrast=\"auto\">La Comisi\u00f3n Federal de Electricidad<\/span><span data-contrast=\"auto\"> o <em>Pemex<\/em><\/span><span data-contrast=\"auto\">; <\/span><span data-contrast=\"auto\">se reconoce<\/span><span data-contrast=\"auto\"> el papel de las mujeres en <\/span><span data-contrast=\"auto\">la Independencia y la <\/span><span data-contrast=\"auto\">Revoluci\u00f3n y d<\/span><span data-contrast=\"auto\">e <\/span><span data-contrast=\"auto\">aquellas que <\/span><span data-contrast=\"auto\">conquistaron <\/span><span data-contrast=\"auto\">el derecho al voto electoral femenino. <\/span><span data-contrast=\"auto\">Adem\u00e1s de ubicar <\/span><span data-contrast=\"auto\">a estrellas internacionales del cine como Gina Loll<\/span><span data-contrast=\"auto\">o<\/span><span data-contrast=\"auto\">br\u00edgida y Lana<\/span><span data-contrast=\"auto\"> Turner, se contemplan <\/span><span data-contrast=\"auto\">figuras de la cinematograf\u00eda <\/span><span data-contrast=\"auto\">como Dolores Del R\u00edo, Andrea Palma<\/span><span data-contrast=\"auto\">, Sara Garc\u00eda, Alma Rosa Aguirre e <\/span><span data-contrast=\"auto\">Isabela Corona <\/span><span data-contrast=\"auto\">y <\/span><span data-contrast=\"auto\">del toreo como <\/span><span data-contrast=\"auto\">Silverio P\u00e9rez, Ferm\u00edn Espinosa y Luis Procuna.\u00a0<\/span><span data-ccp-props=\"{&quot;201341983&quot;:0,&quot;335551550&quot;:6,&quot;335551620&quot;:6,&quot;335559739&quot;:160,&quot;335559740&quot;:360}\">\u00a0<\/span><\/p>\n<p><span data-contrast=\"auto\">Un bocadillo <\/span><span data-contrast=\"auto\">sobre <\/span><span data-contrast=\"auto\">el pasado ver<\/span><span data-contrast=\"auto\">acruzano son <\/span><span data-contrast=\"auto\">cinco reportajes <\/span><span data-contrast=\"auto\">breves sobre las <\/span><span data-contrast=\"auto\">obras de modernizaci\u00f3n del puerto de Veracruz <\/span><span data-contrast=\"auto\">como muelles ferro<\/span><span data-contrast=\"auto\">carriles, bodegas y transportes, y l<\/span><span data-contrast=\"auto\">a <\/span><span data-contrast=\"auto\">incidencia en el entretenimiento y el trabajo de <\/span><span data-contrast=\"auto\">Orizaba<\/span> <span data-contrast=\"auto\">de la energ\u00eda el\u00e9ctrica <\/span><span data-contrast=\"auto\">(1948-1951)<\/span><span data-contrast=\"auto\">. Tambi\u00e9n se proyectar\u00e1 la <\/span><span data-contrast=\"auto\">inauguraci\u00f3n <\/span><span data-contrast=\"auto\">de la<\/span><span data-contrast=\"auto\"> Feria del Estado de Ve<\/span><span data-contrast=\"auto\">racruz en el Estadio Xalape\u00f1o<\/span><span data-contrast=\"auto\">, <\/span><span data-contrast=\"auto\">del Parque Ferrocarrilero y un<\/span><span data-contrast=\"auto\"> hospital por Adolfo Ruiz Cortines (1953<\/span><span data-contrast=\"auto\">-1965)<\/span><span data-contrast=\"auto\">, <\/span><span data-contrast=\"auto\">as\u00ed como <\/span><span data-contrast=\"auto\">la<\/span> <span data-contrast=\"auto\">celebraci\u00f3n d<\/span><span data-contrast=\"auto\">el XX<\/span><span data-contrast=\"auto\"> aniversario de la expro<\/span><span data-contrast=\"auto\">piaci\u00f3n petrolera en Cerro Azul<\/span><span data-contrast=\"auto\"> (1958<\/span><span data-contrast=\"auto\">)<\/span><span data-contrast=\"auto\"> y el cierre de campa\u00f1a del aspirante a la gubernatura <\/span><span data-contrast=\"auto\">Marco Antonio Mu\u00f1oz<\/span><span data-contrast=\"auto\"> (<\/span><span data-contrast=\"auto\">1950).\u00a0<\/span><span data-contrast=\"auto\">\u00a0<\/span><span data-ccp-props=\"{&quot;201341983&quot;:0,&quot;335551550&quot;:6,&quot;335551620&quot;:6,&quot;335559739&quot;:160,&quot;335559740&quot;:360}\">\u00a0<\/span><\/p>\n<p><span data-contrast=\"auto\">De distintas \u00e9pocas, <\/span><span data-contrast=\"auto\">el programa de noticier<\/span><span data-contrast=\"auto\">os de Cineteca Nacional <\/span><span data-contrast=\"auto\">registra<\/span> <span data-contrast=\"auto\">las <\/span><span data-contrast=\"auto\">actividades de <\/span><span data-contrast=\"auto\">diferentes gobiernos federales, a trav\u00e9s de un discurso oficial <\/span><span data-contrast=\"auto\">propagand\u00edstico <\/span><span data-contrast=\"auto\">que avalaba los grandes momentos de intervenci\u00f3n gubernamental hace algunas d\u00e9cadas.<\/span><span data-contrast=\"auto\"> El Festiv<\/span><span data-contrast=\"auto\">al Ambulante de Xalapa permite<\/span><span data-contrast=\"auto\"> atisbar esos momentos.\u00a0<\/span><span data-ccp-props=\"{&quot;201341983&quot;:0,&quot;335551550&quot;:6,&quot;335551620&quot;:6,&quot;335559739&quot;:160,&quot;335559740&quot;:360}\">\u00a0<\/span><\/p>\n","protected":false},"excerpt":{"rendered":"<p>El Festival Ambulante exhibe, en la secci\u00f3n Retrovisor, una serie de noticieros f\u00edlmicos seleccionados por Tzutzumatzin Soto, del acervo f\u00edlmico digitalizado de la Cineteca Nacional<\/p>\n","protected":false},"author":1508,"featured_media":63343,"comment_status":"closed","ping_status":"closed","sticky":false,"template":"","format":"standard","meta":[],"categories":[50,11],"tags":[],"_links":{"self":[{"href":"https:\/\/www.uv.mx\/prensa\/wp-json\/wp\/v2\/posts\/63366"}],"collection":[{"href":"https:\/\/www.uv.mx\/prensa\/wp-json\/wp\/v2\/posts"}],"about":[{"href":"https:\/\/www.uv.mx\/prensa\/wp-json\/wp\/v2\/types\/post"}],"author":[{"embeddable":true,"href":"https:\/\/www.uv.mx\/prensa\/wp-json\/wp\/v2\/users\/1508"}],"replies":[{"embeddable":true,"href":"https:\/\/www.uv.mx\/prensa\/wp-json\/wp\/v2\/comments?post=63366"}],"version-history":[{"count":0,"href":"https:\/\/www.uv.mx\/prensa\/wp-json\/wp\/v2\/posts\/63366\/revisions"}],"wp:featuredmedia":[{"embeddable":true,"href":"https:\/\/www.uv.mx\/prensa\/wp-json\/wp\/v2\/media\/63343"}],"wp:attachment":[{"href":"https:\/\/www.uv.mx\/prensa\/wp-json\/wp\/v2\/media?parent=63366"}],"wp:term":[{"taxonomy":"category","embeddable":true,"href":"https:\/\/www.uv.mx\/prensa\/wp-json\/wp\/v2\/categories?post=63366"},{"taxonomy":"post_tag","embeddable":true,"href":"https:\/\/www.uv.mx\/prensa\/wp-json\/wp\/v2\/tags?post=63366"}],"curies":[{"name":"wp","href":"https:\/\/api.w.org\/{rel}","templated":true}]}}