{"id":63450,"date":"2019-02-28T09:00:45","date_gmt":"2019-02-28T15:00:45","guid":{"rendered":"https:\/\/www.uv.mx\/prensa\/?p=63450"},"modified":"2019-02-28T13:21:56","modified_gmt":"2019-02-28T19:21:56","slug":"universo-digital-cumple-un-ano-con-aprobacion-de-los-universitarios","status":"publish","type":"post","link":"https:\/\/www.uv.mx\/prensa\/banner\/universo-digital-cumple-un-ano-con-aprobacion-de-los-universitarios\/","title":{"rendered":"<em>Universo<\/em> digital cumple un a\u00f1o con aprobaci\u00f3n de los universitarios"},"content":{"rendered":"<ul>\n<li><i><span data-contrast=\"auto\">Ha publicado m\u00e1s de dos <\/span><\/i><i><span data-contrast=\"auto\">mil 900 notas<\/span><\/i><i><span data-contrast=\"auto\"> y registra <\/span><\/i><i><span data-contrast=\"auto\">353 mil 243 usuarios y 921 mil 112 p\u00e1ginas vistas<\/span><\/i><i><span data-contrast=\"auto\">. Adem\u00e1s, public\u00f3<\/span><\/i><i><span data-contrast=\"auto\"> 335 boletines digitales<\/span><\/i><span data-ccp-props=\"{&quot;134233279&quot;:true,&quot;201341983&quot;:0,&quot;335559737&quot;:57,&quot;335559739&quot;:160,&quot;335559740&quot;:240}\">\u00a0<\/span><\/li>\n<li data-leveltext=\"\uf0b7\" data-font=\"Symbol\" data-listid=\"2\" data-aria-posinset=\"2\" data-aria-level=\"1\"><i><span data-contrast=\"auto\">Estudiantes, acad\u00e9micos e investigadores <\/span><\/i><i><span data-contrast=\"auto\">destacan <\/span><\/i><i><span data-contrast=\"auto\">pertinencia<\/span><\/i><i><span data-contrast=\"auto\"> y sustentabilidad de la versi\u00f3n digital\u00a0<\/span><\/i><\/li>\n<\/ul>\n<p><span data-ccp-props=\"{&quot;201341983&quot;:0,&quot;335551550&quot;:1,&quot;335551620&quot;:1,&quot;335559685&quot;:360,&quot;335559737&quot;:57,&quot;335559739&quot;:160,&quot;335559740&quot;:240,&quot;335559991&quot;:360}\">\u00a0<\/span><\/p>\n<div id='gallery-1' class='gallery galleryid-63450 gallery-columns-3 gallery-size-full'><dl class='gallery-item'>\n\t\t\t<dt class='gallery-icon landscape'>\n\t\t\t\t<a href='https:\/\/www.uv.mx\/prensa\/files\/2019\/02\/260219-SONDEO-1-100k.jpg'><img width=\"722\" height=\"481\" src=\"https:\/\/www.uv.mx\/prensa\/files\/2019\/02\/260219-SONDEO-1-100k.jpg\" class=\"attachment-full size-full\" alt=\"\" decoding=\"async\" loading=\"lazy\" aria-describedby=\"gallery-1-63340\" srcset=\"https:\/\/www.uv.mx\/prensa\/files\/2019\/02\/260219-SONDEO-1-100k.jpg 722w, https:\/\/www.uv.mx\/prensa\/files\/2019\/02\/260219-SONDEO-1-100k-300x200.jpg 300w\" sizes=\"(max-width: 722px) 100vw, 722px\" \/><\/a>\n\t\t\t<\/dt>\n\t\t\t\t<dd class='wp-caption-text gallery-caption' id='gallery-1-63340'>\n\t\t\t\tFrancisco Rica\u00f1o, Martha Edith Morales y Oscar Manuel L\u00f3pez, de la FIME\n\t\t\t\t<\/dd><\/dl><dl class='gallery-item'>\n\t\t\t<dt class='gallery-icon landscape'>\n\t\t\t\t<a href='https:\/\/www.uv.mx\/prensa\/files\/2019\/02\/260219-SONDEO-2-100k.jpg'><img width=\"722\" height=\"481\" src=\"https:\/\/www.uv.mx\/prensa\/files\/2019\/02\/260219-SONDEO-2-100k.jpg\" class=\"attachment-full size-full\" alt=\"\" decoding=\"async\" loading=\"lazy\" aria-describedby=\"gallery-1-63341\" srcset=\"https:\/\/www.uv.mx\/prensa\/files\/2019\/02\/260219-SONDEO-2-100k.jpg 722w, https:\/\/www.uv.mx\/prensa\/files\/2019\/02\/260219-SONDEO-2-100k-300x200.jpg 300w\" sizes=\"(max-width: 722px) 100vw, 722px\" \/><\/a>\n\t\t\t<\/dt>\n\t\t\t\t<dd class='wp-caption-text gallery-caption' id='gallery-1-63341'>\n\t\t\t\tRuth del Carmen Mendoza, Mar\u00eda Elena Viveros e Iv\u00e1n Antonio Ordiozola, de Ciencias Qu\u00edmicas\n\t\t\t\t<\/dd><\/dl><dl class='gallery-item'>\n\t\t\t<dt class='gallery-icon landscape'>\n\t\t\t\t<a href='https:\/\/www.uv.mx\/prensa\/files\/2019\/02\/260219-SONDEO-3-100k.jpg'><img width=\"722\" height=\"481\" src=\"https:\/\/www.uv.mx\/prensa\/files\/2019\/02\/260219-SONDEO-3-100k.jpg\" class=\"attachment-full size-full\" alt=\"\" decoding=\"async\" loading=\"lazy\" aria-describedby=\"gallery-1-63342\" srcset=\"https:\/\/www.uv.mx\/prensa\/files\/2019\/02\/260219-SONDEO-3-100k.jpg 722w, https:\/\/www.uv.mx\/prensa\/files\/2019\/02\/260219-SONDEO-3-100k-300x200.jpg 300w\" sizes=\"(max-width: 722px) 100vw, 722px\" \/><\/a>\n\t\t\t<\/dt>\n\t\t\t\t<dd class='wp-caption-text gallery-caption' id='gallery-1-63342'>\n\t\t\t\t\u00c1ngel de Jes\u00fas Caicero Franco, alumno de Qu\u00edmica Farmac\u00e9utica Biol\u00f3gica\n\t\t\t\t<\/dd><\/dl><br style=\"clear: both\" \/>\n\t\t<\/div>\n\n<p>&nbsp;<\/p>\n<p><b><i><span data-contrast=\"auto\">Redacci\u00f3n Universo<\/span><\/i><\/b><span data-ccp-props=\"{&quot;201341983&quot;:0,&quot;335551550&quot;:1,&quot;335551620&quot;:1,&quot;335559737&quot;:57,&quot;335559739&quot;:160,&quot;335559740&quot;:240}\">\u00a0<\/span><\/p>\n<p><b><i><span data-contrast=\"auto\">28\/02\/19, Xalapa, <\/span><\/i><\/b><b><i><span data-contrast=\"auto\">Ver.-<\/span><\/i><\/b> <span data-contrast=\"auto\">Hace un a\u00f1o, la Universidad Veracruzana (UV) tom\u00f3 la decisi\u00f3n de convertir su principal medio de informaci\u00f3n, el semanario <em>Universo<\/em>, en un sistema de noticias digital, de mucho mayor alcance y penetraci\u00f3n, acorde con los nuevos entornos de la comunicaci\u00f3n.<\/span><\/p>\n<p><span data-contrast=\"auto\">En este lapso, el sistema de noticias <\/span><span data-contrast=\"auto\">registra <\/span><span data-contrast=\"auto\">dos<\/span><span data-contrast=\"auto\"> mil 920 notas<\/span><span data-contrast=\"auto\"> publicadas, <\/span><span data-contrast=\"auto\">626 mil 934 sesiones, 353 mil 243 usuarios y 921 mil 112 p\u00e1ginas vistas (esto es, las veces que los usuarios ingresan a las notas publicadas). Y en este nuevo formato se enviaron 335 boletines digitales.<\/span><span data-ccp-props=\"{&quot;201341983&quot;:0,&quot;335551550&quot;:1,&quot;335551620&quot;:1,&quot;335559731&quot;:708,&quot;335559737&quot;:57,&quot;335559739&quot;:160,&quot;335559740&quot;:240}\">\u00a0<\/span><\/p>\n<p><span data-contrast=\"auto\">Para c<\/span><span data-contrast=\"auto\">ontrastar estas cifras, <em>Universo<\/em> realiz\u00f3 <\/span><span data-contrast=\"auto\">un sondeo <\/span><span data-contrast=\"auto\">con<\/span><span data-contrast=\"auto\"> integrantes de la comunidad universitaria de las unidades de Ingenier\u00eda y Ciencias Qu\u00edmicas, Ciencias de la Salud, e institutos de investigaciones, <\/span><span data-contrast=\"auto\">qui<\/span><span data-contrast=\"auto\">e<\/span><span data-contrast=\"auto\">nes e<\/span><span data-contrast=\"auto\">xternaron las ventajas de esta transici\u00f3n informativa concretada el a\u00f1o pasado e impulsada por la <a href=\"https:\/\/www.uv.mx\/comunicacionuv\/\">Direcci\u00f3n General de Comunicaci\u00f3n Universitaria<\/a><\/span><span data-contrast=\"auto\"> (DGCU).\u00a0<\/span><span data-ccp-props=\"{&quot;201341983&quot;:0,&quot;335551550&quot;:1,&quot;335551620&quot;:1,&quot;335559731&quot;:708,&quot;335559737&quot;:57,&quot;335559739&quot;:160,&quot;335559740&quot;:240}\">\u00a0<\/span><\/p>\n<p><span data-contrast=\"auto\">As\u00ed, es<\/span><span data-contrast=\"auto\">tudiantes, acad\u00e9micos e investigadores opinaron que la nueva versi\u00f3n digital de <\/span><i><span data-contrast=\"auto\">Universo<\/span><\/i><span data-contrast=\"auto\">, Sistema de noticias, publicada a trav\u00e9s del sitio <\/span><i><span data-contrast=\"auto\">web<\/span><\/i><span data-contrast=\"auto\">: <\/span><a href=\"https:\/\/www.uv.mx\/prensa\/\"><span data-contrast=\"none\">https:\/\/www.uv.mx\/prensa\/<\/span><\/a><span data-contrast=\"auto\">, contribuye de manera veraz, r\u00e1pida, oportuna y sustentable a la divulgaci\u00f3n de actividades acad\u00e9micas, cient\u00edficas, culturales y art\u00edsticas de esta casa de estudios.<\/span><span data-ccp-props=\"{&quot;201341983&quot;:0,&quot;335551550&quot;:1,&quot;335551620&quot;:1,&quot;335559731&quot;:708,&quot;335559737&quot;:57,&quot;335559739&quot;:160,&quot;335559740&quot;:240}\">\u00a0<\/span><\/p>\n<p><span data-contrast=\"auto\">Cabe recordar que este sitio sustituy\u00f3 a www.uv.<\/span><span data-contrast=\"auto\">mx<\/span><span data-contrast=\"auto\">\/universo<\/span><span data-contrast=\"auto\">, el cual<\/span><span data-contrast=\"auto\"> alberg\u00f3 hasta el n\u00famero 701<\/span> <span data-contrast=\"auto\">del semanario impreso fundado en octubre del 2000 <\/span><span data-contrast=\"auto\">y que ha <\/span><span data-contrast=\"auto\">contado<\/span><span data-contrast=\"auto\">\u00a0con el respaldo de las autoridades universitarias y la aceptaci\u00f3n de la comunidad hasta el d\u00eda de hoy.\u00a0<\/span><span data-ccp-props=\"{&quot;201341983&quot;:0,&quot;335559731&quot;:708,&quot;335559737&quot;:57,&quot;335559739&quot;:160,&quot;335559740&quot;:240}\">\u00a0<\/span><\/p>\n<p><span data-contrast=\"auto\">Los nuevos entornos de la comunicaci\u00f3n 2.0, basada en plataformas digitales y las nuevas din\u00e1micas entre consumidores y productores de la informaci\u00f3n, as\u00ed como la pol\u00edtica sustentable de la actual administraci\u00f3n universitaria llevaron <\/span><span data-contrast=\"auto\">a convertir al semanario en un sistema de noticias continuo que informa de las actividades de la comunidad universitaria dentro y fuera de sus espacios los 365 d\u00edas del a\u00f1o.<\/span><span data-ccp-props=\"{&quot;201341983&quot;:0,&quot;335559731&quot;:708,&quot;335559737&quot;:57,&quot;335559739&quot;:160,&quot;335559740&quot;:240}\">\u00a0<\/span><\/p>\n<p>&nbsp;<\/p>\n<div id='gallery-2' class='gallery galleryid-63450 gallery-columns-3 gallery-size-full'><dl class='gallery-item'>\n\t\t\t<dt class='gallery-icon landscape'>\n\t\t\t\t<a href='https:\/\/www.uv.mx\/prensa\/files\/2019\/02\/260219-SONDEO-4-100k.jpg'><img width=\"722\" height=\"481\" src=\"https:\/\/www.uv.mx\/prensa\/files\/2019\/02\/260219-SONDEO-4-100k.jpg\" class=\"attachment-full size-full\" alt=\"\" decoding=\"async\" loading=\"lazy\" aria-describedby=\"gallery-2-63386\" srcset=\"https:\/\/www.uv.mx\/prensa\/files\/2019\/02\/260219-SONDEO-4-100k.jpg 722w, https:\/\/www.uv.mx\/prensa\/files\/2019\/02\/260219-SONDEO-4-100k-300x200.jpg 300w\" sizes=\"(max-width: 722px) 100vw, 722px\" \/><\/a>\n\t\t\t<\/dt>\n\t\t\t\t<dd class='wp-caption-text gallery-caption' id='gallery-2-63386'>\n\t\t\t\tRodrigo L\u00f3pez S\u00e1nchez, de la Direcci\u00f3n General de Investigaciones \n\t\t\t\t<\/dd><\/dl><dl class='gallery-item'>\n\t\t\t<dt class='gallery-icon landscape'>\n\t\t\t\t<a href='https:\/\/www.uv.mx\/prensa\/files\/2019\/02\/260219-SONDEO-5-100k.jpg'><img width=\"722\" height=\"481\" src=\"https:\/\/www.uv.mx\/prensa\/files\/2019\/02\/260219-SONDEO-5-100k.jpg\" class=\"attachment-full size-full\" alt=\"\" decoding=\"async\" loading=\"lazy\" aria-describedby=\"gallery-2-63354\" srcset=\"https:\/\/www.uv.mx\/prensa\/files\/2019\/02\/260219-SONDEO-5-100k.jpg 722w, https:\/\/www.uv.mx\/prensa\/files\/2019\/02\/260219-SONDEO-5-100k-300x200.jpg 300w\" sizes=\"(max-width: 722px) 100vw, 722px\" \/><\/a>\n\t\t\t<\/dt>\n\t\t\t\t<dd class='wp-caption-text gallery-caption' id='gallery-2-63354'>\n\t\t\t\tGladys Y\u00e1\u00f1ez Garrido opin\u00f3 sobre la versi\u00f3n digital de Universo \n\t\t\t\t<\/dd><\/dl><dl class='gallery-item'>\n\t\t\t<dt class='gallery-icon landscape'>\n\t\t\t\t<a href='https:\/\/www.uv.mx\/prensa\/files\/2019\/02\/260219-SONDEO-6-100k.jpg'><img width=\"722\" height=\"481\" src=\"https:\/\/www.uv.mx\/prensa\/files\/2019\/02\/260219-SONDEO-6-100k.jpg\" class=\"attachment-full size-full\" alt=\"\" decoding=\"async\" loading=\"lazy\" aria-describedby=\"gallery-2-63357\" srcset=\"https:\/\/www.uv.mx\/prensa\/files\/2019\/02\/260219-SONDEO-6-100k.jpg 722w, https:\/\/www.uv.mx\/prensa\/files\/2019\/02\/260219-SONDEO-6-100k-300x200.jpg 300w\" sizes=\"(max-width: 722px) 100vw, 722px\" \/><\/a>\n\t\t\t<\/dt>\n\t\t\t\t<dd class='wp-caption-text gallery-caption' id='gallery-2-63357'>\n\t\t\t\tYaneth Reyes Estudillo y Luis Gerardo Montan\u00e9 Jim\u00e9nez, de la FEI \n\t\t\t\t<\/dd><\/dl><br style=\"clear: both\" \/>\n\t\t<\/div>\n\n<p>&nbsp;<\/p>\n<p><span data-contrast=\"auto\">Durante este sondeo, <\/span><span data-contrast=\"auto\">Oscar Manuel L\u00f3pez Iza, encargado del Laboratorio de M\u00e1quinas El\u00e9ctricas de la Facultad de Ingenier\u00eda Mec\u00e1nica y El\u00e9ctrica (FIME), destac\u00f3 que esta nueva modalidad es m\u00e1s \u00fatil y pr\u00e1ctica, pues se puede consultar en la computadora y en dispositivos m\u00f3viles.<\/span><span data-ccp-props=\"{&quot;201341983&quot;:0,&quot;335551550&quot;:1,&quot;335551620&quot;:1,&quot;335559731&quot;:708,&quot;335559737&quot;:57,&quot;335559739&quot;:160,&quot;335559740&quot;:240}\">\u00a0<\/span><\/p>\n<p><span data-contrast=\"auto\">Martha Edith Morales Mart\u00ednez, acad\u00e9mica de la FIME, consider\u00f3 que se trata de una buena opci\u00f3n para que las v\u00edas de comunicaci\u00f3n <\/span><span data-contrast=\"auto\">institucionales <\/span><span data-contrast=\"auto\">sean m\u00e1s r\u00e1pidas y accesibles.<\/span><span data-ccp-props=\"{&quot;201341983&quot;:0,&quot;335559731&quot;:708,&quot;335559737&quot;:57,&quot;335559739&quot;:160,&quot;335559740&quot;:240}\">\u00a0<\/span><\/p>\n<p><span data-contrast=\"auto\">\u201c<\/span><span data-contrast=\"auto\">Con la<\/span><span data-contrast=\"auto\"> nueva versi\u00f3n contaminamos menos, <\/span><span data-contrast=\"auto\">la informaci\u00f3n l<\/span><span data-contrast=\"auto\">lega en tiempo y <\/span><span data-contrast=\"auto\">forma<\/span><span data-contrast=\"auto\">, <\/span><span data-contrast=\"auto\">nos mantenemos al d\u00eda desde nuestro celular<\/span><span data-contrast=\"auto\"> o<\/span><span data-contrast=\"auto\"> computadora<\/span><span data-contrast=\"auto\">, desde la oficina<\/span> <span data-contrast=\"auto\">o<\/span><span data-contrast=\"auto\"> en casa<\/span><span data-contrast=\"auto\">, e<\/span><span data-contrast=\"auto\">stoy muy a gusto con esta versi\u00f3n electr\u00f3nica, tienen lo m\u00e1s relevante<\/span><span data-contrast=\"auto\">.<\/span><span data-contrast=\"auto\">\u201d<\/span><span data-ccp-props=\"{&quot;201341983&quot;:0,&quot;335559731&quot;:708,&quot;335559737&quot;:57,&quot;335559739&quot;:160,&quot;335559740&quot;:240}\">\u00a0<\/span><\/p>\n<p><span data-contrast=\"auto\">A su vez,<\/span> <span data-contrast=\"auto\">Francisco <\/span><span data-contrast=\"auto\">Rica\u00f1o<\/span><span data-contrast=\"auto\"> Herrera, director de la FIME<\/span><span data-contrast=\"auto\">,<\/span><span data-contrast=\"auto\"> manifest\u00f3 que es un impacto positivo hacia el cuidado del medio ambi<\/span><span data-contrast=\"auto\">ente <\/span><span data-contrast=\"auto\">pues ya no se hace <\/span><span data-contrast=\"auto\">uso de papel.<\/span><\/p>\n<p><span data-contrast=\"auto\">Mar\u00eda Elena Viveros Huesca, Ruth del Carmen Mendoza<\/span><span data-contrast=\"auto\"> Pimentel<\/span><span data-contrast=\"auto\"> e Iv\u00e1n Antonio <\/span><span data-contrast=\"auto\">Ordiozola<\/span><span data-contrast=\"auto\"> Pimentel, adscritos a la Facultad de Ciencias Qu\u00edmicas, destacaron la gran ventaja que tiene para ellos el <\/span><span data-contrast=\"auto\">uso de la versi\u00f3n digital, ya que dentro de la oficina es m\u00e1s pr\u00e1ctico informarse<\/span><span data-contrast=\"auto\"> de las actividades de la UV.<\/span><span data-ccp-props=\"{&quot;201341983&quot;:0,&quot;335559731&quot;:708,&quot;335559737&quot;:57,&quot;335559739&quot;:160,&quot;335559740&quot;:240}\">\u00a0<\/span><\/p>\n<p><span data-contrast=\"auto\">Co<\/span><span data-contrast=\"auto\">incidiero<\/span><span data-contrast=\"auto\">n <\/span><span data-contrast=\"auto\">en que con esta<\/span><span data-contrast=\"auto\"> publicaci<\/span><span data-contrast=\"auto\">\u00f3n <\/span><span data-contrast=\"auto\">d\u00eda a d\u00eda <\/span><span data-contrast=\"auto\">se <\/span><span data-contrast=\"auto\">informa<\/span><span data-contrast=\"auto\">n <\/span><span data-contrast=\"auto\">a trav\u00e9s de cualquier dispositivo electr\u00f3nico, <\/span><span data-contrast=\"auto\">incluso <\/span><span data-contrast=\"auto\">lo compart<\/span><span data-contrast=\"auto\">en en<\/span><span data-contrast=\"auto\"> las redes<\/span><span data-contrast=\"auto\"> sociales, adem\u00e1s tambi\u00e9n<\/span><span data-contrast=\"auto\"> es u<\/span><span data-contrast=\"auto\">na cuesti\u00f3n de sustentabilidad.<\/span><span data-ccp-props=\"{&quot;201341983&quot;:0,&quot;335559731&quot;:708,&quot;335559737&quot;:57,&quot;335559739&quot;:160,&quot;335559740&quot;:240}\">\u00a0<\/span><\/p>\n<p>&nbsp;<\/p>\n<div id='gallery-3' class='gallery galleryid-63450 gallery-columns-3 gallery-size-full'><dl class='gallery-item'>\n\t\t\t<dt class='gallery-icon landscape'>\n\t\t\t\t<a href='https:\/\/www.uv.mx\/prensa\/files\/2019\/02\/260219-SONDEO-7-100k.jpg'><img width=\"722\" height=\"481\" src=\"https:\/\/www.uv.mx\/prensa\/files\/2019\/02\/260219-SONDEO-7-100k.jpg\" class=\"attachment-full size-full\" alt=\"\" decoding=\"async\" loading=\"lazy\" aria-describedby=\"gallery-3-63387\" srcset=\"https:\/\/www.uv.mx\/prensa\/files\/2019\/02\/260219-SONDEO-7-100k.jpg 722w, https:\/\/www.uv.mx\/prensa\/files\/2019\/02\/260219-SONDEO-7-100k-300x200.jpg 300w\" sizes=\"(max-width: 722px) 100vw, 722px\" \/><\/a>\n\t\t\t<\/dt>\n\t\t\t\t<dd class='wp-caption-text gallery-caption' id='gallery-3-63387'>\n\t\t\t\tMartha Roc\u00edo Baena Hurtado, investigadora del Instituto de Investigaciones Biol\u00f3gicas\n\t\t\t\t<\/dd><\/dl><dl class='gallery-item'>\n\t\t\t<dt class='gallery-icon landscape'>\n\t\t\t\t<a href='https:\/\/www.uv.mx\/prensa\/files\/2019\/02\/260219-SONDEO-8-100k.jpg'><img width=\"722\" height=\"481\" src=\"https:\/\/www.uv.mx\/prensa\/files\/2019\/02\/260219-SONDEO-8-100k.jpg\" class=\"attachment-full size-full\" alt=\"\" decoding=\"async\" loading=\"lazy\" aria-describedby=\"gallery-3-63369\" srcset=\"https:\/\/www.uv.mx\/prensa\/files\/2019\/02\/260219-SONDEO-8-100k.jpg 722w, https:\/\/www.uv.mx\/prensa\/files\/2019\/02\/260219-SONDEO-8-100k-300x200.jpg 300w\" sizes=\"(max-width: 722px) 100vw, 722px\" \/><\/a>\n\t\t\t<\/dt>\n\t\t\t\t<dd class='wp-caption-text gallery-caption' id='gallery-3-63369'>\n\t\t\t\tOthoniel P\u00e9rez Pe\u00f1a, egresado de la Facultad de Biolog\u00eda \n\t\t\t\t<\/dd><\/dl><dl class='gallery-item'>\n\t\t\t<dt class='gallery-icon landscape'>\n\t\t\t\t<a href='https:\/\/www.uv.mx\/prensa\/files\/2019\/02\/260219-SONDEO-9-100k.jpg'><img width=\"722\" height=\"481\" src=\"https:\/\/www.uv.mx\/prensa\/files\/2019\/02\/260219-SONDEO-9-100k.jpg\" class=\"attachment-full size-full\" alt=\"\" decoding=\"async\" loading=\"lazy\" aria-describedby=\"gallery-3-63370\" srcset=\"https:\/\/www.uv.mx\/prensa\/files\/2019\/02\/260219-SONDEO-9-100k.jpg 722w, https:\/\/www.uv.mx\/prensa\/files\/2019\/02\/260219-SONDEO-9-100k-300x200.jpg 300w\" sizes=\"(max-width: 722px) 100vw, 722px\" \/><\/a>\n\t\t\t<\/dt>\n\t\t\t\t<dd class='wp-caption-text gallery-caption' id='gallery-3-63370'>\n\t\t\t\tJos\u00e9 Carlos Dom\u00ednguez Ch\u00e1zaro, estudiante de la Facultad de Biolog\u00eda\n\t\t\t\t<\/dd><\/dl><br style=\"clear: both\" \/>\n\t\t<\/div>\n\n<p>&nbsp;<\/p>\n<p><span data-contrast=\"auto\">\u00c1ngel de Jes\u00fas <\/span><span data-contrast=\"auto\">Caicero<\/span><span data-contrast=\"auto\"> Franco<\/span><span data-contrast=\"auto\">,<\/span> <span data-contrast=\"auto\">alumno de cuarto se<\/span><span data-contrast=\"auto\">mestre de la Facultad de Qu\u00edmica Farmac\u00e9utica Biol\u00f3gica<\/span><span data-contrast=\"auto\"> (QFB)<\/span><span data-contrast=\"auto\">, <\/span><span data-contrast=\"auto\">resalt\u00f3 que la imagen digital es m\u00e1s <\/span><span data-contrast=\"auto\">c\u00f3moda<\/span><span data-contrast=\"auto\"> y <\/span><span data-contrast=\"auto\">accesible<\/span><span data-contrast=\"auto\">, aparte de que al consultarla ha conocido de las actividades y acciones de la UV.<\/span><span data-ccp-props=\"{&quot;201341983&quot;:0,&quot;335559731&quot;:708,&quot;335559737&quot;:57,&quot;335559739&quot;:160,&quot;335559740&quot;:240}\">\u00a0<\/span><\/p>\n<p><span data-contrast=\"auto\">Mencion\u00f3 los casos espec\u00edficos de la elaboraci\u00f3n de un brazo rob\u00f3tico <\/span><span data-contrast=\"auto\">por<\/span><span data-contrast=\"auto\"> parte de<\/span><span data-contrast=\"auto\"> alumnos de la FIME<\/span><span data-contrast=\"auto\"> y<\/span><span data-contrast=\"auto\"> trabajos <\/span><span data-contrast=\"auto\">del \u00e1rea de <\/span><span data-contrast=\"auto\">b<\/span><span data-contrast=\"auto\">iolog\u00eda<\/span><span data-contrast=\"auto\">, \u201cse me han hecho<\/span><span data-contrast=\"auto\"> muy interesantes<\/span><span data-contrast=\"auto\">\u201d<\/span><span data-contrast=\"auto\">.<\/span><span data-ccp-props=\"{&quot;201341983&quot;:0,&quot;335559731&quot;:708,&quot;335559737&quot;:57,&quot;335559739&quot;:160,&quot;335559740&quot;:240}\">\u00a0<\/span><\/p>\n<p><span data-contrast=\"auto\">\u201cVeo las noticias m\u00e1s relevantes en la computadora y en el celular y eso me incita a ver la p\u00e1gina completa\u201d, se\u00f1al\u00f3 Rodrigo L\u00f3pez S\u00e1nchez<\/span><span data-contrast=\"auto\">, <\/span><span data-contrast=\"auto\">de la Direcci\u00f3n General de Investigaciones.<\/span><span data-ccp-props=\"{&quot;201341983&quot;:0,&quot;335559731&quot;:708,&quot;335559737&quot;:57,&quot;335559739&quot;:160,&quot;335559740&quot;:240}\">\u00a0<\/span><\/p>\n<p><span data-contrast=\"auto\">\u00a0\u201cLa versi\u00f3n digital puede existir, pero tambi\u00e9n creo que hace falta la impresa; la primera favorece a las personas que tienen los medios electr\u00f3nicos, pero no a quienes viven en comunidades apartadas, adem\u00e1s recuerdo que la impresa era empleada como material did\u00e1ctico en las escuelas\u201d, asegur\u00f3 Gladys Y\u00e1\u00f1ez Garrido<\/span><span data-contrast=\"auto\">,<\/span><span data-contrast=\"auto\"> de la misma dependencia.<\/span><span data-ccp-props=\"{&quot;201341983&quot;:0,&quot;335559731&quot;:708,&quot;335559737&quot;:57,&quot;335559739&quot;:160,&quot;335559740&quot;:240}\">\u00a0<\/span><\/p>\n<p><span data-contrast=\"auto\">Y<\/span><span data-contrast=\"auto\">aneth Reyes Estudillo y <\/span><span data-contrast=\"auto\">Luis Gerardo <\/span><span data-contrast=\"auto\">Montan\u00e9<\/span><span data-contrast=\"auto\"> Jim\u00e9nez,<\/span><span data-contrast=\"auto\"> de la <\/span><span data-contrast=\"auto\">Facultad de Estad\u00edstica e Inform\u00e1tica<\/span><span data-contrast=\"auto\"> (FEI), subrayaron que con el uso de las tecnolog\u00edas de la informaci\u00f3n <\/span><span data-contrast=\"auto\">es mucho m\u00e1s f\u00e1cil y accesible <\/span><span data-contrast=\"auto\">llegar a toda clase de lectores.<\/span><span data-ccp-props=\"{&quot;201341983&quot;:0,&quot;335559731&quot;:708,&quot;335559737&quot;:57,&quot;335559739&quot;:160,&quot;335559740&quot;:240}\">\u00a0<\/span><\/p>\n<p><span data-contrast=\"auto\">\u201c<\/span><span data-contrast=\"auto\">Como estudiante me toc\u00f3 tener acceso a<\/span><span data-contrast=\"auto\">l<\/span><span data-contrast=\"auto\"> peri\u00f3dico impreso y veo que el aprovechamiento de las tecnolog\u00edas de la informaci\u00f3n es una forma adecu<\/span><span data-contrast=\"auto\">ada de difundir el material;<\/span><span data-contrast=\"auto\"> c<\/span><span data-contrast=\"auto\">omo profesor se me facilita<\/span><span data-contrast=\"auto\">,<\/span><span data-contrast=\"auto\"> creo que es una buena iniciativa traslada<\/span><span data-contrast=\"auto\">r el peri\u00f3dico a esa plataforma\u201d, agreg\u00f3 <\/span><span data-contrast=\"auto\">Montan\u00e9<\/span><span data-contrast=\"auto\"> Jim\u00e9nez.<\/span><span data-ccp-props=\"{&quot;201341983&quot;:0,&quot;335559731&quot;:708,&quot;335559737&quot;:57,&quot;335559739&quot;:160,&quot;335559740&quot;:240}\">\u00a0<\/span><\/p>\n<p>&nbsp;<\/p>\n<div id='gallery-4' class='gallery galleryid-63450 gallery-columns-3 gallery-size-full'><dl class='gallery-item'>\n\t\t\t<dt class='gallery-icon landscape'>\n\t\t\t\t<a href='https:\/\/www.uv.mx\/prensa\/files\/2019\/02\/260219-SONDEO-10-100k.jpg'><img width=\"722\" height=\"481\" src=\"https:\/\/www.uv.mx\/prensa\/files\/2019\/02\/260219-SONDEO-10-100k.jpg\" class=\"attachment-full size-full\" alt=\"\" decoding=\"async\" loading=\"lazy\" aria-describedby=\"gallery-4-63388\" srcset=\"https:\/\/www.uv.mx\/prensa\/files\/2019\/02\/260219-SONDEO-10-100k.jpg 722w, https:\/\/www.uv.mx\/prensa\/files\/2019\/02\/260219-SONDEO-10-100k-300x200.jpg 300w\" sizes=\"(max-width: 722px) 100vw, 722px\" \/><\/a>\n\t\t\t<\/dt>\n\t\t\t\t<dd class='wp-caption-text gallery-caption' id='gallery-4-63388'>\n\t\t\t\tAlejandra Itzel Guevara Calder\u00f3n, alumna de la Facultad de Enfermer\u00eda \n\t\t\t\t<\/dd><\/dl><dl class='gallery-item'>\n\t\t\t<dt class='gallery-icon landscape'>\n\t\t\t\t<a href='https:\/\/www.uv.mx\/prensa\/files\/2019\/02\/260219-SONDEO-11-100k.jpg'><img width=\"722\" height=\"481\" src=\"https:\/\/www.uv.mx\/prensa\/files\/2019\/02\/260219-SONDEO-11-100k.jpg\" class=\"attachment-full size-full\" alt=\"\" decoding=\"async\" loading=\"lazy\" aria-describedby=\"gallery-4-63384\" srcset=\"https:\/\/www.uv.mx\/prensa\/files\/2019\/02\/260219-SONDEO-11-100k.jpg 722w, https:\/\/www.uv.mx\/prensa\/files\/2019\/02\/260219-SONDEO-11-100k-300x200.jpg 300w\" sizes=\"(max-width: 722px) 100vw, 722px\" \/><\/a>\n\t\t\t<\/dt>\n\t\t\t\t<dd class='wp-caption-text gallery-caption' id='gallery-4-63384'>\n\t\t\t\tSergio Said D\u00edaz Parada, de la Facultad de Medicina \n\t\t\t\t<\/dd><\/dl><dl class='gallery-item'>\n\t\t\t<dt class='gallery-icon landscape'>\n\t\t\t\t<a href='https:\/\/www.uv.mx\/prensa\/files\/2019\/02\/260219-SONDEO-12-100k.jpg'><img width=\"722\" height=\"481\" src=\"https:\/\/www.uv.mx\/prensa\/files\/2019\/02\/260219-SONDEO-12-100k.jpg\" class=\"attachment-full size-full\" alt=\"\" decoding=\"async\" loading=\"lazy\" aria-describedby=\"gallery-4-63385\" srcset=\"https:\/\/www.uv.mx\/prensa\/files\/2019\/02\/260219-SONDEO-12-100k.jpg 722w, https:\/\/www.uv.mx\/prensa\/files\/2019\/02\/260219-SONDEO-12-100k-300x200.jpg 300w\" sizes=\"(max-width: 722px) 100vw, 722px\" \/><\/a>\n\t\t\t<\/dt>\n\t\t\t\t<dd class='wp-caption-text gallery-caption' id='gallery-4-63385'>\n\t\t\t\tAcad\u00e9micos de la Unidad de Ciencias de la Salud \n\t\t\t\t<\/dd><\/dl><br style=\"clear: both\" \/>\n\t\t<\/div>\n\n<p>&nbsp;<\/p>\n<p><span data-contrast=\"auto\">\u201c<\/span><span data-contrast=\"auto\">Las versiones digitales son bienvenidas porque en cualquier momento puedes revisarla en tu computadora, aunque ser\u00eda mucho mejor que se complem<\/span><span data-contrast=\"auto\">entara con el peri\u00f3dico impreso<\/span><span data-contrast=\"auto\">\u201d<\/span><span data-contrast=\"auto\">, <\/span><span data-contrast=\"auto\">opin\u00f3 <\/span><span data-contrast=\"auto\">Martha Roc\u00edo Baena Hurtado, investigadora del Institut<\/span><span data-contrast=\"auto\">o<\/span><span data-contrast=\"auto\"> de Investigaciones Biol\u00f3gicas <\/span><span data-contrast=\"auto\">(IIB).<\/span><span data-ccp-props=\"{&quot;201341983&quot;:0,&quot;335559731&quot;:708,&quot;335559737&quot;:57,&quot;335559739&quot;:160,&quot;335559740&quot;:240}\">\u00a0<\/span><\/p>\n<p><span data-contrast=\"auto\">En tanto,<\/span> <span data-contrast=\"auto\">Othoniel<\/span><span data-contrast=\"auto\"> P\u00e9rez Pe\u00f1a, egresado de la Facultad de Biolog\u00eda, dijo que con <\/span><span data-contrast=\"auto\">las dos versiones se puede llegar a un p\u00fablico m\u00e1s amplio, <\/span><span data-contrast=\"auto\">\u201c<\/span><span data-contrast=\"auto\">pero<\/span> <span data-contrast=\"auto\">la digital tambi\u00e9n es una buena opci\u00f3n para revisar la informaci\u00f3n en cualquier momento\u201d<\/span><span data-contrast=\"auto\">. A este mismo comentario se <\/span><span data-contrast=\"auto\">sum\u00f3 <\/span><span data-contrast=\"auto\">Jos\u00e9 Carlos Dom\u00ednguez <\/span><span data-contrast=\"auto\">Ch\u00e1zaro<\/span><span data-contrast=\"auto\">,<\/span><span data-contrast=\"auto\"> estudiante de la misma<\/span><span data-contrast=\"auto\"> enti<\/span><span data-contrast=\"auto\">dad acad\u00e9mica.<\/span><span data-ccp-props=\"{&quot;201341983&quot;:0,&quot;335559731&quot;:708,&quot;335559737&quot;:57,&quot;335559739&quot;:160,&quot;335559740&quot;:240}\">\u00a0<\/span><\/p>\n<p><span data-contrast=\"auto\">\u201cMe par<\/span><span data-contrast=\"auto\">ece m\u00e1s did\u00e1ctica y<\/span><span data-contrast=\"auto\"> accesible la versi\u00f3n digital, as\u00ed puedo sacar mi celular y checarlo en el autob\u00fas o en la escuela, es una fuente veraz de informaci\u00f3n y noticias relevantes de la UV\u201d, <\/span><span data-contrast=\"auto\">expres\u00f3<\/span> <span data-contrast=\"auto\">Alejandra Itzel<\/span><span data-contrast=\"auto\"> Guevara Calder\u00f3n, alumna de cuarto semestre de la Facultad d<\/span><span data-contrast=\"auto\">e Enfermer\u00eda.<\/span><span data-ccp-props=\"{&quot;201341983&quot;:0,&quot;335559731&quot;:708,&quot;335559737&quot;:57,&quot;335559739&quot;:160,&quot;335559740&quot;:240}\">\u00a0<\/span><\/p>\n<p><span data-contrast=\"auto\">Sergio Said D\u00edaz Parada, pr\u00f3ximo a egresar de la Facultad de Medicina, <\/span><span data-contrast=\"auto\">dijo<\/span><span data-contrast=\"auto\"> que esta plataforma digital le ha servido para consultar los acontecimientos no s\u00f3lo de la regi\u00f3n Xalapa sino del resto de los campus universitarios. \u201cEl contenido sobre cultura, deportes e informaci\u00f3n general es interesante\u201d.<\/span><span data-ccp-props=\"{&quot;201341983&quot;:0,&quot;335559731&quot;:708,&quot;335559737&quot;:57,&quot;335559739&quot;:160,&quot;335559740&quot;:240}\">\u00a0<\/span><\/p>\n<p><span data-contrast=\"auto\">Claudia Bel\u00e9n Ortega <\/span><span data-contrast=\"auto\">Planell<\/span><span data-contrast=\"auto\">, <\/span><span data-contrast=\"auto\">Pamela Escobar Castillo y<\/span> <span data-contrast=\"auto\">Jos\u00e9 de <\/span><span data-contrast=\"auto\">Jes\u00fas Daniel L\u00f3pez Mu\u00f1oz, acad\u00e9micos de la <\/span><span data-contrast=\"auto\">Facultad de <\/span><span data-contrast=\"auto\">Bioan\u00e1lisis<\/span><span data-contrast=\"auto\">,<\/span><span data-contrast=\"auto\"> plantearon la necesidad de<\/span><span data-contrast=\"auto\"> regresar a la versi\u00f3n anterior ya que el peri\u00f3dico <\/span><span data-contrast=\"auto\">pod\u00eda conservar<\/span><span data-contrast=\"auto\">se<\/span> <span data-contrast=\"auto\">y <\/span><span data-contrast=\"auto\">era motivo de socializaci\u00f3n<\/span><span data-contrast=\"auto\"> entre compa\u00f1eros<\/span><span data-contrast=\"auto\">, a los <\/span><span data-contrast=\"auto\">alumnos les serv\u00eda como una herramienta para las actividades acad\u00e9micas.<\/span><span data-ccp-props=\"{&quot;201341983&quot;:0,&quot;335559731&quot;:708,&quot;335559737&quot;:57,&quot;335559739&quot;:160,&quot;335559740&quot;:240}\">\u00a0<\/span><\/p>\n<p><span data-contrast=\"auto\">\u201cLa versi\u00f3n tradicional es simb\u00f3lica para el intercambio de ideas, aunque la digitalizaci\u00f3n <\/span><span data-contrast=\"auto\">significa<\/span><span data-contrast=\"auto\"> hacer uso de la tecnolog\u00eda y la sustentabilidad\u201d, agreg\u00f3 <\/span><span data-contrast=\"auto\">Ma<\/span><span data-contrast=\"auto\">r\u00eda Elena Meza Zamora, profesora<\/span><span data-contrast=\"auto\"> de la Facultad d<\/span><span data-contrast=\"auto\">e Enfermer\u00eda.<\/span><span data-ccp-props=\"{&quot;201341983&quot;:0,&quot;335559731&quot;:708,&quot;335559737&quot;:57,&quot;335559739&quot;:160,&quot;335559740&quot;:240}\">\u00a0<\/span><\/p>\n<p><span data-contrast=\"auto\">\u00a0<\/span><span data-contrast=\"auto\">Mientras que Omar <\/span><span data-contrast=\"auto\">Lagunes<\/span><span data-contrast=\"auto\"> Merino, de la Facultad de <\/span><span data-contrast=\"auto\">Bioan\u00e1lisis<\/span><span data-contrast=\"auto\">,<\/span><span data-contrast=\"auto\"> destac\u00f3 que <\/span><span data-contrast=\"auto\">e<\/span><span data-contrast=\"auto\">sta versi\u00f3n de <\/span><i><span data-contrast=\"auto\">Universo<\/span><\/i><span data-contrast=\"auto\"> es una buena transici\u00f3n si se co<\/span><span data-contrast=\"auto\">nsidera el ahorro de materiales<\/span><span data-contrast=\"auto\"> como papel y tinta.<\/span><span data-ccp-props=\"{&quot;201341983&quot;:0,&quot;335559731&quot;:708,&quot;335559737&quot;:57,&quot;335559739&quot;:160,&quot;335559740&quot;:240}\">\u00a0<\/span><\/p>\n","protected":false},"excerpt":{"rendered":"<p>El Sistema de Noticias de la UV cumple un a\u00f1o de servicio a su comunidad. Desde el 28 de febrero de 2018 llega a todas las cuentas de correo electr\u00f3nico, desde estudiantes hasta administrativos<\/p>\n","protected":false},"author":1508,"featured_media":63453,"comment_status":"closed","ping_status":"closed","sticky":false,"template":"","format":"standard","meta":[],"categories":[61],"tags":[],"_links":{"self":[{"href":"https:\/\/www.uv.mx\/prensa\/wp-json\/wp\/v2\/posts\/63450"}],"collection":[{"href":"https:\/\/www.uv.mx\/prensa\/wp-json\/wp\/v2\/posts"}],"about":[{"href":"https:\/\/www.uv.mx\/prensa\/wp-json\/wp\/v2\/types\/post"}],"author":[{"embeddable":true,"href":"https:\/\/www.uv.mx\/prensa\/wp-json\/wp\/v2\/users\/1508"}],"replies":[{"embeddable":true,"href":"https:\/\/www.uv.mx\/prensa\/wp-json\/wp\/v2\/comments?post=63450"}],"version-history":[{"count":0,"href":"https:\/\/www.uv.mx\/prensa\/wp-json\/wp\/v2\/posts\/63450\/revisions"}],"wp:featuredmedia":[{"embeddable":true,"href":"https:\/\/www.uv.mx\/prensa\/wp-json\/wp\/v2\/media\/63453"}],"wp:attachment":[{"href":"https:\/\/www.uv.mx\/prensa\/wp-json\/wp\/v2\/media?parent=63450"}],"wp:term":[{"taxonomy":"category","embeddable":true,"href":"https:\/\/www.uv.mx\/prensa\/wp-json\/wp\/v2\/categories?post=63450"},{"taxonomy":"post_tag","embeddable":true,"href":"https:\/\/www.uv.mx\/prensa\/wp-json\/wp\/v2\/tags?post=63450"}],"curies":[{"name":"wp","href":"https:\/\/api.w.org\/{rel}","templated":true}]}}