{"id":63600,"date":"2019-03-06T09:15:01","date_gmt":"2019-03-06T15:15:01","guid":{"rendered":"https:\/\/www.uv.mx\/prensa\/?p=63600"},"modified":"2022-12-15T10:41:02","modified_gmt":"2022-12-15T16:41:02","slug":"academicos-analizaron-propuesta-de-reforma-educativa-de-amlo","status":"publish","type":"post","link":"https:\/\/www.uv.mx\/prensa\/general\/academicos-analizaron-propuesta-de-reforma-educativa-de-amlo\/","title":{"rendered":"Acad\u00e9micos analizaron propuesta de reforma educativa de AMLO"},"content":{"rendered":"<ul>\n<li data-leveltext=\"\uf0b7\" data-font=\"Symbol\" data-listid=\"1\" data-aria-posinset=\"1\" data-aria-level=\"1\"><i><span data-contrast=\"auto\">La <\/span><\/i><i><span data-contrast=\"auto\">UV desarroll\u00f3 la mesa de an\u00e1lisis \u201cHacia una nueva reforma a la educaci\u00f3n: deliberaci\u00f3n p\u00fablica, incidencia ciudadana y reforma constitucional\u201d<\/span><\/i><\/li>\n<\/ul>\n<p>&nbsp;<\/p>\n<div id=\"attachment_63518\" style=\"width: 732px\" class=\"wp-caption aligncenter\"><a href=\"https:\/\/www.uv.mx\/prensa\/files\/2019\/02\/280219-KARINA-Reforma-Educativa-100k.jpg\"><img aria-describedby=\"caption-attachment-63518\" decoding=\"async\" loading=\"lazy\" class=\"size-full wp-image-63518\" src=\"https:\/\/www.uv.mx\/prensa\/files\/2019\/02\/280219-KARINA-Reforma-Educativa-100k.jpg\" alt=\"\" width=\"722\" height=\"478\" srcset=\"https:\/\/www.uv.mx\/prensa\/files\/2019\/02\/280219-KARINA-Reforma-Educativa-100k.jpg 722w, https:\/\/www.uv.mx\/prensa\/files\/2019\/02\/280219-KARINA-Reforma-Educativa-100k-300x199.jpg 300w\" sizes=\"(max-width: 722px) 100vw, 722px\" \/><\/a><p id=\"caption-attachment-63518\" class=\"wp-caption-text\">El evento se desarroll\u00f3 en el IIH-S<\/p><\/div>\n<p>&nbsp;<\/p>\n<p><b><i><span data-contrast=\"auto\">Karina de la Paz Reyes D\u00edaz<\/span><\/i><\/b><span data-ccp-props=\"{&quot;134233279&quot;:true,&quot;201341983&quot;:0,&quot;335559739&quot;:160,&quot;335559740&quot;:240}\">\u00a0<\/span><\/p>\n<p><b><i><span data-contrast=\"auto\">0<\/span><\/i><\/b><b><i><span data-contrast=\"auto\">6<\/span><\/i><\/b><b><i><span data-contrast=\"auto\">\/03\/19, Xalapa, <\/span><\/i><\/b><b><i><span data-contrast=\"auto\">Ver.-<\/span><\/i><\/b> <span data-contrast=\"auto\">El<a href=\"https:\/\/www.uv.mx\/iihs\/\"> Instituto de Investigaciones Hist\u00f3rico-Sociales<\/a> (IIH-S) de la Universidad Veracruzana (UV), a trav\u00e9s del cuerpo acad\u00e9mico (CA) Estudios Sociopol\u00edticos, organiz\u00f3 una mesa de an\u00e1lisis sobre la propuesta de reforma educativa del presidente Andr\u00e9s Manuel L\u00f3pez Obrador (AMLO), que modifica no s\u00f3lo el \u00e1mbito de la educaci\u00f3n b\u00e1sica, sino que tiene implicaciones para la inicial, incluso la superior y el posgrado.<\/span><span data-ccp-props=\"{&quot;134233279&quot;:true,&quot;201341983&quot;:0,&quot;335559739&quot;:160,&quot;335559740&quot;:240}\">\u00a0<\/span><\/p>\n<p><span data-contrast=\"auto\">La mesa se titul\u00f3 <\/span><span data-contrast=\"auto\">\u201cHacia una nueva reforma a la educaci\u00f3n: deliberaci\u00f3n p\u00fablica, incidencia ciud<\/span><span data-contrast=\"auto\">adana y reforma constitucional\u201d, y fue coordinada por Ernesto Trevi\u00f1<\/span><span data-contrast=\"auto\">o <\/span><span data-contrast=\"auto\">Ronz\u00f3n<\/span><span data-contrast=\"auto\">, investigador <\/span><span data-contrast=\"auto\">del IIH-S. Participaron: <\/span><span data-contrast=\"auto\">Pedro Flores Crespo, <\/span><span data-contrast=\"auto\">de la Facultad de Ciencias Pol\u00edticas y Sociales<\/span><span data-contrast=\"auto\"> de la Universidad Aut\u00f3noma de <\/span><span data-contrast=\"auto\">Quer\u00e9taro<\/span><span data-contrast=\"auto\"> (UAQ)<\/span><span data-contrast=\"auto\">; <\/span><span data-contrast=\"auto\">Gerson Ferra Torres, del CA Pol\u00edticas P\u00fablicas y Evaluaci\u00f3n Educativa, de la Benem\u00e9rita Escuela Normal Veracruzana \u201cEnrique C. <\/span><span data-contrast=\"auto\">R\u00e9bsamen<\/span><span data-contrast=\"auto\">\u201d; No\u00e9 Hern\u00e1ndez Cortez, del Instituto Tecnol\u00f3gico Superior de Xalapa<\/span><span data-contrast=\"auto\">; as\u00ed como <\/span><span data-contrast=\"auto\">Elizabeth Ocampo G\u00f3mez<\/span><span data-contrast=\"auto\">,<\/span><span data-contrast=\"auto\"> del Instituto de Investigaciones en Educaci\u00f3n de la UV.<\/span><span data-ccp-props=\"{&quot;134233279&quot;:true,&quot;201341983&quot;:0,&quot;335559739&quot;:160,&quot;335559740&quot;:240}\">\u00a0<\/span><\/p>\n<p><span data-contrast=\"auto\">Ernesto Trevi\u00f1o destac\u00f3 la importancia de la participaci\u00f3n de organizaciones no gubernamentales (acad\u00e9micas, sindicales, cient\u00edficas, <\/span><span data-contrast=\"auto\">incluso <\/span><span data-contrast=\"auto\">empresariales) en la discusi\u00f3n y toma de decisiones p\u00fablicas en el campo de la educaci\u00f3n<\/span><span data-contrast=\"auto\">.<\/span><span data-ccp-props=\"{&quot;134233279&quot;:true,&quot;201341983&quot;:0,&quot;335559739&quot;:160,&quot;335559740&quot;:240}\">\u00a0<\/span><\/p>\n<p><span data-contrast=\"auto\">Pedro Flores Crespo h<\/span><span data-contrast=\"auto\">abl\u00f3 en calidad de representa<\/span><span data-contrast=\"auto\">nte<\/span><span data-contrast=\"auto\"> del grupo <\/span><span data-contrast=\"auto\">Red, Educaci\u00f3n, Derecho<\/span> <span data-contrast=\"auto\">(<\/span><span data-contrast=\"auto\">RED<\/span><span data-contrast=\"auto\">)<\/span><span data-contrast=\"auto\">,<\/span><span data-contrast=\"auto\"> conformado por especialistas, investigadores y sociedad civil, que present\u00f3 <\/span><span data-contrast=\"auto\">la<\/span><span data-contrast=\"auto\"> iniciativa \u201cMMI: Mantiene, Mejora e Innova\u201d, la cual fue retomada por <\/span><span data-contrast=\"auto\">los<\/span><span data-contrast=\"auto\"> partidos pol\u00edticos Revolucionario Institucional, <\/span><span data-contrast=\"auto\">de la <\/span><span data-contrast=\"auto\">Revoluci\u00f3n Democr\u00e1tica, Movimie<\/span><span data-contrast=\"auto\">nto Ciudadano y Acci\u00f3n Nacional<\/span><span data-contrast=\"auto\"> en el <\/span><span data-contrast=\"auto\">C<\/span><span data-contrast=\"auto\">ongreso <\/span><span data-contrast=\"auto\">F<\/span><span data-contrast=\"auto\">ederal.<\/span><span data-ccp-props=\"{&quot;134233279&quot;:true,&quot;201341983&quot;:0,&quot;335559731&quot;:708,&quot;335559739&quot;:160,&quot;335559740&quot;:240}\">\u00a0<\/span><\/p>\n<p><span data-contrast=\"auto\">\u201c<\/span><span data-contrast=\"auto\">D<\/span><span data-contrast=\"auto\">e acuerdo con la literatura de las pol\u00edticas educativas, <\/span><span data-contrast=\"auto\">\u00e9stas <\/span><span data-contrast=\"auto\">han demostrado se<\/span><span data-contrast=\"auto\">r<\/span><span data-contrast=\"auto\"> poco efectivas<\/span><span data-contrast=\"auto\">,<\/span> <span data-contrast=\"auto\">n<\/span><span data-contrast=\"auto\">o dan los resultados que esperamos o para lo que est\u00e1n hechas. Esto me parece grave porque <\/span><span data-contrast=\"auto\">e<\/span><span data-contrast=\"auto\">n la medida que una pol\u00edtica educativa no <\/span><span data-contrast=\"auto\">d<\/span><span data-contrast=\"auto\">\u00e9<\/span><span data-contrast=\"auto\"> resultados, se pierde la posibilidad de que haya desarrollo para las personas y ni\u00f1os<\/span><span data-contrast=\"auto\">.<\/span><span data-contrast=\"auto\">\u201d<\/span><span data-ccp-props=\"{&quot;134233279&quot;:true,&quot;201341983&quot;:0,&quot;335559739&quot;:160,&quot;335559740&quot;:240}\">\u00a0<\/span><\/p>\n<p><span data-contrast=\"auto\">El acad\u00e9mico de la UAQ <\/span><span data-contrast=\"auto\">present\u00f3 el contenido de dos iniciativas no gubernamentales en materia educativa<\/span><span data-contrast=\"auto\">,<\/span><span data-contrast=\"auto\"> la propia MMI y el documento <\/span><span data-contrast=\"auto\">\u201c<\/span><span data-contrast=\"auto\">M\u00e1s all\u00e1 de los sexenios<\/span><span data-contrast=\"auto\">\u201d<\/span><span data-contrast=\"auto\"> de Leonel Z\u00fa\u00f1iga<\/span><span data-contrast=\"auto\">. <\/span><span data-contrast=\"auto\">Explic\u00f3 que no se trata <\/span><span data-contrast=\"auto\">de <\/span><span data-contrast=\"auto\">propuestas opuestas a las del <\/span><span data-contrast=\"auto\">presidente de la Rep\u00fablica, <\/span><span data-contrast=\"auto\">incluso en algunas l\u00edneas se complementan. Sin embargo, dijo que si bien la propuesta del Ejecutivo hace \u00e9nfasis en la desigualdad, deja en el limbo la evaluaci\u00f3n para ingreso y la promoci\u00f3n; por otro lado, hace obligatoria la universidad, pero omite la educaci\u00f3n inicial (de cero a tres a\u00f1os) y la interculturalidad; pone a las ni\u00f1ez al centro de las pol\u00edticas, pero desaparece el <\/span><span data-contrast=\"auto\">Instituto Nacional para la Evaluaci\u00f3n de la Educaci\u00f3n<\/span><span data-contrast=\"auto\"> (INEE)<\/span><span data-contrast=\"auto\">.<\/span><span data-ccp-props=\"{&quot;134233279&quot;:true,&quot;201341983&quot;:0,&quot;335559731&quot;:708,&quot;335559739&quot;:160,&quot;335559740&quot;:240}\">\u00a0<\/span><\/p>\n<p><span data-contrast=\"auto\">Entre tanto, <\/span><span data-contrast=\"auto\">No\u00e9 Hern\u00e1ndez <\/span><span data-contrast=\"auto\">mencion\u00f3 que cuando se llega al poder, \u00e9ste se tiene que ejercer<\/span><span data-contrast=\"auto\"> a tra<\/span><span data-contrast=\"auto\">v\u00e9s de pol\u00edtica p\u00fablica y que<\/span><span data-contrast=\"auto\"> Am\u00e9rica Latina es la regi\u00f3n del mundo donde m\u00e1s reformas constitucionales se han presentado. Para \u00e9l<\/span><span data-contrast=\"auto\">,<\/span><span data-contrast=\"auto\"> \u201ces muy natural que cuando se hace pol\u00edtica p\u00fablica, el nuevo gobierno trace sus ejes para enfocar los recursos del presupuesto; por otro lado, fija una postura, indudablemente, ideol\u00f3gica\u201d.<\/span><span data-ccp-props=\"{&quot;134233279&quot;:true,&quot;201341983&quot;:0,&quot;335559739&quot;:160,&quot;335559740&quot;:240}\">\u00a0<\/span><\/p>\n<p><span data-contrast=\"auto\">El acad\u00e9mico del <\/span><span data-contrast=\"auto\">Instituto Tecnol\u00f3gico Superior de Xalapa<\/span><span data-contrast=\"auto\"> observ\u00f3 un punto de conciliaci\u00f3n con el nuevo gobierno: la preocupaci\u00f3n estructural por la desigualdad<\/span><span data-contrast=\"auto\"> social<\/span><span data-contrast=\"auto\">. No obstante, <\/span><span data-contrast=\"auto\">critic\u00f3 que en la r<\/span><span data-contrast=\"auto\">eforma <\/span><span data-contrast=\"auto\">e<\/span><span data-contrast=\"auto\">ducativa deje de lado la evaluaci\u00f3n, lo cual ser\u00eda una evidencia cient\u00edfica; otro de los puntos que sum\u00f3 fue la ausencia de la educaci\u00f3n <\/span><span data-contrast=\"auto\">inicial.<\/span><span data-ccp-props=\"{&quot;134233279&quot;:true,&quot;201341983&quot;:0,&quot;335559739&quot;:160,&quot;335559740&quot;:240}\">\u00a0<\/span><\/p>\n<p><b><span data-contrast=\"auto\">Las 100 universidades<\/span><\/b><span data-ccp-props=\"{&quot;134233279&quot;:true,&quot;201341983&quot;:0,&quot;335559739&quot;:160,&quot;335559740&quot;:240}\"><br \/>\n<\/span><span data-contrast=\"auto\">Elizabeth Ocampo<\/span><span data-contrast=\"auto\"> se enfoc\u00f3 en la educaci\u00f3n superior, no sin antes plantear que tras revisar declaraciones de prensa a la iniciativa de modificaci\u00f3n al <\/span><span data-contrast=\"auto\">A<\/span><span data-contrast=\"auto\">rt\u00edculo <\/span><span data-contrast=\"auto\">3\u00ba c<\/span><span data-contrast=\"auto\">onstitucional, el proyecto de las 100 Universidades para el Bienestar, y otros temas en torno a las propuestas educativas del gobierno en turno, tiene la sensaci\u00f3n de que \u201chay una vehemente premura pol\u00edtica que parece responder a promesas de campa\u00f1a y trabajar en sentido opuesto a como trabajaron los gobiernos precedentes\u201d.<\/span><span data-ccp-props=\"{&quot;134233279&quot;:true,&quot;201341983&quot;:0,&quot;335559739&quot;:160,&quot;335559740&quot;:240}\">\u00a0<\/span><\/p>\n<p><span data-contrast=\"auto\">Es m\u00e1s, \u201cpreocupa que dentro de esta premura por mostrar que s\u00ed se cumple, que se trata de un gobierno diferente, que construye cercan\u00eda y simpat\u00eda con los grupos que est\u00e1n desvirtuados, se est\u00e9n obviando informaciones y datos que ya se tienen construidos\u201d.<\/span><span data-ccp-props=\"{&quot;134233279&quot;:true,&quot;201341983&quot;:0,&quot;335559739&quot;:160,&quot;335559740&quot;:240}\">\u00a0<\/span><\/p>\n<p><span data-contrast=\"auto\">R<\/span><span data-contrast=\"auto\">ecord\u00f3 que hay avances<\/span><span data-contrast=\"auto\"> y evidencias <\/span><span data-contrast=\"auto\">acad\u00e9mica<\/span><span data-contrast=\"auto\">s<\/span><span data-contrast=\"auto\"> en instituciones como el INEE, las universidades y la propia <\/span><span data-contrast=\"auto\">Secretar\u00eda de Educaci\u00f3n P\u00fablica<\/span><span data-contrast=\"auto\"> (SEP)<\/span><span data-contrast=\"auto\">, \u201cresultados <\/span><span data-contrast=\"auto\">e informaci\u00f3n por la que el pa\u00eds ha pagado, nos ha costado a todos\u201d.<\/span><span data-ccp-props=\"{&quot;134233279&quot;:true,&quot;201341983&quot;:0,&quot;335559731&quot;:708,&quot;335559739&quot;:160,&quot;335559740&quot;:240}\">\u00a0<\/span><\/p>\n<p><span data-contrast=\"auto\">Elizabeth Ocampo<\/span><span data-contrast=\"auto\"> subray\u00f3 como cierto<\/span><span data-contrast=\"auto\"> que<\/span><span data-contrast=\"auto\"> la pasada administraci\u00f3n \u201cfue nefasta\u201d y que su propuesta de <\/span><span data-contrast=\"auto\">r<\/span><span data-contrast=\"auto\">eforma <\/span><span data-contrast=\"auto\">e<\/span><span data-contrast=\"auto\">ducativa tuvo errores, p<\/span><span data-contrast=\"auto\">ero cuestion\u00f3 si la soluci\u00f3n es<\/span><span data-contrast=\"auto\"> borrar incluso los logros y empezar de cero.\u00a0<\/span><span data-ccp-props=\"{&quot;134233279&quot;:true,&quot;201341983&quot;:0,&quot;335559739&quot;:160,&quot;335559740&quot;:240}\">\u00a0<\/span><\/p>\n<p><span data-contrast=\"auto\">Habl\u00f3 de <\/span><span data-contrast=\"auto\">la propuesta de las 100 Universidades para el Bienestar<\/span><span data-contrast=\"auto\">,<\/span><span data-contrast=\"auto\"> a la par que enlist\u00f3 los elementos que son necesario<\/span><span data-contrast=\"auto\">s al interior de una universidad<\/span><span data-contrast=\"auto\"> para abrir una nueva licenciatura. \u201cEl trabajo de fundam<\/span><span data-contrast=\"auto\">entaci\u00f3n para la creaci\u00f3n de una carrera es tedioso pero necesario\u201d. <\/span><span data-contrast=\"auto\">Es <\/span><span data-contrast=\"auto\">m\u00e1s, remarc\u00f3,<\/span><span data-contrast=\"auto\"> \u201cno se abren carreras si no se hacen todos estos elementos<\/span><span data-contrast=\"auto\">;<\/span><span data-contrast=\"auto\"> no se abre una carrera por moda, sino por<\/span><span data-contrast=\"auto\">que se justifica su pertinencia;<\/span><span data-contrast=\"auto\"> no se abren nuevas carreras con base en la demanda estudiantil<\/span><span data-contrast=\"auto\">,<\/span><span data-contrast=\"auto\"> ese no es un criterio y nunca lo ser\u00e1, porque entonces preocupar\u00eda la empleabilidad\u201d.<\/span><span data-ccp-props=\"{&quot;134233279&quot;:true,&quot;201341983&quot;:0,&quot;335559739&quot;:160,&quot;335559740&quot;:240}\">\u00a0<\/span><\/p>\n<p><span data-contrast=\"auto\">La investigadora de la UV dijo que son varias las instancias que deben aprobar una nueva licenciatura; asimismo, toma un a\u00f1o o m\u00e1s elaborar un dise\u00f1o curricular y la SEP no la aprueba si no cumple con los elementos y etapas de aval.<\/span><span data-ccp-props=\"{&quot;134233279&quot;:true,&quot;201341983&quot;:0,&quot;335559739&quot;:160,&quot;335559740&quot;:240}\">\u00a0<\/span><\/p>\n<p><span data-contrast=\"auto\">\u201cRevisar la propuesta de las 100 Universidades alarma porque ya est\u00e1n abiertas la inscripciones a carreras, algunas iniciar\u00e1n en marzo <\/span><span data-contrast=\"auto\">y <\/span><span data-contrast=\"auto\">otras m\u00e1s adelante; <\/span><span data-contrast=\"auto\">por<\/span><span data-contrast=\"auto\">que <\/span><span data-contrast=\"auto\">no hay informaci\u00f3n al respecto<\/span><span data-contrast=\"auto\">,<\/span><span data-contrast=\"auto\"> el <\/span><span data-contrast=\"auto\">que no est\u00e9n publicados sus planes de estudio levanta muchos cuestionamientos; c\u00f3mo est\u00e1n <\/span><span data-contrast=\"auto\">eligiendo carrera<\/span><span data-contrast=\"auto\"> los prospecto<\/span><span data-contrast=\"auto\">s profesionistas que ingresar\u00e1n.\u201d<\/span><span data-ccp-props=\"{&quot;134233279&quot;:true,&quot;201341983&quot;:0,&quot;335559739&quot;:160,&quot;335559740&quot;:240}\">\u00a0<\/span><\/p>\n<p><span data-contrast=\"auto\">Finalmente, <\/span><span data-contrast=\"auto\">Gerson Ferra <\/span><span data-contrast=\"auto\">cit\u00f3 que es necesario repensar qui\u00e9nes dise\u00f1ar\u00e1n las pol\u00edticas p\u00fablicas, qui\u00e9nes las ej<\/span><span data-contrast=\"auto\">ecutar\u00e1n y qui\u00e9nes las vivir\u00e1n, toda vez que <\/span><span data-contrast=\"auto\">\u201c<\/span><span data-contrast=\"auto\">s<\/span><span data-contrast=\"auto\">on tres tipos de actores muy distintos\u201d.<\/span><span data-ccp-props=\"{&quot;134233279&quot;:true,&quot;201341983&quot;:0,&quot;335559739&quot;:160,&quot;335559740&quot;:240}\">\u00a0<\/span><\/p>\n<p><span data-contrast=\"auto\">Asimismo, e<\/span><span data-contrast=\"auto\">l profesor normalista hizo hincapi\u00e9 en la participaci\u00f3n de organizaciones civiles<\/span><span data-contrast=\"auto\"> y acad\u00e9mi<\/span><span data-contrast=\"auto\">cas en esto<\/span><span data-contrast=\"auto\">s procesos de cambio: <\/span><span data-contrast=\"auto\">\u201cDesde mi punto de vista, me parece que el cambio no s\u00f3lo est\u00e1 en el Art\u00edculo <\/span><span data-contrast=\"auto\">3\u00ba <\/span><span data-contrast=\"auto\">o en la creaci\u00f3n de nuevos organismos<\/span><span data-contrast=\"auto\">,<\/span><span data-contrast=\"auto\"> mucho menos en la revalorizaci\u00f3n del magisterio. Me <\/span><span data-contrast=\"auto\">parece que se debe apos<\/span><span data-contrast=\"auto\">tar por un cambio de conciencia civil y \u00e9tica\u201d.<\/span><span data-ccp-props=\"{&quot;134233279&quot;:true,&quot;201341983&quot;:0,&quot;335559731&quot;:708,&quot;335559739&quot;:160,&quot;335559740&quot;:240}\">\u00a0<\/span><\/p>\n<p><span data-contrast=\"auto\">Este ejercicio de<\/span><span data-contrast=\"auto\"> reflexi\u00f3n se desarroll\u00f3 en el A<\/span><span data-contrast=\"auto\">uditorio \u201cGonzalo Aguirre Beltr\u00e1n\u201d del IIH-S, el <\/span><span data-contrast=\"auto\">jueves <\/span><span data-contrast=\"auto\">28 de febrero<\/span><span data-contrast=\"auto\">,<\/span><span data-contrast=\"auto\"> convoc\u00f3 a <\/span><span data-contrast=\"auto\">acad\u00e9mico<\/span><span data-contrast=\"auto\">s<\/span><span data-contrast=\"auto\"> de distintas facultades, estudiantes de licenciatura y posgrado y p\u00fablico en general interesado en el tema.<\/span><\/p>\n","protected":false},"excerpt":{"rendered":"<p>La UV desarroll\u00f3 la mesa de an\u00e1lisis \u201cHacia una nueva reforma a la educaci\u00f3n: deliberaci\u00f3n p\u00fablica, incidencia ciudadana y reforma constitucional\u201d <\/p>\n","protected":false},"author":1775,"featured_media":63518,"comment_status":"closed","ping_status":"closed","sticky":false,"template":"","format":"standard","meta":[],"categories":[1],"tags":[9724,5864,753,752,82,852,4015,1065,2147,9723],"_links":{"self":[{"href":"https:\/\/www.uv.mx\/prensa\/wp-json\/wp\/v2\/posts\/63600"}],"collection":[{"href":"https:\/\/www.uv.mx\/prensa\/wp-json\/wp\/v2\/posts"}],"about":[{"href":"https:\/\/www.uv.mx\/prensa\/wp-json\/wp\/v2\/types\/post"}],"author":[{"embeddable":true,"href":"https:\/\/www.uv.mx\/prensa\/wp-json\/wp\/v2\/users\/1775"}],"replies":[{"embeddable":true,"href":"https:\/\/www.uv.mx\/prensa\/wp-json\/wp\/v2\/comments?post=63600"}],"version-history":[{"count":1,"href":"https:\/\/www.uv.mx\/prensa\/wp-json\/wp\/v2\/posts\/63600\/revisions"}],"predecessor-version":[{"id":125584,"href":"https:\/\/www.uv.mx\/prensa\/wp-json\/wp\/v2\/posts\/63600\/revisions\/125584"}],"wp:featuredmedia":[{"embeddable":true,"href":"https:\/\/www.uv.mx\/prensa\/wp-json\/wp\/v2\/media\/63518"}],"wp:attachment":[{"href":"https:\/\/www.uv.mx\/prensa\/wp-json\/wp\/v2\/media?parent=63600"}],"wp:term":[{"taxonomy":"category","embeddable":true,"href":"https:\/\/www.uv.mx\/prensa\/wp-json\/wp\/v2\/categories?post=63600"},{"taxonomy":"post_tag","embeddable":true,"href":"https:\/\/www.uv.mx\/prensa\/wp-json\/wp\/v2\/tags?post=63600"}],"curies":[{"name":"wp","href":"https:\/\/api.w.org\/{rel}","templated":true}]}}