{"id":63675,"date":"2019-03-06T14:49:17","date_gmt":"2019-03-06T20:49:17","guid":{"rendered":"https:\/\/www.uv.mx\/prensa\/?p=63675"},"modified":"2019-03-08T12:37:29","modified_gmt":"2019-03-08T18:37:29","slug":"uv-aloja-iii-congreso-internacional-de-vainilla","status":"publish","type":"post","link":"https:\/\/www.uv.mx\/prensa\/regiones\/poza-rica\/uv-aloja-iii-congreso-internacional-de-vainilla\/","title":{"rendered":"UV aloja III Congreso Internacional de Vainilla"},"content":{"rendered":"<ul>\n<li data-leveltext=\"\uf0b7\" data-font=\"Symbol\" data-listid=\"1\" data-aria-posinset=\"1\" data-aria-level=\"1\"><i><span data-contrast=\"auto\">Desde el 5 y hasta el 8 de marzo, en Papantla<\/span><\/i><i><span data-contrast=\"auto\">,<\/span><\/i> <i><span data-contrast=\"auto\">con <\/span><\/i><i><span data-contrast=\"auto\">conferencias magistrales, ponencias, concurso de carteles, talleres y eventos culturales<\/span><\/i><span data-ccp-props=\"{&quot;134233279&quot;:true,&quot;201341983&quot;:0,&quot;335559739&quot;:160,&quot;335559740&quot;:240}\">\u00a0<\/span><\/li>\n<li data-leveltext=\"\uf0b7\" data-font=\"Symbol\" data-listid=\"1\" data-aria-posinset=\"2\" data-aria-level=\"1\"><i><span data-contrast=\"auto\">\u201cP<\/span><\/i><i><span data-contrast=\"auto\">ara <\/span><\/i><i><span data-contrast=\"auto\">la UV <\/span><\/i><i><span data-contrast=\"auto\">es <\/span><\/i><i><span data-contrast=\"auto\">un orgullo recibir a investigadores y estudiosos de la vainilla<\/span><\/i> <i><span data-contrast=\"auto\">de 13 pa\u00edses<\/span><\/i><i><span data-contrast=\"auto\">\u201d<\/span><\/i><i><span data-contrast=\"auto\">: Ala<\/span><\/i><i><span data-contrast=\"auto\">n\u00eds M\u00e9ndez<\/span><\/i><span data-ccp-props=\"{&quot;134233279&quot;:true,&quot;201341983&quot;:0,&quot;335559739&quot;:160,&quot;335559740&quot;:240}\">\u00a0<\/span><\/li>\n<\/ul>\n<p>&nbsp;<\/p>\n<div id=\"attachment_63676\" style=\"width: 732px\" class=\"wp-caption aligncenter\"><a href=\"https:\/\/www.uv.mx\/prensa\/files\/2019\/03\/060319-Congreso-Vainilla-2.jpg\"><img aria-describedby=\"caption-attachment-63676\" decoding=\"async\" loading=\"lazy\" class=\"size-full wp-image-63676\" src=\"https:\/\/www.uv.mx\/prensa\/files\/2019\/03\/060319-Congreso-Vainilla-2.jpg\" alt=\"\" width=\"722\" height=\"478\" srcset=\"https:\/\/www.uv.mx\/prensa\/files\/2019\/03\/060319-Congreso-Vainilla-2.jpg 722w, https:\/\/www.uv.mx\/prensa\/files\/2019\/03\/060319-Congreso-Vainilla-2-300x199.jpg 300w\" sizes=\"(max-width: 722px) 100vw, 722px\" \/><\/a><p id=\"caption-attachment-63676\" class=\"wp-caption-text\">Recorrido por los <em>stands<\/em> de productos de vainilla<\/p><\/div>\n<p>&nbsp;<\/p>\n<p><b><i><span data-contrast=\"auto\">Alma Celia San Mart\u00edn Cruz<\/span><\/i><\/b><span data-ccp-props=\"{&quot;201341983&quot;:0,&quot;335559739&quot;:160,&quot;335559740&quot;:240}\"><br \/>\n<\/span><\/p>\n<p><b><i><span data-contrast=\"auto\">06\/03\/19, Papantla, Ver.-<\/span><\/i><\/b><span data-contrast=\"auto\"> Jos\u00e9 Luis Alan\u00eds M\u00e9ndez, <a href=\"https:\/\/www.uv.mx\/pozarica\/\">vicerrector de la regi\u00f3n Poza Rica-Tuxpan de la Universidad Veracruzana<\/a> (UV), inaugur\u00f3 el III Congreso Internacional de Vainilla, que del 5 al 8 de marzo <\/span><span data-contrast=\"auto\">alberga <\/span><span data-contrast=\"auto\">conferencias magistrales, ponencias, concurso de carteles, adem\u00e1s de eventos culturales.<\/span><span data-ccp-props=\"{&quot;201341983&quot;:0,&quot;335559739&quot;:160,&quot;335559740&quot;:240}\">\u00a0<\/span><\/p>\n<p><span data-contrast=\"auto\">El funcionario universitario <\/span><span data-contrast=\"auto\">expres\u00f3 que por primera vez<\/span><span data-contrast=\"auto\"> M\u00e9xico es<\/span><span data-contrast=\"auto\"> sede de este importante evento, <\/span><span data-contrast=\"auto\">ya que <\/span><span data-contrast=\"auto\">l<\/span><span data-contrast=\"auto\">a<\/span><span data-contrast=\"auto\">s <\/span><span data-contrast=\"auto\">dos ediciones <\/span><span data-contrast=\"auto\">anteriores se realiz<\/span><span data-contrast=\"auto\">aron en la Universidad Nacional<\/span><span data-contrast=\"auto\"> de Costa Rica.<\/span><span data-ccp-props=\"{&quot;201341983&quot;:0,&quot;335559731&quot;:708,&quot;335559739&quot;:160,&quot;335559740&quot;:240}\">\u00a0<\/span><\/p>\n<p><span data-contrast=\"auto\">\u201cPara la Universidad Veracruzana representa un motivo especial recibir a tan selecto grupo de participantes provenientes de B\u00e9lgica, Argentina, Brasil, Colombia, Francia, Pa\u00edses Bajos, Per\u00fa, Puerto Rico, Costa Rica<\/span><span data-contrast=\"auto\">, India, Reino <\/span><span data-contrast=\"auto\">Unido, Estados Unidos y M\u00e9xico\u201d, d<\/span><span data-contrast=\"auto\">ijo <\/span><span data-contrast=\"auto\">Alan\u00eds M\u00e9ndez.<\/span><span data-ccp-props=\"{&quot;201341983&quot;:0,&quot;335559731&quot;:708,&quot;335559739&quot;:160,&quot;335559740&quot;:240}\">\u00a0<\/span><\/p>\n<p><span data-contrast=\"auto\">Agreg\u00f3 que en <\/span><span data-contrast=\"auto\">esta ocasi\u00f3n l<\/span><span data-contrast=\"auto\">os participantes <\/span><span data-contrast=\"auto\">tienen la<\/span><span data-contrast=\"auto\"> oportunidad <\/span><span data-contrast=\"auto\">de exponer sobre tem\u00e1ticas<\/span> <span data-contrast=\"auto\">como: h<\/span><span data-contrast=\"auto\">istoria, <\/span><span data-contrast=\"none\">agroecosistemas<\/span><span data-contrast=\"none\">, biotecnolog\u00eda, ecolog\u00eda y conservaci\u00f3n, cultura, innovaci\u00f3n<\/span> <span data-contrast=\"none\">y desarrollo tecnol\u00f3gico enfocado a la vainilla.<\/span><span data-ccp-props=\"{&quot;201341983&quot;:0,&quot;335559731&quot;:708,&quot;335559739&quot;:160,&quot;335559740&quot;:240}\">\u00a0<\/span><\/p>\n<p><span data-contrast=\"auto\">En el marco del congreso se realizar\u00e1 un foro abierto con productores con el objetivo de inte<\/span><span data-contrast=\"auto\">rcambiar exp<\/span><span data-contrast=\"auto\">eriencias, lo cual representar\u00e1<\/span><span data-contrast=\"auto\"> una<\/span><span data-contrast=\"auto\"> oportunidad para reflexionar sobre cu\u00e1nto se est\u00e1 avanzando, qu\u00e9 falta por hacer y sobre todo compartir acciones que impulsen al desarrollo y comercializaci\u00f3n de la vainilla, un<\/span><span data-contrast=\"auto\"> proyecto de prioridad nacional.<\/span><span data-ccp-props=\"{&quot;201341983&quot;:0,&quot;335559731&quot;:708,&quot;335559739&quot;:160,&quot;335559740&quot;:240}\">\u00a0<\/span><\/p>\n<p><span data-contrast=\"none\">Agradeci\u00f3 el apoyo de los cuerpos acad\u00e9micos <\/span><span data-contrast=\"none\">(CA) <\/span><span data-contrast=\"none\">Conservaci\u00f3n Biol\u00f3gica, <\/span><span data-contrast=\"none\">y <\/span><span data-contrast=\"none\">Preservaci\u00f3n y Conservaci\u00f3n de los Ecosistemas Tropicales, <\/span><span data-contrast=\"none\">as\u00ed como <\/span><span data-contrast=\"none\">a los directivos del Centro de Investigaciones Tropicales<\/span><span data-contrast=\"none\"> (<\/span><i><span data-contrast=\"none\">Citro<\/span><\/i><span data-contrast=\"none\">)<\/span><span data-contrast=\"none\">,<\/span><span data-contrast=\"none\"> de la Facultad de Ciencias Biol\u00f3gicas y Agropecuarias y la Direcci\u00f3n General del \u00c1rea <\/span><span data-contrast=\"none\">Acad\u00e9mica Biol\u00f3gico-<\/span><span data-contrast=\"none\">Agropecuaria<\/span><span data-contrast=\"none\">s, adem\u00e1s de<\/span><span data-contrast=\"none\">l Ayuntamiento de Papantla para la realiza<\/span><span data-contrast=\"none\">ci\u00f3n de este c<\/span><span data-contrast=\"none\">ongreso<\/span><span data-contrast=\"none\">.<\/span><\/p>\n<p>&nbsp;<\/p>\n<div id=\"attachment_63678\" style=\"width: 732px\" class=\"wp-caption aligncenter\"><a href=\"https:\/\/www.uv.mx\/prensa\/files\/2019\/03\/060319-Congreso-Vainilla-5.jpg\"><img aria-describedby=\"caption-attachment-63678\" decoding=\"async\" loading=\"lazy\" class=\"size-full wp-image-63678\" src=\"https:\/\/www.uv.mx\/prensa\/files\/2019\/03\/060319-Congreso-Vainilla-5.jpg\" alt=\"\" width=\"722\" height=\"478\" srcset=\"https:\/\/www.uv.mx\/prensa\/files\/2019\/03\/060319-Congreso-Vainilla-5.jpg 722w, https:\/\/www.uv.mx\/prensa\/files\/2019\/03\/060319-Congreso-Vainilla-5-300x199.jpg 300w\" sizes=\"(max-width: 722px) 100vw, 722px\" \/><\/a><p id=\"caption-attachment-63678\" class=\"wp-caption-text\">El vicerrector Jos\u00e9 Luis Alan\u00eds M\u00e9ndez dio la bienvenida a los asistentes<\/p><\/div>\n<p>&nbsp;<\/p>\n<p><span data-contrast=\"none\">Por su parte, el presidente de la denominaci\u00f3n de origen de la vainilla de Papantla, Roberto Carlos Azuara Balanza, dijo que hace 60 a\u00f1os todas las calles de esta ciudad eran un beneficio, M\u00e9xico hace 70 a\u00f1os produc\u00eda dos mil toneladas de vainilla verde, hoy apenas se llega a 100; sin embargo, se espera que en algunos a\u00f1os se pueda producir lo <\/span><span data-contrast=\"none\">que <\/span><span data-contrast=\"none\">se cosechaba hace seis d\u00e9cadas.<\/span><span data-ccp-props=\"{&quot;134233117&quot;:true,&quot;134233118&quot;:true,&quot;201341983&quot;:0,&quot;335559731&quot;:708,&quot;335559740&quot;:240}\">\u00a0<\/span><\/p>\n<p><span data-contrast=\"none\">Invit\u00f3 a los participantes a intercambiar las investigaciones que se realizan en el campo, <\/span><span data-contrast=\"none\">\u201c<\/span><span data-contrast=\"none\">M\u00e9xico es un pa\u00eds en donde la investigaci\u00f3n no produce bienestar a las person<\/span><span data-contrast=\"none\">as, por eso es importante<\/span><span data-contrast=\"none\"> compa<\/span><span data-contrast=\"none\">rtir los<\/span><span data-contrast=\"none\"> conocimientos con otros pa\u00edses para lograr un crecimiento en todos los aspectos<\/span><span data-contrast=\"none\">\u201d<\/span><span data-contrast=\"none\">.<\/span><span data-ccp-props=\"{&quot;134233117&quot;:true,&quot;134233118&quot;:true,&quot;201341983&quot;:0,&quot;335559731&quot;:708,&quot;335559740&quot;:240}\">\u00a0<\/span><\/p>\n<p><span data-contrast=\"none\">En su intervenci\u00f3n Domingo Canales Espinosa, director general del \u00c1rea Acad\u00e9mica Biol\u00f3gico-Agropecuarias, habl\u00f3 sobre el impacto de la producci\u00f3n en el cultivo de vainilla y coment\u00f3 que este congreso es importante porque <\/span><span data-contrast=\"none\">brinda la <\/span><span data-contrast=\"none\">oportunidad para dialogar sobre las distintas formas de representar, ver y enfocar la producci\u00f3n de la vainilla.<\/span><span data-ccp-props=\"{&quot;134233117&quot;:true,&quot;134233118&quot;:true,&quot;201341983&quot;:0,&quot;335559731&quot;:708,&quot;335559740&quot;:240}\">\u00a0<\/span><\/p>\n<p><span data-contrast=\"none\">Dijo que <\/span><span data-contrast=\"none\">al <\/span><span data-contrast=\"none\">organiza<\/span><span data-contrast=\"none\">r este congreso, <\/span><span data-contrast=\"none\">la <\/span><span data-contrast=\"none\">UV <\/span><span data-contrast=\"none\">at<\/span><span data-contrast=\"none\">iende<\/span> <span data-contrast=\"none\">y<\/span><span data-contrast=\"none\"> favorece<\/span><span data-contrast=\"none\"> a los productores de vainilla de la regi\u00f3n de Papantla y de todo M\u00e9xico<\/span><span data-contrast=\"none\">.<\/span><span data-ccp-props=\"{&quot;134233117&quot;:true,&quot;134233118&quot;:true,&quot;201341983&quot;:0,&quot;335559740&quot;:240}\">\u00a0<\/span><\/p>\n<p><span data-contrast=\"none\">En tanto Citlalli<\/span><span data-contrast=\"none\"> L\u00f3pez <\/span><span data-contrast=\"none\">\u202f<\/span><span data-contrast=\"auto\">Binnq\u00fcist<\/span><span data-contrast=\"auto\">,<\/span> <span data-contrast=\"none\">coordinadora <\/span><span data-contrast=\"none\">del <\/span><i><span data-contrast=\"none\">Citro<\/span><\/i><span data-contrast=\"none\">, se\u00f1al\u00f3<\/span><span data-contrast=\"none\"> que una de las finalidades del congreso es <\/span><span data-contrast=\"none\">discutir los diferentes aspectos que se dan entre la producci\u00f3n <\/span><span data-contrast=\"none\">y comercializaci\u00f3n de la vainilla<\/span><span data-contrast=\"none\">.<\/span><span data-ccp-props=\"{&quot;134233117&quot;:true,&quot;134233118&quot;:true,&quot;201341983&quot;:0,&quot;335559731&quot;:708,&quot;335559740&quot;:240}\">\u00a0<\/span><\/p>\n<p><span data-contrast=\"none\">A<\/span><span data-contrast=\"none\"> la par de las actividades acad\u00e9micas<\/span> <span data-contrast=\"none\">del <\/span><span data-contrast=\"none\">c<\/span><span data-contrast=\"none\">ongreso se realizar\u00e1n una serie de talleres, exposiciones<\/span><span data-contrast=\"none\"> y<\/span><span data-contrast=\"none\"> actividades culturales en diferentes espacios de la ciudad.<\/span><span data-ccp-props=\"{&quot;134233117&quot;:true,&quot;134233118&quot;:true,&quot;201341983&quot;:0,&quot;335559731&quot;:708,&quot;335559740&quot;:240}\">\u00a0<\/span><\/p>\n<p><span data-contrast=\"none\">E<\/span><span data-contrast=\"none\">n la inauguraci\u00f3n e<\/span><span data-contrast=\"none\">stuvieron presentes<\/span><span data-contrast=\"none\">:<\/span> <span data-contrast=\"none\">Rebeca Menchaca Garc\u00eda<\/span><span data-contrast=\"none\">,<\/span><span data-contrast=\"none\"> v<\/span><span data-contrast=\"none\">icepresidenta del <\/span><span data-contrast=\"none\">c<\/span><span data-contrast=\"none\">omit\u00e9 <\/span><span data-contrast=\"none\">o<\/span><span data-contrast=\"none\">rganizador<\/span><span data-contrast=\"none\"> del <\/span><span data-contrast=\"none\">c<\/span><span data-contrast=\"none\">on<\/span><span data-contrast=\"none\">greso<\/span><span data-contrast=\"none\">;<\/span> <span data-contrast=\"none\">Crisp\u00edn<\/span><span data-contrast=\"none\"> P\u00e9rez Garc\u00eda<\/span><span data-contrast=\"none\">,<\/span><span data-contrast=\"none\"> presidente del Consejo Nacional de Productores de Vainilla<\/span><span data-contrast=\"none\">;<\/span><span data-contrast=\"none\"> Mariano Romero<\/span><span data-contrast=\"none\">,<\/span><span data-contrast=\"none\"> p<\/span><span data-contrast=\"none\">residente municipal de Papantla<\/span><span data-contrast=\"none\">,<\/span><span data-contrast=\"none\"> y <\/span><span data-contrast=\"none\">Adriana Aparicio Gaya<\/span><span data-contrast=\"none\">,<\/span> <span data-contrast=\"none\">p<\/span><span data-contrast=\"none\">residenta del Sistema Producto<\/span><span data-contrast=\"none\">r de<\/span><span data-contrast=\"none\"> Vainilla<\/span><span data-contrast=\"none\">.<\/span><span data-ccp-props=\"{&quot;134233117&quot;:true,&quot;134233118&quot;:true,&quot;201341983&quot;:0,&quot;335559731&quot;:708,&quot;335559740&quot;:240}\">\u00a0<\/span><\/p>\n<p>&nbsp;<\/p>\n<div id=\"attachment_63671\" style=\"width: 732px\" class=\"wp-caption aligncenter\"><a href=\"https:\/\/www.uv.mx\/prensa\/files\/2019\/03\/060319-Congreso-Vainilla-6.jpg\"><img aria-describedby=\"caption-attachment-63671\" decoding=\"async\" loading=\"lazy\" class=\"size-full wp-image-63671\" src=\"https:\/\/www.uv.mx\/prensa\/files\/2019\/03\/060319-Congreso-Vainilla-6.jpg\" alt=\"\" width=\"722\" height=\"478\" srcset=\"https:\/\/www.uv.mx\/prensa\/files\/2019\/03\/060319-Congreso-Vainilla-6.jpg 722w, https:\/\/www.uv.mx\/prensa\/files\/2019\/03\/060319-Congreso-Vainilla-6-300x199.jpg 300w\" sizes=\"(max-width: 722px) 100vw, 722px\" \/><\/a><p id=\"caption-attachment-63671\" class=\"wp-caption-text\">El III Congreso Internacional de la Vainilla se desarrolla hasta el 8 de marzo<\/p><\/div>\n","protected":false},"excerpt":{"rendered":"<p>A la par de las actividades acad\u00e9micas se realizan una serie de talleres, exposiciones y actividades culturales en diferentes espacios de Papantla<\/p>\n","protected":false},"author":1508,"featured_media":63670,"comment_status":"closed","ping_status":"closed","sticky":false,"template":"","format":"standard","meta":[],"categories":[54,61],"tags":[],"_links":{"self":[{"href":"https:\/\/www.uv.mx\/prensa\/wp-json\/wp\/v2\/posts\/63675"}],"collection":[{"href":"https:\/\/www.uv.mx\/prensa\/wp-json\/wp\/v2\/posts"}],"about":[{"href":"https:\/\/www.uv.mx\/prensa\/wp-json\/wp\/v2\/types\/post"}],"author":[{"embeddable":true,"href":"https:\/\/www.uv.mx\/prensa\/wp-json\/wp\/v2\/users\/1508"}],"replies":[{"embeddable":true,"href":"https:\/\/www.uv.mx\/prensa\/wp-json\/wp\/v2\/comments?post=63675"}],"version-history":[{"count":0,"href":"https:\/\/www.uv.mx\/prensa\/wp-json\/wp\/v2\/posts\/63675\/revisions"}],"wp:featuredmedia":[{"embeddable":true,"href":"https:\/\/www.uv.mx\/prensa\/wp-json\/wp\/v2\/media\/63670"}],"wp:attachment":[{"href":"https:\/\/www.uv.mx\/prensa\/wp-json\/wp\/v2\/media?parent=63675"}],"wp:term":[{"taxonomy":"category","embeddable":true,"href":"https:\/\/www.uv.mx\/prensa\/wp-json\/wp\/v2\/categories?post=63675"},{"taxonomy":"post_tag","embeddable":true,"href":"https:\/\/www.uv.mx\/prensa\/wp-json\/wp\/v2\/tags?post=63675"}],"curies":[{"name":"wp","href":"https:\/\/api.w.org\/{rel}","templated":true}]}}