{"id":63719,"date":"2019-03-01T20:50:52","date_gmt":"2019-03-02T02:50:52","guid":{"rendered":"https:\/\/www.uv.mx\/prensa\/?p=63719"},"modified":"2019-03-06T17:11:58","modified_gmt":"2019-03-06T23:11:58","slug":"uv-y-ayuntamiento-de-coatzacoalcos-impartieron-curso-del-inegi","status":"publish","type":"post","link":"https:\/\/www.uv.mx\/prensa\/regiones\/coatzacoalcos\/uv-y-ayuntamiento-de-coatzacoalcos-impartieron-curso-del-inegi\/","title":{"rendered":"UV y Ayuntamiento de Coatzacoalcos impartieron curso del <em>Inegi<\/em>"},"content":{"rendered":"<p>&nbsp;<\/p>\n<div id=\"attachment_63420\" style=\"width: 732px\" class=\"wp-caption aligncenter\"><a href=\"https:\/\/www.uv.mx\/prensa\/files\/2019\/02\/260219-CECILIA-INEGI1.jpg\"><img aria-describedby=\"caption-attachment-63420\" decoding=\"async\" loading=\"lazy\" class=\"size-full wp-image-63420\" src=\"https:\/\/www.uv.mx\/prensa\/files\/2019\/02\/260219-CECILIA-INEGI1.jpg\" alt=\"\" width=\"722\" height=\"481\" srcset=\"https:\/\/www.uv.mx\/prensa\/files\/2019\/02\/260219-CECILIA-INEGI1.jpg 722w, https:\/\/www.uv.mx\/prensa\/files\/2019\/02\/260219-CECILIA-INEGI1-300x200.jpg 300w\" sizes=\"(max-width: 722px) 100vw, 722px\" \/><\/a><p id=\"caption-attachment-63420\" class=\"wp-caption-text\">El evento tuvo lugar en el Aula Electr\u00f3nica del <em>campus<\/em> Coatzacoalcos<\/p><\/div>\n<p>&nbsp;<\/p>\n<p><b><i><span data-contrast=\"auto\">Cecilia Escribano Reyes<\/span><\/i><\/b><span data-ccp-props=\"{&quot;201341983&quot;:0,&quot;335559739&quot;:160,&quot;335559740&quot;:240}\"><br \/>\n<\/span><\/p>\n<p><b><i><span data-contrast=\"auto\">01\/03\/19, <\/span><\/i><\/b><b><i><span data-contrast=\"auto\">Coatzacoalcos<\/span><\/i><\/b><b><i><span data-contrast=\"auto\">, Ver.-<\/span><\/i><\/b> <span data-contrast=\"auto\">En el marco del convenio de c<\/span><span data-contrast=\"auto\">olaboraci\u00f3n entre la Universidad Veracruzana <\/span><span data-contrast=\"auto\">(UV) <\/span><span data-contrast=\"auto\">y el Ayuntamiento de Coatzacoalcos, se imparti\u00f3 <\/span><span data-contrast=\"auto\">el curso-taller <\/span><span data-contrast=\"auto\">del <\/span><span data-contrast=\"auto\">Instituto Nacional de Estad\u00edstica y Geograf\u00eda (<\/span><i><span data-contrast=\"auto\">I<\/span><\/i><i><span data-contrast=\"auto\">negi<\/span><\/i><span data-contrast=\"auto\">)<\/span><span data-contrast=\"auto\"> denominado \u201cMapa d<\/span><span data-contrast=\"auto\">igital MX-SIG\u201d<\/span><span data-contrast=\"auto\">,<\/span><span data-contrast=\"auto\"> el <\/span><span data-contrast=\"auto\">martes <\/span><span data-contrast=\"auto\">26 de <\/span><span data-contrast=\"auto\">febrero<\/span><span data-contrast=\"auto\">, con la finalidad de capacitar a personal del municipio.<\/span><span data-ccp-props=\"{&quot;201341983&quot;:0,&quot;335559739&quot;:160,&quot;335559740&quot;:240}\">\u00a0<\/span><\/p>\n<p><span data-contrast=\"auto\">El evento tuvo lugar<\/span><span data-contrast=\"auto\"> en el Aula Electr\u00f3nica <\/span><span data-contrast=\"auto\">del <\/span><i><span data-contrast=\"auto\">campus<\/span><\/i><span data-contrast=\"auto\"> Coatzacoalcos de la U<\/span><span data-contrast=\"auto\">V, y e<\/span><span data-contrast=\"auto\">n la inauguraci\u00f3n se cont\u00f3 con la presencia de <\/span><span data-contrast=\"auto\">Carlos <\/span><span data-contrast=\"auto\">Lamothe<\/span><span data-contrast=\"auto\"> Zavaleta, vicerrector<\/span><span data-contrast=\"auto\"> de la regi\u00f3n Coatzacoalcos-Minatitl\u00e1n<\/span><span data-contrast=\"auto\">; <\/span><span data-contrast=\"auto\">Keren<\/span><span data-contrast=\"auto\"> Itzel <\/span><span data-contrast=\"auto\">Prot<\/span><span data-contrast=\"auto\"> V\u00e1zquez<\/span><span data-contrast=\"auto\">, <\/span><span data-contrast=\"auto\">de la R<\/span><span data-contrast=\"auto\">egidur\u00eda <\/span><span data-contrast=\"auto\">S<\/span><span data-contrast=\"auto\">\u00e9ptima<\/span><span data-contrast=\"auto\">; <\/span><span data-contrast=\"auto\">Yas<\/span><span data-contrast=\"auto\">m\u00edn<\/span><span data-contrast=\"auto\"> Mart\u00ednez Irigoyen, <\/span><span data-contrast=\"auto\">s<\/span><span data-contrast=\"auto\">\u00edndica de<\/span><span data-contrast=\"auto\">l Ayuntamiento<\/span><span data-contrast=\"auto\">; Mart\u00edn Juvenal Pati\u00f1o Zamora<\/span><span data-contrast=\"auto\">, <\/span><span data-contrast=\"auto\">de la Regidur\u00eda <\/span><span data-contrast=\"auto\">D<\/span><span data-contrast=\"auto\">\u00e9cim<\/span><span data-contrast=\"auto\">a, y<\/span> <span data-contrast=\"auto\">Lenis<\/span><span data-contrast=\"auto\"> Pauling Aparicio Ambrosio<\/span><span data-contrast=\"auto\">, <\/span><span data-contrast=\"auto\">de la Regidur\u00eda <\/span><span data-contrast=\"auto\">N<\/span><span data-contrast=\"auto\">ovena<\/span><span data-contrast=\"auto\">.<\/span><span data-ccp-props=\"{&quot;201341983&quot;:0,&quot;335559731&quot;:708,&quot;335559739&quot;:160,&quot;335559740&quot;:240}\">\u00a0<\/span><\/p>\n<p><span data-contrast=\"auto\">La <\/span><span data-contrast=\"auto\">R<\/span><span data-contrast=\"auto\">egidur\u00eda S\u00e9ptima fue la responsable de gestionar la asistencia de<\/span> <span data-contrast=\"auto\">Juan Manuel Iglesias L\u00f3pez, <\/span><span data-contrast=\"auto\">coordinador e<\/span><span data-contrast=\"auto\">statal <\/span><span data-contrast=\"auto\">del <\/span><i><span data-contrast=\"auto\">Inegi<\/span><\/i><span data-contrast=\"auto\">, <\/span><span data-contrast=\"auto\">Alexander Gallegos Maldonado y Jos\u00e9 Alejandro <\/span><span data-contrast=\"auto\">Negroe<\/span><span data-contrast=\"auto\"> Espinoza<\/span><span data-contrast=\"auto\">, quienes impartieron<\/span><span data-contrast=\"auto\"> la<\/span><span data-contrast=\"auto\"> capacit<\/span><span data-contrast=\"auto\">aci<\/span><span data-contrast=\"auto\">\u00f3<\/span><span data-contrast=\"auto\">n<\/span><span data-contrast=\"auto\"> a m\u00e1s de 50 asistentes.<\/span><span data-ccp-props=\"{&quot;201341983&quot;:0,&quot;335559731&quot;:708,&quot;335559739&quot;:160,&quot;335559740&quot;:240}\">\u00a0<\/span><\/p>\n<p><span data-contrast=\"auto\">Al respecto, <\/span><span data-contrast=\"auto\">Prot<\/span><span data-contrast=\"auto\"> V\u00e1zquez se\u00f1al\u00f3 que el Ayuntamiento de Coatzacoalcos se capacita en obtener herramientas para ser una ciudad sustentable y comprometida con la ciudadan\u00eda.<\/span><span data-ccp-props=\"{&quot;201341983&quot;:0,&quot;335559731&quot;:708,&quot;335559739&quot;:160,&quot;335559740&quot;:240}\">\u00a0<\/span><\/p>\n<p><span data-contrast=\"auto\">\u201c<\/span><span data-contrast=\"auto\">E<\/span><span data-contrast=\"auto\">l<\/span> <i><span data-contrast=\"auto\">Inegi<\/span><\/i> <span data-contrast=\"auto\">promueve el uso, interpretaci\u00f3n <\/span><span data-contrast=\"auto\">e integraci\u00f3n de la informaci\u00f3n geogr\u00e1fica y estad\u00edstica nacional que contribuye al conocimiento y toma de decisiones basadas en elementos t\u00e9cnicamente sustentados<\/span><span data-contrast=\"auto\">.<\/span><span data-contrast=\"auto\">\u201d<\/span><span data-ccp-props=\"{&quot;201341983&quot;:0,&quot;335559731&quot;:708,&quot;335559739&quot;:160,&quot;335559740&quot;:240}\">\u00a0<\/span><\/p>\n<p><span data-contrast=\"auto\">Iglesias L\u00f3pez se\u00f1al\u00f3 que el objetivo del taller <\/span><span data-contrast=\"auto\">fue <\/span><span data-contrast=\"auto\">compartir con los participantes los contenidos del <\/span><i><span data-contrast=\"auto\">Inegi<\/span><\/i><span data-contrast=\"auto\">, \u201ca trav\u00e9s de ejercicios se les ense\u00f1<\/span><span data-contrast=\"auto\">\u00f3<\/span><span data-contrast=\"auto\"> c\u00f3mo navegar en la p\u00e1gina <\/span><i><span data-contrast=\"auto\">web<\/span><\/i><span data-contrast=\"auto\"> del instituto<\/span><span data-contrast=\"auto\"> para<\/span><span data-contrast=\"auto\"> que conozcan la informaci\u00f3n<\/span><span data-contrast=\"auto\"> disponible<\/span><span data-contrast=\"auto\">\u201d; asimismo, recalc\u00f3 que al taller asistieron funcionarios del municipio de Coatzacoalcos para tomar decisiones informadas.<\/span><span data-ccp-props=\"{&quot;201341983&quot;:0,&quot;335559731&quot;:708,&quot;335559739&quot;:160,&quot;335559740&quot;:240}\">\u00a0<\/span><\/p>\n<p><span data-contrast=\"auto\">Enfatiz\u00f3 que en el <\/span><i><span data-contrast=\"auto\">Inegi<\/span><\/i> <span data-contrast=\"auto\">se cuenta con <\/span><span data-contrast=\"auto\">datos de poblaci\u00f3n, estad\u00edsticos derivados de los censos econ\u00f3micos, agropecuarios, de <\/span><span data-contrast=\"auto\">gobierno, encuestas, toda la informaci\u00f3n est\u00e1 abierta al p\u00fablico en general y es gratuita.<\/span><span data-ccp-props=\"{&quot;201341983&quot;:0,&quot;335559739&quot;:160,&quot;335559740&quot;:240}\">\u00a0<\/span><\/p>\n<p><span data-contrast=\"auto\">\u201cContamos con infracci\u00f3n topogr\u00e1fica, de clima, de s<\/span><span data-contrast=\"auto\">uelo, vegetaci\u00f3n, de agua, etc<\/span><span data-contrast=\"auto\">\u00e9tera,<\/span><span data-contrast=\"auto\"> creo que s<\/span><span data-contrast=\"auto\">i se toman decisiones basadas en info<\/span><span data-contrast=\"auto\">r<\/span><span data-contrast=\"auto\">maci\u00f3n ser\u00e1n buenas decisiones.\u201d<\/span><span data-ccp-props=\"{&quot;201341983&quot;:0,&quot;335559731&quot;:708,&quot;335559739&quot;:160,&quot;335559740&quot;:240}\">\u00a0<\/span><\/p>\n<p>&nbsp;<\/p>\n<div id=\"attachment_63434\" style=\"width: 732px\" class=\"wp-caption aligncenter\"><a href=\"https:\/\/www.uv.mx\/prensa\/files\/2019\/02\/260219-CECILIA-INEGI.jpg\"><img aria-describedby=\"caption-attachment-63434\" decoding=\"async\" loading=\"lazy\" class=\"size-full wp-image-63434\" src=\"https:\/\/www.uv.mx\/prensa\/files\/2019\/02\/260219-CECILIA-INEGI.jpg\" alt=\"\" width=\"722\" height=\"481\" srcset=\"https:\/\/www.uv.mx\/prensa\/files\/2019\/02\/260219-CECILIA-INEGI.jpg 722w, https:\/\/www.uv.mx\/prensa\/files\/2019\/02\/260219-CECILIA-INEGI-300x200.jpg 300w\" sizes=\"(max-width: 722px) 100vw, 722px\" \/><\/a><p id=\"caption-attachment-63434\" class=\"wp-caption-text\">Inauguraci\u00f3n del curso<\/p><\/div>\n","protected":false},"excerpt":{"rendered":"<p>En el marco del convenio de colaboraci\u00f3n entre ambas instancias, personal del municipio particip\u00f3 en la capacitaci\u00f3n \u201cMapa digital MX-SIG\u201d<\/p>\n","protected":false},"author":1508,"featured_media":63420,"comment_status":"closed","ping_status":"closed","sticky":false,"template":"","format":"standard","meta":[],"categories":[52],"tags":[],"_links":{"self":[{"href":"https:\/\/www.uv.mx\/prensa\/wp-json\/wp\/v2\/posts\/63719"}],"collection":[{"href":"https:\/\/www.uv.mx\/prensa\/wp-json\/wp\/v2\/posts"}],"about":[{"href":"https:\/\/www.uv.mx\/prensa\/wp-json\/wp\/v2\/types\/post"}],"author":[{"embeddable":true,"href":"https:\/\/www.uv.mx\/prensa\/wp-json\/wp\/v2\/users\/1508"}],"replies":[{"embeddable":true,"href":"https:\/\/www.uv.mx\/prensa\/wp-json\/wp\/v2\/comments?post=63719"}],"version-history":[{"count":0,"href":"https:\/\/www.uv.mx\/prensa\/wp-json\/wp\/v2\/posts\/63719\/revisions"}],"wp:featuredmedia":[{"embeddable":true,"href":"https:\/\/www.uv.mx\/prensa\/wp-json\/wp\/v2\/media\/63420"}],"wp:attachment":[{"href":"https:\/\/www.uv.mx\/prensa\/wp-json\/wp\/v2\/media?parent=63719"}],"wp:term":[{"taxonomy":"category","embeddable":true,"href":"https:\/\/www.uv.mx\/prensa\/wp-json\/wp\/v2\/categories?post=63719"},{"taxonomy":"post_tag","embeddable":true,"href":"https:\/\/www.uv.mx\/prensa\/wp-json\/wp\/v2\/tags?post=63719"}],"curies":[{"name":"wp","href":"https:\/\/api.w.org\/{rel}","templated":true}]}}