{"id":63736,"date":"2019-03-01T21:05:29","date_gmt":"2019-03-02T03:05:29","guid":{"rendered":"https:\/\/www.uv.mx\/prensa\/?p=63736"},"modified":"2019-03-06T18:10:07","modified_gmt":"2019-03-07T00:10:07","slug":"mexico-paraiso-para-observadores-de-aves-angelina-ruiz","status":"publish","type":"post","link":"https:\/\/www.uv.mx\/prensa\/ciencia\/mexico-paraiso-para-observadores-de-aves-angelina-ruiz\/","title":{"rendered":"M\u00e9xico, para\u00edso para observadores de aves: Angelina Ruiz"},"content":{"rendered":"<ul>\n<li data-leveltext=\"\uf0b7\" data-font=\"Symbol\" data-listid=\"2\" data-aria-posinset=\"1\" data-aria-level=\"1\"><i><span data-contrast=\"auto\">Tiene 11 especies end\u00e9micas<\/span><\/i><i><span data-contrast=\"auto\"> y e<\/span><\/i><i><span data-contrast=\"auto\">n Veracruz e<\/span><\/i><i><span data-contrast=\"auto\">xisten 717 especies registradas<\/span><\/i><span data-ccp-props=\"{&quot;134233279&quot;:true,&quot;201341983&quot;:0,&quot;335559739&quot;:160,&quot;335559740&quot;:240}\">\u00a0<\/span><\/li>\n<\/ul>\n<p>&nbsp;<\/p>\n<div id=\"attachment_63582\" style=\"width: 732px\" class=\"wp-caption aligncenter\"><a href=\"https:\/\/www.uv.mx\/prensa\/files\/2019\/03\/010319-veracruz-aves-1.jpg\"><img aria-describedby=\"caption-attachment-63582\" decoding=\"async\" loading=\"lazy\" class=\"size-full wp-image-63582\" src=\"https:\/\/www.uv.mx\/prensa\/files\/2019\/03\/010319-veracruz-aves-1.jpg\" alt=\"\" width=\"722\" height=\"481\" srcset=\"https:\/\/www.uv.mx\/prensa\/files\/2019\/03\/010319-veracruz-aves-1.jpg 722w, https:\/\/www.uv.mx\/prensa\/files\/2019\/03\/010319-veracruz-aves-1-300x200.jpg 300w\" sizes=\"(max-width: 722px) 100vw, 722px\" \/><\/a><p id=\"caption-attachment-63582\" class=\"wp-caption-text\">Angelina Ruiz S\u00e1nchez inici\u00f3 el ciclo de conferencias Martes en la Ciencia<\/p><\/div>\n<p>&nbsp;<\/p>\n<p><b><i><span data-contrast=\"auto\">01\/03\/19, Boca del R\u00edo, Ver.-<\/span><\/i><\/b> <span data-contrast=\"auto\">E<\/span><span data-contrast=\"auto\">l ciclo Martes en <\/span><span data-contrast=\"auto\">la<\/span> <span data-contrast=\"auto\">C<\/span><span data-contrast=\"auto\">iencia 2019<\/span><span data-contrast=\"auto\">,<\/span><span data-contrast=\"auto\"> organizado por la Coordinaci\u00f3n R<\/span><span data-contrast=\"auto\">egional de Dif<\/span><span data-contrast=\"auto\">usi\u00f3n C<\/span><span data-contrast=\"auto\">ultural de la Universidad Veracruzana<\/span><span data-contrast=\"auto\"> (UV)<\/span><span data-contrast=\"auto\">, inici\u00f3 con la pl\u00e1tica <\/span><span data-contrast=\"auto\">\u201c\u00bfPor qu\u00e9 observar aves? Ciencia y recreaci\u00f3n<\/span><span data-contrast=\"auto\">\u201d<\/span><span data-contrast=\"auto\">,<\/span><span data-contrast=\"auto\"> impartida por<\/span> <span data-contrast=\"auto\">Angelina Rui<\/span><span data-contrast=\"auto\">z S\u00e1nchez<\/span><span data-contrast=\"auto\">, doc<\/span><span data-contrast=\"auto\">ente de la Facultad de Biolog\u00eda-<\/span><span data-contrast=\"auto\">Xalapa.<\/span><span data-ccp-props=\"{&quot;201341983&quot;:0,&quot;335559739&quot;:160,&quot;335559740&quot;:240}\">\u00a0<\/span><\/p>\n<p><span data-contrast=\"auto\">\u201c<\/span><span data-contrast=\"auto\">E<\/span><span data-contrast=\"auto\">l estudio <\/span><span data-contrast=\"auto\">de<\/span> <span data-contrast=\"auto\">su <\/span><span data-contrast=\"auto\">comportamiento nos permite encontrar soluciones amigables con el medio ambiente\u201d<\/span><span data-contrast=\"auto\">,<\/span><span data-contrast=\"auto\"> afirm\u00f3 <\/span><span data-contrast=\"auto\">l<\/span><span data-contrast=\"auto\">a acad\u00e9mica<\/span><span data-contrast=\"auto\">,<\/span><span data-contrast=\"auto\"> y detall\u00f3 <\/span><span data-contrast=\"auto\">la <\/span><span data-contrast=\"auto\">trascendencia <\/span><span data-contrast=\"auto\">que tienen <\/span><span data-contrast=\"auto\">en la conservaci\u00f3n de los ecosistemas pues en el mundo existen 10 mil 500 especies de aves registradas.<\/span><span data-ccp-props=\"{&quot;201341983&quot;:0,&quot;335559731&quot;:708,&quot;335559739&quot;:160,&quot;335559740&quot;:240}\">\u00a0<\/span><\/p>\n<p><span data-contrast=\"auto\">La ornit\u00f3loga invit\u00f3 a la ciudadan\u00eda a preservar<\/span><span data-contrast=\"auto\">las,<\/span> <span data-contrast=\"auto\">pues <\/span><span data-contrast=\"auto\">\u201c<\/span><span data-contrast=\"auto\">l<\/span><span data-contrast=\"auto\">as aves son dispersoras de semillas, son polinizadoras, sirven para el control de plagas, regulan poblaciones de otras especies y para la epidemiolog\u00eda es de gran ayuda conocer sus procesos migratorios\u201d.<\/span><span data-ccp-props=\"{&quot;201341983&quot;:0,&quot;335559731&quot;:708,&quot;335559739&quot;:160,&quot;335559740&quot;:240}\">\u00a0<\/span><\/p>\n<p><span data-contrast=\"auto\">Sostuvo<\/span><span data-contrast=\"auto\"> que tambi\u00e9n han ayudado en la medici\u00f3n de la calidad ambiental y alertan los cambios climatol\u00f3gicos.<\/span><span data-ccp-props=\"{&quot;201341983&quot;:0,&quot;335559731&quot;:708,&quot;335559739&quot;:160,&quot;335559740&quot;:240}\">\u00a0<\/span><\/p>\n<p><span data-contrast=\"auto\">Angelina Rui<\/span><span data-contrast=\"auto\">z <\/span><span data-contrast=\"auto\">e<\/span><span data-contrast=\"auto\">xplic\u00f3 que el estudio de las aves ha contribuido al establecimiento de nuevas normas de conservaci\u00f3n ambiental, as\u00ed como la creaci\u00f3n de pol\u00edticas p\u00fablicas.<\/span><span data-ccp-props=\"{&quot;201341983&quot;:0,&quot;335559731&quot;:708,&quot;335559739&quot;:160,&quot;335559740&quot;:240}\">\u00a0<\/span><\/p>\n<p><span data-contrast=\"auto\">Resalt\u00f3 que hay poco conocimiento de la importancia <\/span><span data-contrast=\"auto\">que tienen<\/span><span data-contrast=\"auto\"> en la preservaci\u00f3n de nuestro planeta e inclusive de los beneficios econ\u00f3micos que puede dejar la observaci\u00f3n y conservaci\u00f3n de esta especie.<\/span><span data-ccp-props=\"{&quot;201341983&quot;:0,&quot;335559731&quot;:708,&quot;335559739&quot;:160,&quot;335559740&quot;:240}\">\u00a0<\/span><\/p>\n<p><span data-contrast=\"auto\">Rui<\/span><span data-contrast=\"auto\">z S\u00e1nchez inform\u00f3 que M\u00e9xico es considerado un para\u00edso por los observadores de aves <\/span><span data-contrast=\"auto\">pues<\/span><span data-contrast=\"auto\"> posee 11 especies end\u00e9micas, m\u00e1s las migratorias que pueden verse en ciertas \u00e9pocas del a\u00f1o.<\/span><span data-ccp-props=\"{&quot;201341983&quot;:0,&quot;335559731&quot;:708,&quot;335559739&quot;:160,&quot;335559740&quot;:240}\">\u00a0<\/span><\/p>\n<p><span data-contrast=\"auto\">Agreg\u00f3 que aunque la observaci\u00f3n de aves es un nicho tur\u00edstico que no se ha impulsado, anualmente <\/span><span data-contrast=\"auto\">deja <\/span><span data-contrast=\"auto\">una derrama<\/span><span data-contrast=\"auto\"> econ\u00f3mica<\/span><span data-contrast=\"auto\"> de aproximadamente 23.9 millones <\/span><span data-contrast=\"auto\">de pesos <\/span><span data-contrast=\"auto\">en M\u00e9xico.<\/span><span data-ccp-props=\"{&quot;201341983&quot;:0,&quot;335559731&quot;:708,&quot;335559739&quot;:160,&quot;335559740&quot;:240}\">\u00a0<\/span><\/p>\n<p><span data-contrast=\"auto\">El estado de Veracruz cuenta con 717 especies, ocupando el segundo lugar a nivel nacional en la riqueza de estos animales.<\/span><span data-ccp-props=\"{&quot;201341983&quot;:0,&quot;335559731&quot;:708,&quot;335559739&quot;:160,&quot;335559740&quot;:240}\">\u00a0<\/span><\/p>\n<p><span data-contrast=\"auto\">Por \u00faltimo, <\/span><span data-contrast=\"auto\">explic\u00f3 que la observaci\u00f3n de las aves como pasatiempo trae consigo una riqueza que po<\/span><span data-contrast=\"auto\">cos alcanzan a entender y que \u201ce<\/span><span data-contrast=\"auto\">xisten patrones de conductas en aves que se han establecido g<\/span><span data-contrast=\"auto\">racias a la ciencia ciudadana\u201d.<\/span><span data-ccp-props=\"{&quot;201341983&quot;:0,&quot;335559731&quot;:708,&quot;335559739&quot;:160,&quot;335559740&quot;:240}\">\u00a0<\/span><\/p>\n<p>&nbsp;<\/p>\n<div id=\"attachment_63583\" style=\"width: 732px\" class=\"wp-caption aligncenter\"><a href=\"https:\/\/www.uv.mx\/prensa\/files\/2019\/03\/010319-veracruz-aves-4.jpg\"><img aria-describedby=\"caption-attachment-63583\" decoding=\"async\" loading=\"lazy\" class=\"size-full wp-image-63583\" src=\"https:\/\/www.uv.mx\/prensa\/files\/2019\/03\/010319-veracruz-aves-4.jpg\" alt=\"\" width=\"722\" height=\"481\" srcset=\"https:\/\/www.uv.mx\/prensa\/files\/2019\/03\/010319-veracruz-aves-4.jpg 722w, https:\/\/www.uv.mx\/prensa\/files\/2019\/03\/010319-veracruz-aves-4-300x200.jpg 300w\" sizes=\"(max-width: 722px) 100vw, 722px\" \/><\/a><p id=\"caption-attachment-63583\" class=\"wp-caption-text\">La Doctora en Ciencias Biol\u00f3gicas explic\u00f3 la trascendencia de las aves<\/p><\/div>\n","protected":false},"excerpt":{"rendered":"<p>La acad\u00e9mica de la Facultad de Biolog\u00eda-Xalapa explic\u00f3 que el estudio de las aves ha contribuido al establecimiento de nuevas normas de conservaci\u00f3n ambiental<\/p>\n","protected":false},"author":1508,"featured_media":63582,"comment_status":"closed","ping_status":"closed","sticky":false,"template":"","format":"standard","meta":[],"categories":[45,55],"tags":[],"_links":{"self":[{"href":"https:\/\/www.uv.mx\/prensa\/wp-json\/wp\/v2\/posts\/63736"}],"collection":[{"href":"https:\/\/www.uv.mx\/prensa\/wp-json\/wp\/v2\/posts"}],"about":[{"href":"https:\/\/www.uv.mx\/prensa\/wp-json\/wp\/v2\/types\/post"}],"author":[{"embeddable":true,"href":"https:\/\/www.uv.mx\/prensa\/wp-json\/wp\/v2\/users\/1508"}],"replies":[{"embeddable":true,"href":"https:\/\/www.uv.mx\/prensa\/wp-json\/wp\/v2\/comments?post=63736"}],"version-history":[{"count":0,"href":"https:\/\/www.uv.mx\/prensa\/wp-json\/wp\/v2\/posts\/63736\/revisions"}],"wp:featuredmedia":[{"embeddable":true,"href":"https:\/\/www.uv.mx\/prensa\/wp-json\/wp\/v2\/media\/63582"}],"wp:attachment":[{"href":"https:\/\/www.uv.mx\/prensa\/wp-json\/wp\/v2\/media?parent=63736"}],"wp:term":[{"taxonomy":"category","embeddable":true,"href":"https:\/\/www.uv.mx\/prensa\/wp-json\/wp\/v2\/categories?post=63736"},{"taxonomy":"post_tag","embeddable":true,"href":"https:\/\/www.uv.mx\/prensa\/wp-json\/wp\/v2\/tags?post=63736"}],"curies":[{"name":"wp","href":"https:\/\/api.w.org\/{rel}","templated":true}]}}