{"id":64219,"date":"2019-03-13T16:34:50","date_gmt":"2019-03-13T22:34:50","guid":{"rendered":"https:\/\/www.uv.mx\/prensa\/?p=64219"},"modified":"2019-03-14T11:39:11","modified_gmt":"2019-03-14T17:39:11","slug":"estudiantes-de-danza-uv-tomaron-curso-sobre-tecnica-graham","status":"publish","type":"post","link":"https:\/\/www.uv.mx\/prensa\/cultura\/estudiantes-de-danza-uv-tomaron-curso-sobre-tecnica-graham\/","title":{"rendered":"Estudiantes de Danza-UV tomaron curso sobre t\u00e9cnica Graham"},"content":{"rendered":"<ul>\n<li data-leveltext=\"\uf0b7\" data-font=\"Symbol\" data-listid=\"1\" data-aria-posinset=\"1\" data-aria-level=\"1\"><i><span data-contrast=\"auto\">\u201c<\/span><\/i><i><span data-contrast=\"auto\">F<\/span><\/i><i><span data-contrast=\"auto\">ortalece el centro del cuerpo, adem\u00e1s<\/span><\/i> <i><span data-contrast=\"auto\">te da una preparaci\u00f3n d<\/span><\/i><i><span data-contrast=\"auto\">e fuerza y proyecci\u00f3n\u201d<\/span><\/i><i><span data-contrast=\"auto\">: Adriana Le\u00f3n<\/span><\/i><span data-ccp-props=\"{&quot;134233279&quot;:true}\">\u00a0<\/span><\/li>\n<\/ul>\n<p>&nbsp;<\/p>\n<div id=\"attachment_64121\" style=\"width: 732px\" class=\"wp-caption aligncenter\"><a href=\"https:\/\/www.uv.mx\/prensa\/files\/2019\/03\/120319-Entrevista-danza.jpg\"><img aria-describedby=\"caption-attachment-64121\" decoding=\"async\" loading=\"lazy\" class=\"size-full wp-image-64121\" src=\"https:\/\/www.uv.mx\/prensa\/files\/2019\/03\/120319-Entrevista-danza.jpg\" alt=\"\" width=\"722\" height=\"478\" srcset=\"https:\/\/www.uv.mx\/prensa\/files\/2019\/03\/120319-Entrevista-danza.jpg 722w, https:\/\/www.uv.mx\/prensa\/files\/2019\/03\/120319-Entrevista-danza-300x199.jpg 300w\" sizes=\"(max-width: 722px) 100vw, 722px\" \/><\/a><p id=\"caption-attachment-64121\" class=\"wp-caption-text\">Nahomi Bonilla y Adriana Le\u00f3n<\/p><\/div>\n<p><span data-ccp-props=\"{}\" data-contrast=\"auto\">\u00a0<\/span><\/p>\n<p><b><i><span data-contrast=\"auto\">Paola Cort\u00e9s P\u00e9rez<\/span><\/i><\/b><\/p>\n<p><b><i><span data-contrast=\"auto\">13\/03\/19, Xalapa, Ver.-<\/span><\/i><\/b> <span data-contrast=\"auto\">E<\/span><span data-contrast=\"auto\">studiantes de<\/span> <span data-contrast=\"auto\">la <a href=\"https:\/\/www.uv.mx\/danza\/\">Facultad de Danza de <\/a><\/span><span data-contrast=\"auto\">la Universidad Veracruzana (UV)<\/span> <span data-contrast=\"auto\">tomaron un <\/span><span data-contrast=\"auto\">curso<\/span><span data-contrast=\"auto\"> de <\/span><span data-contrast=\"auto\">dos semanas<\/span> <span data-contrast=\"auto\">sobre t\u00e9cnica Graham<\/span><span data-contrast=\"auto\">, impartido por <\/span><span data-contrast=\"auto\">Adriana Le\u00f3n Aranda, profesora de la Licenciatura de Danza Esc\u00e9nica de la Universidad de C<\/span><span data-contrast=\"auto\">olima.<\/span><span data-ccp-props=\"{}\">\u00a0<\/span><\/p>\n<p><span data-contrast=\"auto\">Nahomi<\/span><span data-contrast=\"auto\"> Bonilla Sainz<\/span><span data-contrast=\"auto\">, directora de la <\/span><span data-contrast=\"auto\">Facultad de Danza<\/span><span data-contrast=\"auto\"> UV, <\/span><span data-contrast=\"auto\">coment\u00f3<\/span><span data-contrast=\"auto\"> que esta <\/span><span data-contrast=\"auto\">t\u00e9cnica fue creada por la bailarina y core\u00f3grafa Martha Graham, <\/span><span data-contrast=\"auto\">y <\/span><span data-contrast=\"auto\">ha sido llamada la \u201cpiedra angular\u201d de la danza moderna estadounidense, <\/span><span data-contrast=\"auto\">la cual<\/span><span data-contrast=\"auto\"> ha <\/span><span data-contrast=\"auto\">sido difundida en todo el mundo.<\/span><span data-ccp-props=\"{}\">\u00a0<\/span><\/p>\n<p><span data-contrast=\"auto\">\u201cLa t\u00e9cnica Graham surgi\u00f3 a partir de una necesidad de un core\u00f3grafo, una vez que fue comprobada su eficacia para formar el cuerpo de un bailar\u00edn comenz\u00f3 a expandirse e ir m\u00e1s all\u00e1 de la compa\u00f1\u00eda de Graham\u201d, destac\u00f3 Adriana Le\u00f3n.<\/span><span data-ccp-props=\"{&quot;335559731&quot;:708}\">\u00a0<\/span><\/p>\n<p><span data-contrast=\"auto\">Coment\u00f3 que Martha Graham acogi\u00f3 todos los principios para desarrollar su trabajo<\/span><span data-contrast=\"auto\"> en oposici\u00f3n a lo que en aquella \u00e9poca se consideraba deb\u00eda ser<\/span> <span data-contrast=\"auto\">la danza esc\u00e9nica, a partir de esto desarroll\u00f3 un c\u00f3digo de movimiento <\/span><span data-contrast=\"auto\">como int\u00e9<\/span><span data-contrast=\"auto\">rprete y despu\u00e9s como creadora.<\/span><span data-ccp-props=\"{&quot;335559731&quot;:708}\">\u00a0<\/span><\/p>\n<p><span data-contrast=\"auto\">Record\u00f3 que <\/span><span data-contrast=\"auto\">la t\u00e9cnica <\/span><span data-contrast=\"auto\">lleg\u00f3 <\/span><span data-contrast=\"auto\">a M\u00e9xico <\/span><span data-contrast=\"auto\">de la mano de Guillermina Bravo, posteriormente se difundi\u00f3 por todo el pa\u00eds como una opci\u00f3n para formar bailarines en<\/span><span data-contrast=\"auto\"> escuelas de educaci\u00f3n superior<\/span><span data-contrast=\"auto\">.<\/span><span data-ccp-props=\"{&quot;335559731&quot;:708}\">\u00a0<\/span><\/p>\n<p><span data-contrast=\"auto\">Con respect<\/span><span data-contrast=\"auto\">o <\/span><span data-contrast=\"auto\">al curso, Adriana Le\u00f3n dijo que tuvo una duraci\u00f3n de dos semanas \u2013la \u00faltima de febrero y la primera de marzo\u2013, y que se trata de una t\u00e9cnica propicia para los bailarines y danza contempor\u00e1nea, ya que se concibe como formativa.<\/span><span data-ccp-props=\"{&quot;335559731&quot;:708}\">\u00a0<\/span><\/p>\n<p><span data-contrast=\"auto\">\u201cLa ventaja que le veo es el fortalecimiento del centro del cuerpo<\/span><span data-contrast=\"auto\">,<\/span> <span data-contrast=\"auto\">te da una preparaci\u00f3n de fuerza, proyecci\u00f3n, conocimiento de ti mismo y te permite ampliar tu visi\u00f3n.\u201d<\/span><span data-ccp-props=\"{&quot;335559731&quot;:708}\">\u00a0<\/span><\/p>\n<p><span data-contrast=\"auto\">Mencion\u00f3 que la manera de aprender la t\u00e9cnica es desde la realidad del propio cuerpo, de la intenci\u00f3n, de las emociones, de las fuerzas, para pasar por un proceso de apropiaci\u00f3n y <\/span><span data-contrast=\"auto\">re<\/span><span data-contrast=\"auto\">&#8211;<\/span><span data-contrast=\"auto\">escenificaci\u00f3n<\/span><span data-contrast=\"auto\">.<\/span><span data-ccp-props=\"{&quot;335559731&quot;:708}\">\u00a0<\/span><\/p>\n<p><span data-contrast=\"auto\">\u201cTodos estos a\u00f1o<\/span><span data-contrast=\"auto\">s nunca he dejado de practicar e<\/span><span data-contrast=\"auto\">sta t\u00e9cnica, me parece que es hermosa, muy org\u00e1nica y pertinente para los cuerpos y <\/span><span data-contrast=\"auto\">escena actuales, toda vez que ha ido transform\u00e1ndose como ha pasado con la danza.\u201d<\/span><span data-ccp-props=\"{&quot;335559731&quot;:708}\">\u00a0<\/span><\/p>\n<p><span data-contrast=\"auto\">Dijo que regresar a la <\/span><span data-contrast=\"auto\">Facultad de la cual egres\u00f3<\/span> <span data-contrast=\"auto\">es<\/span><span data-contrast=\"auto\"> muy grato y signific\u00f3 una gran retroalimentaci\u00f3n el poder convivir, trabajar e intercambiar conocimientos y experiencias educativas con las generaciones actuales<\/span><span data-contrast=\"auto\">, al mismo tiempo propicia un proceso de <\/span><span data-contrast=\"auto\">auto<\/span><span data-contrast=\"auto\">r<\/span><span data-contrast=\"auto\">revisi\u00f3n<\/span><span data-contrast=\"auto\">.<\/span><span data-ccp-props=\"{&quot;335559731&quot;:708}\">\u00a0<\/span><\/p>\n<p><span data-contrast=\"auto\">Finalmente<\/span><span data-contrast=\"auto\">,<\/span><span data-contrast=\"auto\"> agr<\/span><span data-contrast=\"auto\">adeci\u00f3 a las autoridades de la F<\/span><span data-contrast=\"auto\">acultad,<\/span><span data-contrast=\"auto\"> as\u00ed como<\/span><span data-contrast=\"auto\"> a las profesoras que abrieron sus espacios para que los estudiantes tomar\u00e1n el curso. Coment\u00f3 que los j\u00f3venes est\u00e1n muy abiertos y receptivos a nuevos aprendizajes <\/span><span data-contrast=\"auto\">y<\/span><span data-contrast=\"auto\"> al trabajo fuerte con una nueva t\u00e9cnica.<\/span><span data-ccp-props=\"{&quot;335559731&quot;:708}\">\u00a0<\/span><\/p>\n<p><span data-contrast=\"auto\">El curso concluy\u00f3 con una clase abierta para mostrar lo que aprendieron los e<\/span><span data-contrast=\"auto\">studiantes durante estas dos semanas.<\/span><\/p>\n","protected":false},"excerpt":{"rendered":"<p>Esta t\u00e9cnica, creada por la bailarina y core\u00f3grafa Martha Graham, es considerada la \u201cpiedra angular\u201d de la danza moderna estadounidense<\/p>\n","protected":false},"author":1508,"featured_media":64121,"comment_status":"closed","ping_status":"closed","sticky":false,"template":"","format":"standard","meta":[],"categories":[11],"tags":[],"_links":{"self":[{"href":"https:\/\/www.uv.mx\/prensa\/wp-json\/wp\/v2\/posts\/64219"}],"collection":[{"href":"https:\/\/www.uv.mx\/prensa\/wp-json\/wp\/v2\/posts"}],"about":[{"href":"https:\/\/www.uv.mx\/prensa\/wp-json\/wp\/v2\/types\/post"}],"author":[{"embeddable":true,"href":"https:\/\/www.uv.mx\/prensa\/wp-json\/wp\/v2\/users\/1508"}],"replies":[{"embeddable":true,"href":"https:\/\/www.uv.mx\/prensa\/wp-json\/wp\/v2\/comments?post=64219"}],"version-history":[{"count":0,"href":"https:\/\/www.uv.mx\/prensa\/wp-json\/wp\/v2\/posts\/64219\/revisions"}],"wp:featuredmedia":[{"embeddable":true,"href":"https:\/\/www.uv.mx\/prensa\/wp-json\/wp\/v2\/media\/64121"}],"wp:attachment":[{"href":"https:\/\/www.uv.mx\/prensa\/wp-json\/wp\/v2\/media?parent=64219"}],"wp:term":[{"taxonomy":"category","embeddable":true,"href":"https:\/\/www.uv.mx\/prensa\/wp-json\/wp\/v2\/categories?post=64219"},{"taxonomy":"post_tag","embeddable":true,"href":"https:\/\/www.uv.mx\/prensa\/wp-json\/wp\/v2\/tags?post=64219"}],"curies":[{"name":"wp","href":"https:\/\/api.w.org\/{rel}","templated":true}]}}