{"id":65380,"date":"2019-04-02T20:11:25","date_gmt":"2019-04-03T02:11:25","guid":{"rendered":"https:\/\/www.uv.mx\/prensa\/?p=65380"},"modified":"2019-04-03T12:30:46","modified_gmt":"2019-04-03T18:30:46","slug":"uv-participo-en-la-limpieza-de-playa-de-coatzacoalcos","status":"publish","type":"post","link":"https:\/\/www.uv.mx\/prensa\/regiones\/coatzacoalcos\/uv-participo-en-la-limpieza-de-playa-de-coatzacoalcos\/","title":{"rendered":"UV particip\u00f3 en la limpieza de playa de Coatzacoalcos"},"content":{"rendered":"<p>&nbsp;<\/p>\n<div id=\"attachment_65376\" style=\"width: 732px\" class=\"wp-caption aligncenter\"><a href=\"https:\/\/www.uv.mx\/prensa\/files\/2019\/04\/020419-CECILIA-Playa2.jpg\"><img aria-describedby=\"caption-attachment-65376\" decoding=\"async\" loading=\"lazy\" class=\"size-full wp-image-65376\" src=\"https:\/\/www.uv.mx\/prensa\/files\/2019\/04\/020419-CECILIA-Playa2.jpg\" alt=\"\" width=\"722\" height=\"481\" srcset=\"https:\/\/www.uv.mx\/prensa\/files\/2019\/04\/020419-CECILIA-Playa2.jpg 722w, https:\/\/www.uv.mx\/prensa\/files\/2019\/04\/020419-CECILIA-Playa2-300x200.jpg 300w\" sizes=\"(max-width: 722px) 100vw, 722px\" \/><\/a><p id=\"caption-attachment-65376\" class=\"wp-caption-text\">Universitarios en la limpieza de la playa<\/p><\/div>\n<p>&nbsp;<\/p>\n<p><b><i><span data-contrast=\"auto\">Cecilia Escribano Reyes<\/span><\/i><\/b><\/p>\n<p><b><i><span data-contrast=\"auto\">02\/04\/19, <\/span><\/i><\/b><b><i><span data-contrast=\"auto\">Coatzacoalcos<\/span><\/i><\/b><b><i><span data-contrast=\"auto\">, Ver.-<\/span><\/i><\/b> <span data-contrast=\"auto\">La Universidad Veracruzana (UV)<\/span><span data-contrast=\"auto\">,<\/span><span data-contrast=\"auto\"> a trav\u00e9s de la<\/span><span data-contrast=\"auto\">s<\/span> <a href=\"https:\/\/www.uv.mx\/coatza\/cq\/\"><span data-contrast=\"auto\">f<\/span><span data-contrast=\"auto\">acultad<\/span><span data-contrast=\"auto\">es<\/span><span data-contrast=\"auto\"> de <\/span><span data-contrast=\"auto\">Ciencias Qu\u00edmicas<\/span><\/a><span data-contrast=\"auto\"> (FCQ) y d<\/span><span data-contrast=\"auto\">e Ingenier\u00eda, particip<\/span><span data-contrast=\"auto\">\u00f3<\/span> <span data-contrast=\"auto\">en el evento <\/span><span data-contrast=\"auto\">\u201cJuntos por una playa limpia\u201d<\/span> <span data-contrast=\"auto\">organizado por el <\/span><span data-contrast=\"auto\">H. Ayuntamiento Coatzacoalcos<\/span><span data-contrast=\"auto\">,<\/span><span data-contrast=\"auto\"> dond<\/span><span data-contrast=\"auto\">e se limpiaron aproximadamente tres<\/span><span data-contrast=\"auto\"> k<\/span><span data-contrast=\"auto\">il\u00f3<\/span><span data-contrast=\"auto\">m<\/span><span data-contrast=\"auto\">etros <\/span><span data-contrast=\"auto\">del <\/span><span data-contrast=\"auto\">m<\/span><span data-contrast=\"auto\">alec\u00f3n <\/span><span data-contrast=\"auto\">c<\/span><span data-contrast=\"auto\">ostero, previo al periodo vacacional de Semana Santa.<\/span><span data-ccp-props=\"{}\">\u00a0<\/span><\/p>\n<p><span data-contrast=\"auto\">Aproximadamente<\/span><span data-contrast=\"auto\"> 60 alumnos de <\/span><span data-contrast=\"auto\">ambas facultades<\/span><span data-contrast=\"auto\"> participaron el s\u00e1bado 30 de marzo en <\/span><span data-contrast=\"auto\">la limpieza de la playa<\/span><span data-contrast=\"auto\">.<\/span> <span data-contrast=\"auto\">La asistencia se dio en <\/span><span data-contrast=\"auto\">respuesta a la iniciativa del ayuntamiento de este municipio<\/span><span data-contrast=\"auto\"> que<\/span><span data-contrast=\"auto\"> convoc\u00f3 a la comunidad en general y <\/span><span data-contrast=\"auto\">a<\/span><span data-contrast=\"auto\"> instituciones educativas para contribuir <\/span><span data-contrast=\"auto\">en la<\/span> <span data-contrast=\"auto\">recolecci\u00f3n<\/span><span data-contrast=\"auto\"> de los resid<\/span><span data-contrast=\"auto\">uos que se arrojan a las playas.<\/span><span data-ccp-props=\"{&quot;335559731&quot;:708}\">\u00a0<\/span><\/p>\n<p><span data-contrast=\"auto\">A<\/span><span data-contrast=\"auto\">compa\u00f1ados por los acad\u00e9micos <\/span><span data-contrast=\"auto\">Ana Mar\u00eda Rueda, de la <\/span><span data-contrast=\"auto\">FCQ<\/span><span data-contrast=\"auto\">,<\/span><span data-contrast=\"auto\"> y Juan Felipe Hern\u00e1ndez Alegr\u00eda, de <\/span><span data-contrast=\"auto\">Ingenier\u00eda<\/span><span data-contrast=\"auto\">, <\/span><span data-contrast=\"auto\">los alumnos <\/span><span data-contrast=\"auto\">participa<\/span><span data-contrast=\"auto\">ron <\/span><span data-contrast=\"auto\">activamente en esta acci\u00f3n ciudadana, que refleja el compromiso de la U<\/span><span data-contrast=\"auto\">niversidad <\/span><span data-contrast=\"auto\">en materia de responsabilidad social.<\/span><span data-ccp-props=\"{&quot;335559731&quot;:708}\">\u00a0<\/span><\/p>\n<p>&nbsp;<\/p>\n<div id=\"attachment_65378\" style=\"width: 732px\" class=\"wp-caption aligncenter\"><a href=\"https:\/\/www.uv.mx\/prensa\/files\/2019\/04\/020419-CECILIA-Playa1.jpg\"><img aria-describedby=\"caption-attachment-65378\" decoding=\"async\" loading=\"lazy\" class=\"wp-image-65378 size-full\" src=\"https:\/\/www.uv.mx\/prensa\/files\/2019\/04\/020419-CECILIA-Playa1.jpg\" alt=\"\" width=\"722\" height=\"481\" srcset=\"https:\/\/www.uv.mx\/prensa\/files\/2019\/04\/020419-CECILIA-Playa1.jpg 722w, https:\/\/www.uv.mx\/prensa\/files\/2019\/04\/020419-CECILIA-Playa1-300x200.jpg 300w\" sizes=\"(max-width: 722px) 100vw, 722px\" \/><\/a><p id=\"caption-attachment-65378\" class=\"wp-caption-text\">Acad\u00e9micos que participaron en la limpieza<\/p><\/div>\n<p>&nbsp;<\/p>\n<p><span data-contrast=\"auto\">Respecto a<\/span><span data-contrast=\"auto\"> la participaci\u00f3n de la UV, <\/span><span data-contrast=\"auto\">el a<\/span><span data-contrast=\"auto\">lcalde <\/span><span data-contrast=\"auto\">V\u00edctor Manuel Carranza <\/span><span data-contrast=\"auto\">Rosaldo<\/span> <span data-contrast=\"auto\">se\u00f1al\u00f3<\/span><span data-contrast=\"auto\">: \u201cEs un motivo de mucha satisfacci\u00f3n, demuestra esa parte altruista <\/span><span data-contrast=\"auto\">y humanista que todos tenemos.<\/span><span data-contrast=\"auto\"> Coatzacoalcos est\u00e1 para dignificarlo y es una tarea de todos\u201d.<\/span><span data-ccp-props=\"{&quot;335559731&quot;:708}\">\u00a0<\/span><span data-contrast=\"auto\">P<\/span><span data-contrast=\"auto\">or su parte<\/span><span data-contrast=\"auto\">,<\/span> <span data-contrast=\"auto\">Ana Mar\u00eda Rueda <\/span><span data-contrast=\"auto\">dijo:<\/span> <span data-contrast=\"auto\">\u201c<\/span><span data-contrast=\"auto\">E<\/span><span data-contrast=\"auto\">s una oportunidad para que <\/span><span data-contrast=\"auto\">alumnos del \u00faltimo semestre de la carrera de Ingenier\u00eda Qu\u00edmica que cursan la <\/span><span data-contrast=\"auto\">experiencia educativa<\/span><span data-contrast=\"auto\"> Caracterizaci\u00f3n y <\/span><span data-contrast=\"auto\">N<\/span><span data-contrast=\"auto\">aturaleza de los <\/span><span data-contrast=\"auto\">D<\/span><span data-contrast=\"auto\">esechos, <\/span><span data-contrast=\"auto\">apliquen <\/span><span data-contrast=\"auto\">lo aprendido en las aulas como <\/span><span data-contrast=\"auto\">la toma de <\/span><span data-contrast=\"auto\">muestreo y generaci\u00f3n de indicadores, en cuanto a la parte formativa; tambi\u00e9n est\u00e1 la parte axiol\u00f3gica, donde adquieren responsabilidad, uno de los valores que prom<\/span><span data-contrast=\"auto\">ueve <\/span><span data-contrast=\"auto\">la U<\/span><span data-contrast=\"auto\">V es la <\/span><span data-contrast=\"auto\">responsabilidad y <\/span><span data-contrast=\"auto\">el <\/span><span data-contrast=\"auto\">respeto por el medio ambiente. Es una experiencia integradora\u201d<\/span><span data-contrast=\"auto\">.<\/span><span data-ccp-props=\"{&quot;335559731&quot;:708}\">\u00a0<\/span><\/p>\n<p><span data-contrast=\"auto\">Cabe mencionar <\/span><span data-contrast=\"auto\">que <\/span><span data-contrast=\"auto\">durante la limpieza de la playa se encontraron diversos residuos biol\u00f3gico-infecciosos como jeringas, as\u00ed como grandes cantidades de PET, incluso zapatos.<\/span><span data-ccp-props=\"{}\">\u00a0<\/span><\/p>\n<p>&nbsp;<\/p>\n<div id=\"attachment_65381\" style=\"width: 732px\" class=\"wp-caption aligncenter\"><a href=\"https:\/\/www.uv.mx\/prensa\/files\/2019\/04\/020419-CECILIA-Playa3.jpg\"><img aria-describedby=\"caption-attachment-65381\" decoding=\"async\" loading=\"lazy\" class=\"size-full wp-image-65381\" src=\"https:\/\/www.uv.mx\/prensa\/files\/2019\/04\/020419-CECILIA-Playa3.jpg\" alt=\"\" width=\"722\" height=\"481\" srcset=\"https:\/\/www.uv.mx\/prensa\/files\/2019\/04\/020419-CECILIA-Playa3.jpg 722w, https:\/\/www.uv.mx\/prensa\/files\/2019\/04\/020419-CECILIA-Playa3-300x200.jpg 300w\" sizes=\"(max-width: 722px) 100vw, 722px\" \/><\/a><p id=\"caption-attachment-65381\" class=\"wp-caption-text\">UV particip\u00f3 en el evento \u201cJuntos por una playa limpia\u201d<\/p><\/div>\n","protected":false},"excerpt":{"rendered":"<p>Alumnos y maestros participaron activamente en esta acci\u00f3n ciudadana, que refleja el compromiso de la Universidad en materia de responsabilidad social<\/p>\n","protected":false},"author":1508,"featured_media":65376,"comment_status":"closed","ping_status":"closed","sticky":false,"template":"","format":"standard","meta":[],"categories":[52],"tags":[],"_links":{"self":[{"href":"https:\/\/www.uv.mx\/prensa\/wp-json\/wp\/v2\/posts\/65380"}],"collection":[{"href":"https:\/\/www.uv.mx\/prensa\/wp-json\/wp\/v2\/posts"}],"about":[{"href":"https:\/\/www.uv.mx\/prensa\/wp-json\/wp\/v2\/types\/post"}],"author":[{"embeddable":true,"href":"https:\/\/www.uv.mx\/prensa\/wp-json\/wp\/v2\/users\/1508"}],"replies":[{"embeddable":true,"href":"https:\/\/www.uv.mx\/prensa\/wp-json\/wp\/v2\/comments?post=65380"}],"version-history":[{"count":0,"href":"https:\/\/www.uv.mx\/prensa\/wp-json\/wp\/v2\/posts\/65380\/revisions"}],"wp:featuredmedia":[{"embeddable":true,"href":"https:\/\/www.uv.mx\/prensa\/wp-json\/wp\/v2\/media\/65376"}],"wp:attachment":[{"href":"https:\/\/www.uv.mx\/prensa\/wp-json\/wp\/v2\/media?parent=65380"}],"wp:term":[{"taxonomy":"category","embeddable":true,"href":"https:\/\/www.uv.mx\/prensa\/wp-json\/wp\/v2\/categories?post=65380"},{"taxonomy":"post_tag","embeddable":true,"href":"https:\/\/www.uv.mx\/prensa\/wp-json\/wp\/v2\/tags?post=65380"}],"curies":[{"name":"wp","href":"https:\/\/api.w.org\/{rel}","templated":true}]}}