{"id":65420,"date":"2019-04-03T15:15:03","date_gmt":"2019-04-03T21:15:03","guid":{"rendered":"https:\/\/www.uv.mx\/prensa\/?p=65420"},"modified":"2021-11-08T08:41:33","modified_gmt":"2021-11-08T14:41:33","slug":"en-el-marco-de-la-filu-osx-interpretara-la-consagracion-de-la-primavera","status":"publish","type":"post","link":"https:\/\/www.uv.mx\/prensa\/filu\/en-el-marco-de-la-filu-osx-interpretara-la-consagracion-de-la-primavera\/","title":{"rendered":"En el marco de la FILU, OSX interpretar\u00e1 <em>La consagraci\u00f3n de la primavera<\/em>"},"content":{"rendered":"<ul>\n<li data-leveltext=\"\uf0b7\" data-font=\"Symbol\" data-listid=\"3\" data-aria-posinset=\"1\" data-aria-level=\"1\"><i><span data-contrast=\"auto\">El brasile\u00f1o Eduardo Leandro<\/span><\/i><i><span data-contrast=\"auto\"> ser\u00e1 el director invitado<\/span><\/i><span data-ccp-props=\"{&quot;134233279&quot;:true,&quot;201341983&quot;:0,&quot;335559739&quot;:0,&quot;335559740&quot;:240}\">\u00a0<\/span><\/li>\n<\/ul>\n<p>&nbsp;<\/p>\n<div id=\"attachment_65417\" style=\"width: 732px\" class=\"wp-caption aligncenter\"><a href=\"https:\/\/www.uv.mx\/prensa\/files\/2019\/04\/030419-OSX.jpg\"><img aria-describedby=\"caption-attachment-65417\" decoding=\"async\" loading=\"lazy\" class=\"size-full wp-image-65417\" src=\"https:\/\/www.uv.mx\/prensa\/files\/2019\/04\/030419-OSX.jpg\" alt=\"\" width=\"722\" height=\"481\" srcset=\"https:\/\/www.uv.mx\/prensa\/files\/2019\/04\/030419-OSX.jpg 722w, https:\/\/www.uv.mx\/prensa\/files\/2019\/04\/030419-OSX-300x200.jpg 300w\" sizes=\"(max-width: 722px) 100vw, 722px\" \/><\/a><p id=\"caption-attachment-65417\" class=\"wp-caption-text\">Eduardo Leandro actualmente dirige la New York University Orchestra y la Stony Brook Symphony Orchestra<\/p><\/div>\n<p>&nbsp;<\/p>\n<p><b><i><span data-contrast=\"auto\">03\/04\/19, Xalapa, Ver.- <\/span><\/i><\/b><a href=\"http:\/\/www.orquestasinfonicadexalapa.com\/\"><span data-contrast=\"auto\">L<\/span><\/a><span data-contrast=\"auto\">a Orquesta Sinf\u00f3nica de Xalapa (OSX) de la Universidad Veracruzana (UV) celebra el inicio de la Feria Internacional del Libro Universitario (FILU) con el concierto <\/span><i><span data-contrast=\"auto\">La consagraci\u00f3n de la primavera<\/span><\/i> <span data-contrast=\"auto\">que ofrecer\u00e1<\/span><span data-contrast=\"auto\"> el viernes 5 de abril<\/span><span data-contrast=\"auto\">, d<\/span><span data-contrast=\"auto\">espu\u00e9s de dos semanas de gira por el norte de Veracruz y la Ciudad de M\u00e9xico<\/span><span data-contrast=\"auto\">.<\/span><span data-ccp-props=\"{&quot;201341983&quot;:0,&quot;335559739&quot;:0,&quot;335559740&quot;:240}\">\u00a0<\/span><\/p>\n<p><span data-contrast=\"auto\">Considerada como una de las obras m\u00e1s representativas de Igor Stravinski, <\/span><i><span data-contrast=\"auto\">La consagraci\u00f3n de la primavera<\/span><\/i><span data-contrast=\"auto\"> tiene su origen en el terreno del ballet y fue escrita alrededor de 1912-1913. Lo destacable en esta sinfon\u00eda \u2013a diferencia de sus predecesoras <\/span><i><span data-contrast=\"auto\">El p\u00e1jaro de fuego y <\/span><\/i><i><span data-contrast=\"auto\">Petrushka<\/span><\/i><span data-contrast=\"auto\">\u2013 es la ruptura<\/span><span data-contrast=\"auto\"> con la m\u00fasica descriptiva de los m\u00fasicos impresionistas de aquella \u00e9poca (esto pese a algunas influencias que puedan encontrarse en la obra).<\/span><span data-ccp-props=\"{&quot;201341983&quot;:0,&quot;335559731&quot;:708,&quot;335559739&quot;:0,&quot;335559740&quot;:240}\">\u00a0<\/span><\/p>\n<p><span data-contrast=\"auto\">Por otro lado, <\/span><span data-contrast=\"auto\">la m\u00fasica ya no est\u00e1 al servicio del c<\/span><span data-contrast=\"auto\">ore\u00f3grafo sino que se impone a \u00e9<\/span><span data-contrast=\"auto\">ste con pleno derecho, volvi\u00e9ndose total protagonista.<\/span><span data-ccp-props=\"{&quot;201341983&quot;:0,&quot;335559731&quot;:708,&quot;335559739&quot;:0,&quot;335559740&quot;:240}\">\u00a0<\/span><\/p>\n<p><span data-contrast=\"auto\">Bajo la batuta del brasile\u00f1o Eduardo Leandro, la O<\/span><span data-contrast=\"auto\">SX <\/span><span data-contrast=\"auto\">interpretar\u00e1 \u2013<\/span><span data-contrast=\"auto\">adem\u00e1s del famoso ballet de <\/span><span data-contrast=\"auto\">Stravinski<\/span><span data-contrast=\"auto\">\u2013<\/span><span data-contrast=\"auto\"> la obra del colombiano James D\u00edaz<\/span><span data-contrast=\"auto\">,<\/span> <i><span data-contrast=\"auto\">Espejos en el vac\u00edo<\/span><\/i><span data-contrast=\"auto\">, dando inicio con esta interpretaci\u00f3n a la vig\u00e9sima sexta edici\u00f3n de la FILU. El repertorio tambi\u00e9n contar\u00e1 con la pieza <\/span><i><span data-contrast=\"auto\">Peaux<\/span><\/i><span data-contrast=\"auto\">, <\/span><i><span data-contrast=\"auto\">de Pl\u00e9yades<\/span><\/i><span data-contrast=\"auto\"> de <\/span><span data-contrast=\"auto\">Iannis<\/span> <span data-contrast=\"auto\">Xenakis<\/span><span data-contrast=\"auto\"> (Francia).<\/span><span data-ccp-props=\"{&quot;201341983&quot;:0,&quot;335559739&quot;:0,&quot;335559740&quot;:240}\">\u00a0<\/span><\/p>\n<p><span data-contrast=\"auto\">La OSX ofrece un programa innovador en el que se podr\u00e1n apreciar diversas sonoridades, invitando al p\u00fablico a prestar atenci\u00f3n a cada pieza y perder el miedo que muchas veces se tiene a lo desconocido.<\/span><span data-ccp-props=\"{&quot;201341983&quot;:0,&quot;335559731&quot;:708,&quot;335559739&quot;:0,&quot;335559740&quot;:240}\">\u00a0<\/span><\/p>\n<p><span data-contrast=\"auto\">Eduardo Leandro es director art\u00edstico de <\/span><span data-contrast=\"auto\">Contemporary<\/span> <span data-contrast=\"auto\">Chamber<\/span> <span data-contrast=\"auto\">Players<\/span><span data-contrast=\"auto\">,<\/span><span data-contrast=\"auto\"> el nuevo conjunto musical de la Universidad de <\/span><span data-contrast=\"auto\">Stony<\/span> <span data-contrast=\"auto\">Brook<\/span><span data-contrast=\"auto\"> en Nueva York, en donde tambi\u00e9n se desempe\u00f1a como profesor asociado de percusi\u00f3n. <\/span><span data-contrast=\"auto\">H<\/span><span data-contrast=\"auto\">a realizado conciertos en tres continentes, incluyendo giras por Italia y Suiza durante la temporada pasada. Es miembro del <\/span><span data-contrast=\"auto\">New York New <\/span><span data-contrast=\"auto\">Music<\/span> <span data-contrast=\"auto\">Ensemble<\/span><span data-contrast=\"auto\"> y actualmente dirige con regularidad la <\/span><span data-contrast=\"auto\">New York <\/span><span data-contrast=\"auto\">University<\/span> <span data-contrast=\"auto\">Orchestra<\/span><span data-contrast=\"auto\">,<\/span><span data-contrast=\"auto\"> as\u00ed como la <\/span><span data-contrast=\"auto\">Stony<\/span> <span data-contrast=\"auto\">Brook<\/span> <span data-contrast=\"auto\">Symphony<\/span> <span data-contrast=\"auto\">Orchestra<\/span><span data-contrast=\"auto\">.<\/span><span data-ccp-props=\"{&quot;201341983&quot;:0,&quot;335559731&quot;:708,&quot;335559739&quot;:0,&quot;335559740&quot;:240}\">\u00a0<\/span><\/p>\n<p><span data-contrast=\"auto\">La cita es a las 20:30 horas en <\/span><span data-contrast=\"auto\">Tlaqn\u00e1<\/span><span data-contrast=\"auto\">, Centro Cultural. Los boletos se pueden adquirir en las oficinas de la OSX, de lunes a jueves de 9:00 a 14:30 horas, y en taquilla el d\u00eda del concierto, con un costo de 120, 80 y 30 pesos para estudiante<\/span><span data-contrast=\"auto\">s<\/span><span data-contrast=\"auto\"> al presentar su credencial vigente.<\/span><span data-ccp-props=\"{&quot;201341983&quot;:0,&quot;335559731&quot;:708,&quot;335559739&quot;:0,&quot;335559740&quot;:240}\">\u00a0<\/span><\/p>\n<p><span data-contrast=\"auto\">Para m\u00e1s informaci\u00f3n sobre las actividades de la OSX, consultar el sitio oficial <\/span><a href=\"http:\/\/www.orquestasinfonicadexalapa.com\"><span data-contrast=\"none\">www.orquestasinfonicadexalapa.com<\/span><\/a> <span data-contrast=\"auto\">o la p\u00e1gina en <\/span><i><span data-contrast=\"auto\">Facebook<\/span><\/i><span data-contrast=\"auto\">: Orquesta Sinf\u00f3nica de Xalapa<\/span><span data-contrast=\"auto\">.<\/span><span data-ccp-props=\"{&quot;201341983&quot;:0,&quot;335559731&quot;:708,&quot;335559739&quot;:0,&quot;335559740&quot;:240}\">\u00a0<\/span><\/p>\n<p>&nbsp;<\/p>\n","protected":false},"excerpt":{"rendered":"<p>Bajo la batuta del brasile\u00f1o Eduardo Leandro, la Orquesta Sinf\u00f3nica de Xalapa tambi\u00e9n ofrecer\u00e1 <em>Espejos en el vac\u00edo<\/em> del colombiano James D\u00edaz<\/p>\n","protected":false},"author":1508,"featured_media":65417,"comment_status":"closed","ping_status":"closed","sticky":false,"template":"","format":"standard","meta":[],"categories":[5128],"tags":[],"_links":{"self":[{"href":"https:\/\/www.uv.mx\/prensa\/wp-json\/wp\/v2\/posts\/65420"}],"collection":[{"href":"https:\/\/www.uv.mx\/prensa\/wp-json\/wp\/v2\/posts"}],"about":[{"href":"https:\/\/www.uv.mx\/prensa\/wp-json\/wp\/v2\/types\/post"}],"author":[{"embeddable":true,"href":"https:\/\/www.uv.mx\/prensa\/wp-json\/wp\/v2\/users\/1508"}],"replies":[{"embeddable":true,"href":"https:\/\/www.uv.mx\/prensa\/wp-json\/wp\/v2\/comments?post=65420"}],"version-history":[{"count":1,"href":"https:\/\/www.uv.mx\/prensa\/wp-json\/wp\/v2\/posts\/65420\/revisions"}],"predecessor-version":[{"id":104854,"href":"https:\/\/www.uv.mx\/prensa\/wp-json\/wp\/v2\/posts\/65420\/revisions\/104854"}],"wp:featuredmedia":[{"embeddable":true,"href":"https:\/\/www.uv.mx\/prensa\/wp-json\/wp\/v2\/media\/65417"}],"wp:attachment":[{"href":"https:\/\/www.uv.mx\/prensa\/wp-json\/wp\/v2\/media?parent=65420"}],"wp:term":[{"taxonomy":"category","embeddable":true,"href":"https:\/\/www.uv.mx\/prensa\/wp-json\/wp\/v2\/categories?post=65420"},{"taxonomy":"post_tag","embeddable":true,"href":"https:\/\/www.uv.mx\/prensa\/wp-json\/wp\/v2\/tags?post=65420"}],"curies":[{"name":"wp","href":"https:\/\/api.w.org\/{rel}","templated":true}]}}