{"id":65777,"date":"2019-04-08T13:09:40","date_gmt":"2019-04-08T18:09:40","guid":{"rendered":"https:\/\/www.uv.mx\/prensa\/?p=65777"},"modified":"2021-11-08T08:40:57","modified_gmt":"2021-11-08T14:40:57","slug":"historias-noveladas-pueden-ser-contrarelatos-de-hechos-historicos-daniel-ferreira","status":"publish","type":"post","link":"https:\/\/www.uv.mx\/prensa\/filu\/historias-noveladas-pueden-ser-contrarelatos-de-hechos-historicos-daniel-ferreira\/","title":{"rendered":"Historias noveladas pueden ser contrarrelatos de hechos hist\u00f3ricos: Daniel Ferreira"},"content":{"rendered":"<ul>\n<li data-leveltext=\"\u25cf\" data-font=\"Noto Sans Symbols\" data-listid=\"1\" data-aria-posinset=\"1\" data-aria-level=\"1\"><i><span data-contrast=\"none\">El escritor colombiano <\/span><\/i><i><span data-contrast=\"none\">present\u00f3 el libro <\/span><\/i><span data-contrast=\"none\">El a\u00f1o del Sol Negro<\/span><i><span data-contrast=\"none\"> en la FILU 2019<\/span><\/i><span data-ccp-props=\"{&quot;335551550&quot;:1,&quot;335551620&quot;:1,&quot;335559685&quot;:795,&quot;335559737&quot;:0,&quot;335559740&quot;:240,&quot;335559991&quot;:360}\">\u00a0<\/span><\/li>\n<li data-leveltext=\"\u25cf\" data-font=\"Noto Sans Symbols\" data-listid=\"1\" data-aria-posinset=\"2\" data-aria-level=\"1\"><i><span data-contrast=\"none\">El texto retrata hechos ocurridos en la <\/span><\/i><i><span data-contrast=\"auto\">B<\/span><\/i><i><span data-contrast=\"none\">atalla de Palonegro, conflicto b\u00e9lico ocurrido dentro de la <\/span><\/i><i><span data-contrast=\"auto\">G<\/span><\/i><i><span data-contrast=\"none\">uerra <\/span><\/i><i><span data-contrast=\"auto\">c<\/span><\/i><i><span data-contrast=\"none\">ivil colombiana de 1899<\/span><\/i><span data-ccp-props=\"{&quot;335551550&quot;:1,&quot;335551620&quot;:1,&quot;335559685&quot;:795,&quot;335559737&quot;:0,&quot;335559740&quot;:240,&quot;335559991&quot;:360}\">\u00a0<\/span><\/li>\n<\/ul>\n<div id=\"attachment_65718\" style=\"width: 732px\" class=\"wp-caption aligncenter\"><a href=\"https:\/\/www.uv.mx\/prensa\/files\/2019\/04\/070419-CARLOS-El-ano-del-Sol-negro-1.jpg\"><img aria-describedby=\"caption-attachment-65718\" decoding=\"async\" loading=\"lazy\" class=\"size-full wp-image-65718\" src=\"https:\/\/www.uv.mx\/prensa\/files\/2019\/04\/070419-CARLOS-El-ano-del-Sol-negro-1.jpg\" alt=\"\" width=\"722\" height=\"481\" srcset=\"https:\/\/www.uv.mx\/prensa\/files\/2019\/04\/070419-CARLOS-El-ano-del-Sol-negro-1.jpg 722w, https:\/\/www.uv.mx\/prensa\/files\/2019\/04\/070419-CARLOS-El-ano-del-Sol-negro-1-300x200.jpg 300w\" sizes=\"(max-width: 722px) 100vw, 722px\" \/><\/a><p id=\"caption-attachment-65718\" class=\"wp-caption-text\">Germ\u00e1n Mart\u00ednez y Omar Vald\u00e9s acompa\u00f1aron al autor<\/p><\/div>\n<p><b><i><span data-contrast=\"none\">Carlos Hugo Hermida Rosales<\/span><\/i><\/b><\/p>\n<p><b><i><span data-contrast=\"none\">07\/04\/2019. Xalapa, Ver. <\/span><\/i><\/b><span data-contrast=\"none\">El escr<\/span><span data-contrast=\"auto\">itor colombiano D<\/span><span data-contrast=\"none\">aniel Ferreira<\/span> <span data-contrast=\"none\">mencion\u00f3 que una historia novelada puede decir m\u00e1s cosas sobre la sociedad que un relato oficial<\/span><span data-contrast=\"auto\">, <\/span><span data-contrast=\"none\">y convertirse as\u00ed en un \u201ccontrarrelato\u201d de los hechos hist\u00f3ricos.\u00a0<\/span><span data-ccp-props=\"{}\">\u00a0<\/span><\/p>\n<p><span data-contrast=\"auto\">Ferreira, quien gan\u00f3 el Premio Latinoamericano a Primera Novela \u201cSergio Galindo\u201d2010, present\u00f3 el libro <\/span><i><span data-contrast=\"auto\">El a\u00f1o del Sol Negro<\/span><\/i><span data-contrast=\"auto\">, el 7 de abril en el sal\u00f3n \u201cRam\u00f3n Rodr\u00edguez\u201d del Complejo Deportivo Omega, <\/span><span data-contrast=\"none\">dentro de la Feria <\/span><span data-contrast=\"auto\">Internacional<\/span><span data-contrast=\"none\"> del Libro Universitario (FILU) 2019, realizada por la UV del 5 al 14 de abril en Xalapa.\u00a0<\/span><span data-ccp-props=\"{&quot;335559731&quot;:708}\">\u00a0<\/span><\/p>\n<p><span data-contrast=\"none\">En <\/span><span data-contrast=\"auto\">el evento <\/span><span data-contrast=\"none\">estuvo acompa\u00f1ado por <\/span><span data-contrast=\"auto\">Germ\u00e1n Mart\u00ednez Aceves, coordinador general de la FILU, y Omar Vald\u00e9s Ben\u00edtez, editor.<\/span><span data-ccp-props=\"{&quot;335559731&quot;:708}\">\u00a0<\/span><\/p>\n<p><span data-contrast=\"auto\">El libro <\/span><i><span data-contrast=\"auto\">El a\u00f1o del Sol Negro<\/span><\/i><span data-contrast=\"auto\">, retrata hechos de la Batalla de Palonegro, ocurrida dentro de la guerra de los mil d\u00edas, conflicto b\u00e9lico que tuvo lugar en Colombia entre 1899 y 1902.<\/span><span data-ccp-props=\"{&quot;335559731&quot;:708}\">\u00a0<\/span><\/p>\n<p><span data-contrast=\"auto\">Omar Vald\u00e9s mencion\u00f3 que este texto editado por Alfaguara es resultado de la experiencia del autor, transformada y exagerada por la literatura.<\/span><\/p>\n<div id=\"attachment_65719\" style=\"width: 732px\" class=\"wp-caption aligncenter\"><a href=\"https:\/\/www.uv.mx\/prensa\/files\/2019\/04\/070419-CARLOS-El-ano-del-Sol-negro-2.jpg\"><img aria-describedby=\"caption-attachment-65719\" decoding=\"async\" loading=\"lazy\" class=\"size-full wp-image-65719\" src=\"https:\/\/www.uv.mx\/prensa\/files\/2019\/04\/070419-CARLOS-El-ano-del-Sol-negro-2.jpg\" alt=\"\" width=\"722\" height=\"481\" srcset=\"https:\/\/www.uv.mx\/prensa\/files\/2019\/04\/070419-CARLOS-El-ano-del-Sol-negro-2.jpg 722w, https:\/\/www.uv.mx\/prensa\/files\/2019\/04\/070419-CARLOS-El-ano-del-Sol-negro-2-300x200.jpg 300w\" sizes=\"(max-width: 722px) 100vw, 722px\" \/><\/a><p id=\"caption-attachment-65719\" class=\"wp-caption-text\">El p\u00fablico estuvo atento a la presentaci\u00f3n del libro<\/p><\/div>\n<p><span data-contrast=\"auto\">Afirm\u00f3 que con esta y otras de sus obras <\/span><span data-contrast=\"none\">Daniel Ferreira busca ofrecer explicaciones narrativas a la debacle del sistema pol\u00edtico y cultural de Colombia.\u00a0<\/span><span data-ccp-props=\"{&quot;335559731&quot;:708}\">\u00a0<\/span><\/p>\n<p><span data-contrast=\"none\">\u201cEl libro es un proyecto duro y compasivo que intenta ponerse en el lugar de aquellos a quienes la historia y el progreso dej\u00f3 de lado, y que no cuentan con recursos para cambiar el rumbo de sus vidas\u201d, asegur\u00f3.<\/span><span data-ccp-props=\"{&quot;335559731&quot;:708}\">\u00a0<\/span><\/p>\n<p><span data-contrast=\"auto\">Germ\u00e1n Mart\u00ednez enfatiz\u00f3 que en esta obra el autor refleja la preocupaci\u00f3n por el ser humano y por qu\u00e9 es tan violento ante la vida.\u00a0<\/span><span data-ccp-props=\"{&quot;335559731&quot;:708}\">\u00a0<\/span><\/p>\n<p><span data-contrast=\"none\">\u201cDaniel Ferreiro cuestiona con una escritura magistral por qu\u00e9 el hombre debe realizar actos violentos para ser alguien en este planeta\u201d, enunci\u00f3.<\/span><span data-ccp-props=\"{&quot;335559731&quot;:708}\">\u00a0<\/span><\/p>\n<p><span data-contrast=\"none\">Las actividades de la FILU 2019 continuar\u00e1n hasta el domingo 14 de abril. <\/span><span data-contrast=\"auto\">M\u00e1s informaci\u00f3n en<\/span> <a href=\"https:\/\/www.uv.mx\/filu\"><span data-contrast=\"none\">www.uv.mx\/filu<\/span><\/a><span data-contrast=\"auto\">.<\/span><\/p>\n<div id=\"attachment_65733\" style=\"width: 732px\" class=\"wp-caption aligncenter\"><a href=\"https:\/\/www.uv.mx\/prensa\/files\/2019\/04\/070419-CARLOS-El-ano-del-Sol-negro-3.jpg\"><img aria-describedby=\"caption-attachment-65733\" decoding=\"async\" loading=\"lazy\" class=\"size-full wp-image-65733\" src=\"https:\/\/www.uv.mx\/prensa\/files\/2019\/04\/070419-CARLOS-El-ano-del-Sol-negro-3.jpg\" alt=\"\" width=\"722\" height=\"481\" srcset=\"https:\/\/www.uv.mx\/prensa\/files\/2019\/04\/070419-CARLOS-El-ano-del-Sol-negro-3.jpg 722w, https:\/\/www.uv.mx\/prensa\/files\/2019\/04\/070419-CARLOS-El-ano-del-Sol-negro-3-300x200.jpg 300w\" sizes=\"(max-width: 722px) 100vw, 722px\" \/><\/a><p id=\"caption-attachment-65733\" class=\"wp-caption-text\">Daniel Ferreira gan\u00f3 el Premio Latinoamericano a Primera Novela \u201cSergio Galindo\u201d, en 2010<\/p><\/div>\n","protected":false},"excerpt":{"rendered":"<p>Ferreira, quien gan\u00f3 el Premio Latinoamericano a Primera Novela \u201cSergio Galindo\u201d2010, present\u00f3 el libro El a\u00f1o del Sol Negro. <\/p>\n","protected":false},"author":1775,"featured_media":65733,"comment_status":"closed","ping_status":"closed","sticky":false,"template":"","format":"standard","meta":[],"categories":[5128],"tags":[],"_links":{"self":[{"href":"https:\/\/www.uv.mx\/prensa\/wp-json\/wp\/v2\/posts\/65777"}],"collection":[{"href":"https:\/\/www.uv.mx\/prensa\/wp-json\/wp\/v2\/posts"}],"about":[{"href":"https:\/\/www.uv.mx\/prensa\/wp-json\/wp\/v2\/types\/post"}],"author":[{"embeddable":true,"href":"https:\/\/www.uv.mx\/prensa\/wp-json\/wp\/v2\/users\/1775"}],"replies":[{"embeddable":true,"href":"https:\/\/www.uv.mx\/prensa\/wp-json\/wp\/v2\/comments?post=65777"}],"version-history":[{"count":1,"href":"https:\/\/www.uv.mx\/prensa\/wp-json\/wp\/v2\/posts\/65777\/revisions"}],"predecessor-version":[{"id":104831,"href":"https:\/\/www.uv.mx\/prensa\/wp-json\/wp\/v2\/posts\/65777\/revisions\/104831"}],"wp:featuredmedia":[{"embeddable":true,"href":"https:\/\/www.uv.mx\/prensa\/wp-json\/wp\/v2\/media\/65733"}],"wp:attachment":[{"href":"https:\/\/www.uv.mx\/prensa\/wp-json\/wp\/v2\/media?parent=65777"}],"wp:term":[{"taxonomy":"category","embeddable":true,"href":"https:\/\/www.uv.mx\/prensa\/wp-json\/wp\/v2\/categories?post=65777"},{"taxonomy":"post_tag","embeddable":true,"href":"https:\/\/www.uv.mx\/prensa\/wp-json\/wp\/v2\/tags?post=65777"}],"curies":[{"name":"wp","href":"https:\/\/api.w.org\/{rel}","templated":true}]}}