{"id":66256,"date":"2019-04-12T19:23:09","date_gmt":"2019-04-13T00:23:09","guid":{"rendered":"https:\/\/www.uv.mx\/prensa\/?p=66256"},"modified":"2021-11-08T08:40:06","modified_gmt":"2021-11-08T14:40:06","slug":"premio-la-ciencia-y-el-hombre-2019-fue-entregado-al-suplemento-jarocho-cuantico","status":"publish","type":"post","link":"https:\/\/www.uv.mx\/prensa\/filu\/premio-la-ciencia-y-el-hombre-2019-fue-entregado-al-suplemento-jarocho-cuantico\/","title":{"rendered":"Premio La Ciencia y el Hombre 2019 fue entregado al suplemento <em>Jarocho Cu\u00e1ntico<\/em>"},"content":{"rendered":"<ul>\n<li data-leveltext=\"\uf0b7\" data-font=\"Symbol\" data-listid=\"2\" data-aria-posinset=\"1\" data-aria-level=\"1\"><i><span data-contrast=\"auto\">Es el \u00fanico en su tipo <\/span><\/i><i><span data-contrast=\"auto\">en el estado de Veracruz<\/span><\/i><span data-ccp-props=\"{&quot;201341983&quot;:0,&quot;335559739&quot;:0,&quot;335559740&quot;:240}\">\u00a0<\/span><\/li>\n<li data-leveltext=\"\uf0b7\" data-font=\"Symbol\" data-listid=\"2\" data-aria-posinset=\"2\" data-aria-level=\"1\"><i><span data-contrast=\"auto\">El reconocimiento se dio en el marco de la FILU<\/span><\/i><span data-ccp-props=\"{&quot;201341983&quot;:0,&quot;335559739&quot;:0,&quot;335559740&quot;:240}\">\u00a0<\/span><\/li>\n<\/ul>\n<p>&nbsp;<\/p>\n<div id=\"attachment_66251\" style=\"width: 732px\" class=\"wp-caption aligncenter\"><a href=\"https:\/\/www.uv.mx\/prensa\/files\/2019\/04\/120419-FILU-Entrega-de-premio-La-Ciencia-y-el-Hombre-1.jpg\"><img aria-describedby=\"caption-attachment-66251\" decoding=\"async\" loading=\"lazy\" class=\"size-full wp-image-66251\" src=\"https:\/\/www.uv.mx\/prensa\/files\/2019\/04\/120419-FILU-Entrega-de-premio-La-Ciencia-y-el-Hombre-1.jpg\" alt=\"\" width=\"722\" height=\"481\" srcset=\"https:\/\/www.uv.mx\/prensa\/files\/2019\/04\/120419-FILU-Entrega-de-premio-La-Ciencia-y-el-Hombre-1.jpg 722w, https:\/\/www.uv.mx\/prensa\/files\/2019\/04\/120419-FILU-Entrega-de-premio-La-Ciencia-y-el-Hombre-1-300x200.jpg 300w\" sizes=\"(max-width: 722px) 100vw, 722px\" \/><\/a><p id=\"caption-attachment-66251\" class=\"wp-caption-text\">Germ\u00e1n Mart\u00ednez entreg\u00f3 el Premio La Ciencia y el Hombre 2019 a Lilia Albert, del suplemento de divulgaci\u00f3n cient\u00edfica <em>El Jarocho Cu\u00e1ntico<\/em><\/p><\/div>\n<p>&nbsp;<\/p>\n<p><b><i><span data-contrast=\"auto\">Jos\u00e9 Luis <\/span><\/i><\/b><b><i><span data-contrast=\"auto\">Couttolenc<\/span><\/i><\/b><b><i><span data-contrast=\"auto\"> Soto<\/span><\/i><\/b><span data-ccp-props=\"{&quot;201341983&quot;:0,&quot;335559739&quot;:0,&quot;335559740&quot;:240}\">\u00a0<\/span><\/p>\n<p><b><i><span data-contrast=\"auto\">12<\/span><\/i><\/b><b><i><span data-contrast=\"auto\">\/0<\/span><\/i><\/b><b><i><span data-contrast=\"auto\">4<\/span><\/i><\/b><b><i><span data-contrast=\"auto\">\/19<\/span><\/i><\/b><b><i><span data-contrast=\"auto\">, Xalapa, Ver.-<\/span><\/i><\/b><span data-contrast=\"auto\"> Por acuerdo del Comit\u00e9 Editorial <\/span><span data-contrast=\"auto\">de la revista <\/span><i><span data-contrast=\"auto\">La Ciencia y el Hombre<\/span><\/i><span data-contrast=\"auto\"> de la Universidad Veracruzana (UV), el vie<\/span><span data-contrast=\"auto\">rnes 12 de abril se entreg\u00f3 el P<\/span><span data-contrast=\"auto\">remio La Ciencia y el Hombre 2019 a <\/span><i><span data-contrast=\"auto\">Jarocho Cu\u00e1ntico<\/span><\/i><span data-contrast=\"auto\">, suplemento cient\u00edfico de <\/span><i><span data-contrast=\"auto\">La Jornada Veracruz<\/span><\/i><span data-contrast=\"auto\">, que representa un esfuerzo para socializar el conocimiento cient\u00edfico, considerando a la ciencia como el elemento primordial de la cultura de nuestro tiempo, argument\u00f3 Manuel Mart\u00ednez Morales, director de Comunicaci\u00f3n de la Ciencia de la casa de estudios.<\/span><span data-ccp-props=\"{&quot;201341983&quot;:0,&quot;335559739&quot;:0,&quot;335559740&quot;:240}\">\u00a0<\/span><\/p>\n<p><span data-contrast=\"auto\">La entrega del premio<\/span><span data-contrast=\"auto\"> la hizo Germ\u00e1n Mart\u00edne<\/span><span data-contrast=\"auto\">z Aceves, coordinador de la <\/span><span data-contrast=\"auto\">Feria Internacional del Libro Universitario (<\/span><span data-contrast=\"auto\">FILU<\/span><span data-contrast=\"auto\">)<\/span><span data-contrast=\"auto\"> 2019, y lo recibi\u00f3 Lilia Albert a nombre de la publicaci\u00f3n<\/span><span data-contrast=\"auto\">.<\/span><span data-ccp-props=\"{&quot;201341983&quot;:0,&quot;335559739&quot;:0,&quot;335559740&quot;:240}\">\u00a0<\/span><\/p>\n<p><span data-contrast=\"auto\">P<\/span><span data-contrast=\"auto\">osteriormente<\/span> <span data-contrast=\"auto\">se ley\u00f3 un <\/span><span data-contrast=\"auto\">mensaje que hizo llegar <\/span><span data-contrast=\"auto\">Mart\u00ednez Morales<\/span><span data-contrast=\"auto\">, <\/span><span data-contrast=\"auto\">quien <\/span><span data-contrast=\"auto\">por motivos de salud<\/span> <span data-contrast=\"auto\">no pudo estar presente.<\/span><span data-ccp-props=\"{&quot;201341983&quot;:0,&quot;335559731&quot;:708,&quot;335559739&quot;:0,&quot;335559740&quot;:240}\">\u00a0<\/span><\/p>\n<p><span data-contrast=\"auto\">En el texto reflexiona sobre el concepto de divulgaci\u00f3n de la ciencia<\/span><span data-contrast=\"auto\"> y<\/span><span data-contrast=\"auto\"> se\u00f1ala<\/span> <span data-contrast=\"auto\">que \u201cen su sentido m\u00e1s restringido se refiere simplemente a la traducci\u00f3n de conceptos y teor\u00edas cient\u00edficas, as\u00ed como a sus aplicaciones, ir del lenguaje t\u00e9cnico que se emplea para la comunicaci\u00f3n entre pares, a un lenguaje coloquial dirigido a p\u00fablicos espec\u00edficos empleando<\/span><span data-contrast=\"auto\">, a su vez,<\/span><span data-contrast=\"auto\"> tambi\u00e9n medios espec\u00edficos\u201d.<\/span><span data-ccp-props=\"{&quot;201341983&quot;:0,&quot;335559739&quot;:0,&quot;335559740&quot;:240}\">\u00a0<\/span><\/p>\n<p><span data-contrast=\"auto\">Se\u00f1al\u00f3 tambi\u00e9n que la ciencia tiene dos rostros: \u201cel luminoso<\/span><span data-contrast=\"auto\">,<\/span><span data-contrast=\"auto\"> orientado hacia el bienestar social y a que los individuos gocen de mejores co<\/span><span data-contrast=\"auto\">ndiciones en su vivir cotidiano;<\/span><span data-contrast=\"auto\"> y el lado oscuro<\/span><span data-contrast=\"auto\">,<\/span><span data-contrast=\"auto\"> orientado a aplicaciones cient\u00edficas destructivas o devastadoras del medio ambiente y las poblaciones que lo habitan\u201d.<\/span><span data-ccp-props=\"{&quot;201341983&quot;:0,&quot;335559739&quot;:0,&quot;335559740&quot;:240}\">\u00a0<\/span><\/p>\n<p><span data-contrast=\"auto\">A<\/span><span data-contrast=\"auto\"> siete a\u00f1os de la aparici\u00f3n de su primer ejemplar, <\/span><i><span data-contrast=\"auto\">El Jarocho Cu\u00e1ntico<\/span><\/i> <span data-contrast=\"auto\">concluy\u00f3 recientemente su primera \u00e9poca con 84 n\u00fameros publicados, y est\u00e1 pr\u00f3ximo a iniciar la segunda \u00e9poca para continuar difundiendo la ciencia.<\/span><span data-ccp-props=\"{&quot;201341983&quot;:0,&quot;335559731&quot;:708,&quot;335559739&quot;:0,&quot;335559740&quot;:240}\">\u00a0<\/span><\/p>\n<p><span data-contrast=\"auto\">El premio otorgado est\u00e1 representado en una pieza de cer\u00e1mica de a<\/span><span data-contrast=\"auto\">lta temperatura titulada <\/span><i><span data-contrast=\"auto\">Nube gris<\/span><\/i><span data-contrast=\"auto\">, que simboliza la nube de informaci\u00f3n que en ocasiones se hace densa, se compacta pero es <\/span><span data-contrast=\"auto\">posible sintetizar en algo tangible; es una obra perteneciente a la serie <\/span><i><span data-contrast=\"auto\">Pompas Galantes<\/span><\/i><span data-contrast=\"auto\">, y fue creada <\/span><i><span data-contrast=\"auto\">ex profeso<\/span><\/i><span data-contrast=\"auto\"> por Federico M\u00e9ndez, escultor y ceramista<\/span><span data-contrast=\"auto\">.<\/span><span data-ccp-props=\"{&quot;201341983&quot;:0,&quot;335559739&quot;:0,&quot;335559740&quot;:240}\">\u00a0<\/span><\/p>\n<p><span data-ccp-props=\"{&quot;201341983&quot;:0,&quot;335559739&quot;:0,&quot;335559740&quot;:240}\">\u00a0<\/span><\/p>\n<p><b><span data-contrast=\"auto\">La ciencia y tecnolog\u00eda, parte de la sociedad<\/span><\/b><span data-ccp-props=\"{&quot;201341983&quot;:0,&quot;335559739&quot;:0,&quot;335559740&quot;:240}\">\u00a0<\/span><\/p>\n<p><span data-contrast=\"auto\">Concluida la ceremonia de premiaci\u00f3n, Pablo Correa<\/span><span data-contrast=\"auto\"> Torres<\/span><span data-contrast=\"auto\">, periodista cient\u00edfico de <\/span><i><span data-contrast=\"auto\">El Espectador<\/span><\/i><span data-contrast=\"auto\">, peri\u00f3dico de circulaci\u00f3n nacional que se edita en Bogot\u00e1, Colombia, ofreci\u00f3 la conferencia <\/span><span data-contrast=\"auto\">\u201c<\/span><span data-contrast=\"auto\">Gabo<\/span><span data-contrast=\"auto\"> y el reloj en el tobillo de Einstein<\/span><span data-contrast=\"auto\">\u201d<\/span><span data-contrast=\"auto\">, en la que se refiri\u00f3 al papel que debe jugar un periodista convertido en comunicador de la ciencia hacia la sociedad.<\/span><span data-ccp-props=\"{&quot;201341983&quot;:0,&quot;335559739&quot;:0,&quot;335559740&quot;:240}\">\u00a0<\/span><\/p>\n<p><span data-contrast=\"auto\">Refiri\u00f3 que 15 a\u00f1os de ejercicio period\u00edstico le ha<\/span><span data-contrast=\"auto\">n<\/span><span data-contrast=\"auto\"> ense\u00f1ado a verificar la informaci\u00f3n \u201cen un mundo que est\u00e1 inundado de noticias falsas; tambi\u00e9n <\/span><span data-contrast=\"auto\">he aprendido<\/span><span data-contrast=\"auto\"> a no ser obediente ante la autoridad, sino ser leal a los hechos, y me ha vacunado contra algunos problemas del mundo contempor\u00e1neo en el que vivimos\u201d.<\/span><span data-ccp-props=\"{&quot;201341983&quot;:0,&quot;335559739&quot;:0,&quot;335559740&quot;:240}\">\u00a0<\/span><\/p>\n<p><span data-contrast=\"auto\">Indic\u00f3 que la ciencia y la tecnolog\u00eda, por parte de una sociedad, conduce a una brecha m\u00e1s peligrosa y de desigualdad en el bienestar de los seres humanos; lo contrario, dijo, la marginaci\u00f3n cr\u00edtica y reflexiva de la humanidad<\/span><span data-contrast=\"auto\">,<\/span><span data-contrast=\"auto\"> puede conducir a una deshumanizaci\u00f3n.<\/span><span data-ccp-props=\"{&quot;201341983&quot;:0,&quot;335559739&quot;:0,&quot;335559740&quot;:240}\">\u00a0<\/span><\/p>\n<p><span data-contrast=\"auto\">Al t\u00e9rmino de su exposici\u00f3n, extern\u00f3 su opini\u00f3n cr\u00edtica en el sentido de que en el panorama intelectual latinoamericano, \u201cseguimos aplaudiendo con mucha rapidez la ret\u00f3rica antes que la solidez de las ideas, y la veracidad de los datos\u201d.<\/span><span data-ccp-props=\"{&quot;201341983&quot;:0,&quot;335559739&quot;:0,&quot;335559740&quot;:240}\">\u00a0<\/span><\/p>\n<p>&nbsp;<\/p>\n<div id=\"attachment_66253\" style=\"width: 732px\" class=\"wp-caption aligncenter\"><a href=\"https:\/\/www.uv.mx\/prensa\/files\/2019\/04\/120419-FILU-Entrega-del-premio-La-Ciencia-y-el-Hombre-2.jpg\"><img aria-describedby=\"caption-attachment-66253\" decoding=\"async\" loading=\"lazy\" class=\"size-full wp-image-66253\" src=\"https:\/\/www.uv.mx\/prensa\/files\/2019\/04\/120419-FILU-Entrega-del-premio-La-Ciencia-y-el-Hombre-2.jpg\" alt=\"\" width=\"722\" height=\"481\" srcset=\"https:\/\/www.uv.mx\/prensa\/files\/2019\/04\/120419-FILU-Entrega-del-premio-La-Ciencia-y-el-Hombre-2.jpg 722w, https:\/\/www.uv.mx\/prensa\/files\/2019\/04\/120419-FILU-Entrega-del-premio-La-Ciencia-y-el-Hombre-2-300x200.jpg 300w\" sizes=\"(max-width: 722px) 100vw, 722px\" \/><\/a><p id=\"caption-attachment-66253\" class=\"wp-caption-text\">Pablo Correa Torres, periodista de <em>El Espectador<\/em>, de Bogot\u00e1, Colombia<\/p><\/div>\n","protected":false},"excerpt":{"rendered":"<p>Pablo Correa Torres, periodista cient\u00edfico de <em>El Espectador<\/em> peri\u00f3dico de Bogot\u00e1, Colombia, ofreci\u00f3 la conferencia \u201cGabo y el reloj en el tobillo de Einstein\u201d<\/p>\n","protected":false},"author":1508,"featured_media":66251,"comment_status":"closed","ping_status":"closed","sticky":false,"template":"","format":"standard","meta":[],"categories":[5128],"tags":[],"_links":{"self":[{"href":"https:\/\/www.uv.mx\/prensa\/wp-json\/wp\/v2\/posts\/66256"}],"collection":[{"href":"https:\/\/www.uv.mx\/prensa\/wp-json\/wp\/v2\/posts"}],"about":[{"href":"https:\/\/www.uv.mx\/prensa\/wp-json\/wp\/v2\/types\/post"}],"author":[{"embeddable":true,"href":"https:\/\/www.uv.mx\/prensa\/wp-json\/wp\/v2\/users\/1508"}],"replies":[{"embeddable":true,"href":"https:\/\/www.uv.mx\/prensa\/wp-json\/wp\/v2\/comments?post=66256"}],"version-history":[{"count":1,"href":"https:\/\/www.uv.mx\/prensa\/wp-json\/wp\/v2\/posts\/66256\/revisions"}],"predecessor-version":[{"id":104772,"href":"https:\/\/www.uv.mx\/prensa\/wp-json\/wp\/v2\/posts\/66256\/revisions\/104772"}],"wp:featuredmedia":[{"embeddable":true,"href":"https:\/\/www.uv.mx\/prensa\/wp-json\/wp\/v2\/media\/66251"}],"wp:attachment":[{"href":"https:\/\/www.uv.mx\/prensa\/wp-json\/wp\/v2\/media?parent=66256"}],"wp:term":[{"taxonomy":"category","embeddable":true,"href":"https:\/\/www.uv.mx\/prensa\/wp-json\/wp\/v2\/categories?post=66256"},{"taxonomy":"post_tag","embeddable":true,"href":"https:\/\/www.uv.mx\/prensa\/wp-json\/wp\/v2\/tags?post=66256"}],"curies":[{"name":"wp","href":"https:\/\/api.w.org\/{rel}","templated":true}]}}