{"id":66289,"date":"2019-04-12T20:14:08","date_gmt":"2019-04-13T01:14:08","guid":{"rendered":"https:\/\/www.uv.mx\/prensa\/?p=66289"},"modified":"2021-11-08T08:40:05","modified_gmt":"2021-11-08T14:40:05","slug":"direccion-de-difusion-cultural-presento-el-programa-musica-y-arte-en-movimiento","status":"publish","type":"post","link":"https:\/\/www.uv.mx\/prensa\/filu\/direccion-de-difusion-cultural-presento-el-programa-musica-y-arte-en-movimiento\/","title":{"rendered":"Direcci\u00f3n de Difusi\u00f3n Cultural present\u00f3  el programa M\u00fasica y Arte en Movimiento"},"content":{"rendered":"<ul>\n<li data-leveltext=\"\uf0b7\" data-font=\"Symbol\" data-listid=\"1\" data-aria-posinset=\"1\" data-aria-level=\"1\"><i><span data-contrast=\"auto\">En la FILU 2019, <\/span><\/i><i><span data-contrast=\"auto\">en evento presidido por <\/span><\/i><i><span data-contrast=\"auto\">Rafael Alcal\u00e1, Rey Alejandro Conde<\/span><\/i><i><span data-contrast=\"auto\"> y <\/span><\/i><i><span data-contrast=\"auto\">Lourdes Jim\u00e9nez<\/span><\/i><span data-ccp-props=\"{&quot;134233279&quot;:true}\">\u00a0<\/span><\/li>\n<\/ul>\n<p>&nbsp;<\/p>\n<div id=\"attachment_66291\" style=\"width: 732px\" class=\"wp-caption aligncenter\"><a href=\"https:\/\/www.uv.mx\/prensa\/files\/2019\/04\/120419-PACHECO-Musica-y-arte-en-movimiento.jpg\"><img aria-describedby=\"caption-attachment-66291\" decoding=\"async\" loading=\"lazy\" class=\"size-full wp-image-66291\" src=\"https:\/\/www.uv.mx\/prensa\/files\/2019\/04\/120419-PACHECO-Musica-y-arte-en-movimiento.jpg\" alt=\"\" width=\"722\" height=\"426\" srcset=\"https:\/\/www.uv.mx\/prensa\/files\/2019\/04\/120419-PACHECO-Musica-y-arte-en-movimiento.jpg 722w, https:\/\/www.uv.mx\/prensa\/files\/2019\/04\/120419-PACHECO-Musica-y-arte-en-movimiento-300x177.jpg 300w\" sizes=\"(max-width: 722px) 100vw, 722px\" \/><\/a><p id=\"caption-attachment-66291\" class=\"wp-caption-text\">M\u00fasica y proyecci\u00f3n f\u00edlmica para los ni\u00f1os invitados<\/p><\/div>\n<p>&nbsp;<\/p>\n<p><b><i><span data-contrast=\"auto\">Jo<\/span><\/i><\/b><b><i><span data-contrast=\"auto\">rge V\u00e1zquez Pacheco<\/span><\/i><\/b><span data-ccp-props=\"{&quot;134233279&quot;:true,&quot;335559685&quot;:720}\">\u00a0<\/span><\/p>\n<p><b><i><span data-contrast=\"auto\">12\/04\/19<\/span><\/i><\/b><b><i><span data-contrast=\"auto\">, <\/span><\/i><\/b><b><i><span data-contrast=\"auto\">Xalapa, <\/span><\/i><\/b><b><i><span data-contrast=\"auto\">Ver<\/span><\/i><\/b><b><i><span data-contrast=\"auto\">.<\/span><\/i><\/b><b><i><span data-contrast=\"auto\">&#8211;<\/span><\/i><\/b> <span data-contrast=\"auto\">En<\/span><span data-contrast=\"auto\"> la Feria Internacional del Libro Universitario <\/span><span data-contrast=\"auto\">(FILU) <\/span><span data-contrast=\"auto\">2019 fue presentado el programa <\/span><span data-contrast=\"auto\">M\u00fasica y Arte en Movimiento<\/span><span data-contrast=\"auto\">,<\/span> <span data-contrast=\"auto\">en acto presidido por el director general de <\/span><span data-contrast=\"auto\">Difusi\u00f3n Cultural<\/span><span data-contrast=\"auto\">,<\/span><span data-contrast=\"auto\"> Rafael Alcal\u00e1 Hino<\/span><span data-contrast=\"auto\">josa, <\/span><span data-contrast=\"auto\">con presencia d<\/span><span data-contrast=\"auto\">e<\/span><span data-contrast=\"auto\"> Rey Alejandro Conde,<\/span><span data-contrast=\"auto\"> director de Grupos Art\u00edsticos<\/span><span data-contrast=\"auto\">, <\/span><span data-contrast=\"auto\">y de la coordinadora de dicho<\/span><span data-contrast=\"auto\"> programa, <\/span><span data-contrast=\"auto\">Lourdes Jim\u00e9nez Mora.<\/span><span data-ccp-props=\"{}\">\u00a0<\/span><\/p>\n<p><span data-contrast=\"auto\">Ante la presencia de decenas de ni\u00f1os estudiantes <\/span><span data-contrast=\"auto\">de primaria <\/span><span data-contrast=\"auto\">invitados al acto, Alcal\u00e1 Hinojosa <\/span><span data-contrast=\"auto\">indic\u00f3 <\/span><span data-contrast=\"auto\">que la finalidad es convertir el programa en elemento articulador entre Difusi\u00f3n Cultural UV y facultades, institutos y dem\u00e1s organismos, as\u00ed como fortalecer la promoci\u00f3n art\u00edstica y de los grupos que funcionan <\/span><span data-contrast=\"auto\">a<\/span><span data-contrast=\"auto\">l interi<\/span><span data-contrast=\"auto\">or de la UV hacia la comunidad.<\/span><span data-ccp-props=\"{}\">\u00a0<\/span><\/p>\n<p><span data-contrast=\"auto\">\u201cDes<\/span><span data-contrast=\"auto\">eamos no s\u00f3lo p\u00fablicos cautivos,<\/span><span data-contrast=\"auto\"> tambi\u00e9n que sean sensibles y conscientes de su entorno. Por eso trabajaremos con chicos y j\u00f3venes, as\u00ed como con los grupos m\u00e1s vulnerables de<\/span><span data-contrast=\"auto\"> la sociedad. De <\/span><span data-contrast=\"auto\">la misma forma, <\/span><span data-contrast=\"auto\">se promover\u00e1 la participaci\u00f3n ciudadana en eventos culturales.\u201d<\/span><span data-ccp-props=\"{&quot;335559731&quot;:708}\">\u00a0<\/span><\/p>\n<p><span data-contrast=\"auto\">Jim\u00e9nez Mora <\/span><span data-contrast=\"auto\">subray\u00f3 el inicio de talleres <\/span><span data-contrast=\"auto\">de arte que llegar<\/span><span data-contrast=\"auto\">\u00e1n<\/span><span data-contrast=\"auto\"> a escuelas o centros <\/span><span data-contrast=\"auto\">comunitarios con <\/span><span data-contrast=\"auto\">recitales, conciertos did\u00e1cticos<\/span><span data-contrast=\"auto\"> y obras teatrales, todo generado desde la Universidad<\/span><span data-contrast=\"auto\">.<\/span><span data-ccp-props=\"{&quot;335559731&quot;:708}\">\u00a0<\/span><\/p>\n<p><span data-contrast=\"auto\">Finalmente, alumnos y egresados presentaron ante los numerosos jovencitos <\/span><i><span data-contrast=\"auto\">Una aventura salvaje<\/span><\/i><span data-contrast=\"auto\">, m\u00fasica complementada con proyecci\u00f3n cinematogr\u00e1fica.<\/span><span data-ccp-props=\"{&quot;335559731&quot;:708}\">\u00a0<\/span><\/p>\n","protected":false},"excerpt":{"rendered":"<p>Rafael Alcal\u00e1 Hinojosa indic\u00f3 que se busca convertir el programa en elemento articulador entre Difusi\u00f3n Cultural y otras entidades<\/p>\n","protected":false},"author":1508,"featured_media":66291,"comment_status":"closed","ping_status":"closed","sticky":false,"template":"","format":"standard","meta":[],"categories":[5128],"tags":[],"_links":{"self":[{"href":"https:\/\/www.uv.mx\/prensa\/wp-json\/wp\/v2\/posts\/66289"}],"collection":[{"href":"https:\/\/www.uv.mx\/prensa\/wp-json\/wp\/v2\/posts"}],"about":[{"href":"https:\/\/www.uv.mx\/prensa\/wp-json\/wp\/v2\/types\/post"}],"author":[{"embeddable":true,"href":"https:\/\/www.uv.mx\/prensa\/wp-json\/wp\/v2\/users\/1508"}],"replies":[{"embeddable":true,"href":"https:\/\/www.uv.mx\/prensa\/wp-json\/wp\/v2\/comments?post=66289"}],"version-history":[{"count":1,"href":"https:\/\/www.uv.mx\/prensa\/wp-json\/wp\/v2\/posts\/66289\/revisions"}],"predecessor-version":[{"id":104767,"href":"https:\/\/www.uv.mx\/prensa\/wp-json\/wp\/v2\/posts\/66289\/revisions\/104767"}],"wp:featuredmedia":[{"embeddable":true,"href":"https:\/\/www.uv.mx\/prensa\/wp-json\/wp\/v2\/media\/66291"}],"wp:attachment":[{"href":"https:\/\/www.uv.mx\/prensa\/wp-json\/wp\/v2\/media?parent=66289"}],"wp:term":[{"taxonomy":"category","embeddable":true,"href":"https:\/\/www.uv.mx\/prensa\/wp-json\/wp\/v2\/categories?post=66289"},{"taxonomy":"post_tag","embeddable":true,"href":"https:\/\/www.uv.mx\/prensa\/wp-json\/wp\/v2\/tags?post=66289"}],"curies":[{"name":"wp","href":"https:\/\/api.w.org\/{rel}","templated":true}]}}