{"id":66328,"date":"2019-04-12T21:22:24","date_gmt":"2019-04-13T02:22:24","guid":{"rendered":"https:\/\/www.uv.mx\/prensa\/?p=66328"},"modified":"2021-11-08T08:39:42","modified_gmt":"2021-11-08T14:39:42","slug":"presentan-a-ganadores-de-los-premios-tierra-adentro-2018","status":"publish","type":"post","link":"https:\/\/www.uv.mx\/prensa\/filu\/presentan-a-ganadores-de-los-premios-tierra-adentro-2018\/","title":{"rendered":"Presentaron a ganadores de los Premios Tierra Adentro 2018"},"content":{"rendered":"<ul>\n<li data-leveltext=\"\uf0b7\" data-font=\"Symbol\" data-listid=\"1\" data-aria-posinset=\"1\" data-aria-level=\"1\"><i><span data-contrast=\"auto\">Se trat\u00f3 de <\/span><\/i><span data-contrast=\"auto\">Valentino Clemens y los chicos perdidos del <\/span><span data-contrast=\"auto\">wonder<\/span><span data-contrast=\"auto\">-nada<\/span><i><span data-contrast=\"auto\">, de Isabel Quiroz, y <\/span><\/i><span data-contrast=\"auto\">Cosmos nocturno<\/span><i><span data-contrast=\"auto\">, de Gerardo Lima<\/span><\/i><span data-ccp-props=\"{&quot;134233279&quot;:true,&quot;201341983&quot;:0,&quot;335559739&quot;:160,&quot;335559740&quot;:240}\">\u00a0<\/span><\/li>\n<\/ul>\n<p>&nbsp;<\/p>\n<div id=\"attachment_66195\" style=\"width: 732px\" class=\"wp-caption aligncenter\"><a href=\"https:\/\/www.uv.mx\/prensa\/files\/2019\/04\/110419-PAOLA-FILU-Premio-Tierra-Adentro-1.jpg\"><img aria-describedby=\"caption-attachment-66195\" decoding=\"async\" loading=\"lazy\" class=\"size-full wp-image-66195\" src=\"https:\/\/www.uv.mx\/prensa\/files\/2019\/04\/110419-PAOLA-FILU-Premio-Tierra-Adentro-1.jpg\" alt=\"\" width=\"722\" height=\"481\" srcset=\"https:\/\/www.uv.mx\/prensa\/files\/2019\/04\/110419-PAOLA-FILU-Premio-Tierra-Adentro-1.jpg 722w, https:\/\/www.uv.mx\/prensa\/files\/2019\/04\/110419-PAOLA-FILU-Premio-Tierra-Adentro-1-300x200.jpg 300w\" sizes=\"(max-width: 722px) 100vw, 722px\" \/><\/a><p id=\"caption-attachment-66195\" class=\"wp-caption-text\">Las obras fueron presentadas por Nidia Vincent, Isabel Quiroz, Gerardo Lima y Luis Meneses<\/p><\/div>\n<p>&nbsp;<\/p>\n<p><b><i><span data-contrast=\"auto\">Paola Cort\u00e9s P\u00e9rez<\/span><\/i><\/b><span data-ccp-props=\"{&quot;201341983&quot;:0,&quot;335559739&quot;:160,&quot;335559740&quot;:240}\">\u00a0<\/span><\/p>\n<p><b><i><span data-contrast=\"auto\">12<\/span><\/i><\/b><b><i><span data-contrast=\"auto\">\/04\/19, Xalapa, Ver.-<\/span><\/i><\/b> <span data-contrast=\"auto\">L<\/span><span data-contrast=\"auto\">a XXVI Feria Internacional del Libro Universitario (FILU) <\/span><span data-contrast=\"auto\">2019 <\/span><span data-contrast=\"auto\">fue el escenario id\u00f3neo para<\/span> <span data-contrast=\"auto\">presentar<\/span><span data-contrast=\"auto\"> las obras <\/span><span data-contrast=\"auto\">de los ganadores de los Premios Nacionales de Literatura Tierra Adentro 2018, a cargo de <\/span><span data-contrast=\"auto\">Nidia <\/span><span data-contrast=\"auto\">Vincent<\/span><span data-contrast=\"auto\"> Ortega<\/span><span data-contrast=\"auto\"> y <\/span><span data-contrast=\"auto\">Luis David Meneses<\/span><span data-contrast=\"auto\">, acad\u00e9micos de la <a href=\"https:\/\/www.uv.mx\/letrasesp\/\">Facultad de Letras Espa\u00f1olas<\/a> de la Universidad Veracruzana (UV).<\/span><span data-ccp-props=\"{&quot;201341983&quot;:0,&quot;335559739&quot;:160,&quot;335559740&quot;:240}\">\u00a0<\/span><\/p>\n<p><span data-contrast=\"auto\">El evento se llev\u00f3 a cabo en el Sal\u00f3n <\/span><span data-contrast=\"auto\">\u201c<\/span><span data-contrast=\"auto\">Emilio <\/span><span data-contrast=\"auto\">Carballido<\/span><span data-contrast=\"auto\">\u201d<\/span><span data-contrast=\"auto\"> del Complejo Deportivo Omega, el jueves 11 de abril, en el que estuvieron presentes los ganadores de los Premio<\/span><span data-contrast=\"auto\">s Nacionales de Cuent<\/span><span data-contrast=\"auto\">o Breve <\/span><span data-contrast=\"auto\">\u201c<\/span><span data-contrast=\"auto\">Julio <\/span><span data-contrast=\"auto\">Torri<\/span><span data-contrast=\"auto\">\u201d<\/span><span data-contrast=\"auto\"> y de Dramaturgia Joven <\/span><span data-contrast=\"auto\">\u201c<\/span><span data-contrast=\"auto\">Gerardo Mancebo del Castillo<\/span><span data-contrast=\"auto\">\u201d:<\/span><span data-contrast=\"auto\"> Gerardo Lima <\/span><span data-contrast=\"auto\">con <\/span><i><span data-contrast=\"auto\">Cosmos nocturno<\/span><\/i><span data-contrast=\"auto\">, <\/span><span data-contrast=\"auto\">e<\/span><span data-contrast=\"auto\"> Isabel Quiroz<\/span><span data-contrast=\"auto\"> con <\/span><i><span data-contrast=\"auto\">Valentino Clemens y los chicos perdidos del <\/span><\/i><i><span data-contrast=\"auto\">wonder<\/span><\/i><i><span data-contrast=\"auto\">-nada<\/span><\/i><span data-contrast=\"auto\">, respectivamente.<\/span><span data-ccp-props=\"{&quot;201341983&quot;:0,&quot;335559731&quot;:708,&quot;335559739&quot;:160,&quot;335559740&quot;:240}\">\u00a0<\/span><\/p>\n<p><span data-contrast=\"auto\">Nidia <\/span><span data-contrast=\"auto\">Vincent<\/span><span data-contrast=\"auto\"> coment\u00f3 que <\/span><i><span data-contrast=\"auto\">Valentino Clemens y los chicos perdidos del <\/span><\/i><i><span data-contrast=\"auto\">wonder<\/span><\/i><i><span data-contrast=\"auto\">-nada<\/span><\/i> <span data-contrast=\"auto\">se trata de un texto principalmente dial\u00f3gico, esto significa que la autora le da un peso importante <\/span><span data-contrast=\"auto\">al hablar, especialmente en esta<\/span><span data-contrast=\"auto\"> sociedad a la que le pareciera no importarle mucho.<\/span><span data-ccp-props=\"{&quot;201341983&quot;:0,&quot;335559731&quot;:708,&quot;335559739&quot;:160,&quot;335559740&quot;:240}\">\u00a0<\/span><\/p>\n<p><span data-contrast=\"auto\">Isabel Quiroz<\/span><span data-contrast=\"auto\">, egresada de la Facultad de Teatro de esta casa de estudios,<\/span> <span data-contrast=\"auto\">cont\u00f3 que desde peque\u00f1a tuvo un acercamiento con las artes, pero fue al participar en los Talleres Libres de Arte que imparte<\/span><span data-contrast=\"auto\">n<\/span><span data-contrast=\"auto\"> la UV que se enamor\u00f3 a primera vista del teatro. En relaci\u00f3n a su obra, dijo que<\/span><span data-contrast=\"auto\"> habla de un grupo de amigos que, procedentes de hogares rotos, se convierten en familia.<\/span><span data-ccp-props=\"{&quot;201341983&quot;:0,&quot;335559731&quot;:708,&quot;335559739&quot;:160,&quot;335559740&quot;:240}\">\u00a0<\/span><\/p>\n<p>&nbsp;<\/p>\n<div id=\"attachment_66196\" style=\"width: 732px\" class=\"wp-caption aligncenter\"><a href=\"https:\/\/www.uv.mx\/prensa\/files\/2019\/04\/110419-PAOLA-FILU-Premio-Tierra-Adentro-2.jpg\"><img aria-describedby=\"caption-attachment-66196\" decoding=\"async\" loading=\"lazy\" class=\"size-full wp-image-66196\" src=\"https:\/\/www.uv.mx\/prensa\/files\/2019\/04\/110419-PAOLA-FILU-Premio-Tierra-Adentro-2.jpg\" alt=\"\" width=\"722\" height=\"481\" srcset=\"https:\/\/www.uv.mx\/prensa\/files\/2019\/04\/110419-PAOLA-FILU-Premio-Tierra-Adentro-2.jpg 722w, https:\/\/www.uv.mx\/prensa\/files\/2019\/04\/110419-PAOLA-FILU-Premio-Tierra-Adentro-2-300x200.jpg 300w\" sizes=\"(max-width: 722px) 100vw, 722px\" \/><\/a><p id=\"caption-attachment-66196\" class=\"wp-caption-text\">Isabel Quiroz gan\u00f3 el Premio Nacional de Dramaturgia Joven \u201cGerardo Mancebo del Castillo\u201d<\/p><\/div>\n<p>&nbsp;<\/p>\n<p><span data-contrast=\"auto\">Luis Meneses opin\u00f3 que el premio que se otorga al cuento breve es uno de los m\u00e1s importantes de la literatura juvenil, y en referencia a <\/span><i><span data-contrast=\"auto\">Cosmos nocturno<\/span><\/i><span data-contrast=\"auto\"> mencion\u00f3 que se integra por 21 cuentos breves \u2013que no exceden de <\/span><span data-contrast=\"auto\">tres cuartillas\u2013, lo que permite<\/span><span data-contrast=\"auto\"> al autor centrar<\/span><span data-contrast=\"auto\">se<\/span><span data-contrast=\"auto\"> en un solo tema para desarrollarlo.<\/span><span data-ccp-props=\"{&quot;201341983&quot;:0,&quot;335559731&quot;:708,&quot;335559739&quot;:160,&quot;335559740&quot;:240}\">\u00a0<\/span><\/p>\n<p><span data-contrast=\"auto\">\u201cAbarca una pluralidad de temas, es como una serie de investigaciones sobre temas cl\u00e1sicos del cuento. Es uno de los pocos libros de cuento <\/span><span data-contrast=\"auto\">contempor\u00e1neo que puede leerse en voz alta.\u201d<\/span><span data-ccp-props=\"{&quot;201341983&quot;:0,&quot;335559731&quot;:708,&quot;335559739&quot;:160,&quot;335559740&quot;:240}\">\u00a0<\/span><\/p>\n<p><span data-contrast=\"auto\">Gerardo Lima record\u00f3 que desde ni\u00f1o gustaba de leer a Edgar Allan Poe, pero su escritor favorito es <\/span><span data-contrast=\"auto\">Howard Phillips <\/span><span data-contrast=\"auto\">Lovecraft<\/span><span data-contrast=\"auto\"> (conocido como H.P. <\/span><span data-contrast=\"auto\">Lovecraft<\/span><span data-contrast=\"auto\">).<\/span><span data-ccp-props=\"{&quot;201341983&quot;:0,&quot;335559731&quot;:708,&quot;335559739&quot;:160,&quot;335559740&quot;:240}\">\u00a0<\/span><\/p>\n<p><span data-contrast=\"auto\">Detall\u00f3 que el libro, el cual escribi\u00f3 mientras estaba enfermo de neuropat\u00eda, est\u00e1 integrado por una serie de <\/span><span data-contrast=\"auto\">cuentos raros, relatos breves muy pl\u00e1sticos y oscuros, donde predominan el color amarillo, el dolor, los insectos y criaturas extra\u00f1as y se detona la fantas\u00eda a trav\u00e9s de algo doloroso como el sufrimiento f\u00edsico.<\/span><span data-ccp-props=\"{&quot;201341983&quot;:0,&quot;335559731&quot;:708,&quot;335559739&quot;:160,&quot;335559740&quot;:240}\">\u00a0<\/span><\/p>\n<p>&nbsp;<\/p>\n<div id=\"attachment_66197\" style=\"width: 732px\" class=\"wp-caption aligncenter\"><a href=\"https:\/\/www.uv.mx\/prensa\/files\/2019\/04\/110419-PAOLA-FILU-Premio-Tierra-Adentro-3.jpg\"><img aria-describedby=\"caption-attachment-66197\" decoding=\"async\" loading=\"lazy\" class=\"size-full wp-image-66197\" src=\"https:\/\/www.uv.mx\/prensa\/files\/2019\/04\/110419-PAOLA-FILU-Premio-Tierra-Adentro-3.jpg\" alt=\"\" width=\"722\" height=\"482\" srcset=\"https:\/\/www.uv.mx\/prensa\/files\/2019\/04\/110419-PAOLA-FILU-Premio-Tierra-Adentro-3.jpg 722w, https:\/\/www.uv.mx\/prensa\/files\/2019\/04\/110419-PAOLA-FILU-Premio-Tierra-Adentro-3-300x200.jpg 300w\" sizes=\"(max-width: 722px) 100vw, 722px\" \/><\/a><p id=\"caption-attachment-66197\" class=\"wp-caption-text\">Gerardo Lima es el ganador del Premio Nacional de Cuento Breve \u201cJulio Torri\u201d<\/p><\/div>\n","protected":false},"excerpt":{"rendered":"<p>Cuento Breve \u201cJulio Torri\u201d: Gerardo Lima con Cosmos nocturno. Isabel Quiroz con Valentino Clemens y los chicos perdidos del wonder-nada, en Dramaturgia Joven \u201cGerardo Mancebo del Castillo\u201d<\/p>\n","protected":false},"author":1508,"featured_media":66195,"comment_status":"closed","ping_status":"closed","sticky":false,"template":"","format":"standard","meta":[],"categories":[5128],"tags":[],"_links":{"self":[{"href":"https:\/\/www.uv.mx\/prensa\/wp-json\/wp\/v2\/posts\/66328"}],"collection":[{"href":"https:\/\/www.uv.mx\/prensa\/wp-json\/wp\/v2\/posts"}],"about":[{"href":"https:\/\/www.uv.mx\/prensa\/wp-json\/wp\/v2\/types\/post"}],"author":[{"embeddable":true,"href":"https:\/\/www.uv.mx\/prensa\/wp-json\/wp\/v2\/users\/1508"}],"replies":[{"embeddable":true,"href":"https:\/\/www.uv.mx\/prensa\/wp-json\/wp\/v2\/comments?post=66328"}],"version-history":[{"count":1,"href":"https:\/\/www.uv.mx\/prensa\/wp-json\/wp\/v2\/posts\/66328\/revisions"}],"predecessor-version":[{"id":104760,"href":"https:\/\/www.uv.mx\/prensa\/wp-json\/wp\/v2\/posts\/66328\/revisions\/104760"}],"wp:featuredmedia":[{"embeddable":true,"href":"https:\/\/www.uv.mx\/prensa\/wp-json\/wp\/v2\/media\/66195"}],"wp:attachment":[{"href":"https:\/\/www.uv.mx\/prensa\/wp-json\/wp\/v2\/media?parent=66328"}],"wp:term":[{"taxonomy":"category","embeddable":true,"href":"https:\/\/www.uv.mx\/prensa\/wp-json\/wp\/v2\/categories?post=66328"},{"taxonomy":"post_tag","embeddable":true,"href":"https:\/\/www.uv.mx\/prensa\/wp-json\/wp\/v2\/tags?post=66328"}],"curies":[{"name":"wp","href":"https:\/\/api.w.org\/{rel}","templated":true}]}}