{"id":66424,"date":"2019-04-13T19:11:26","date_gmt":"2019-04-14T00:11:26","guid":{"rendered":"https:\/\/www.uv.mx\/prensa\/?p=66424"},"modified":"2021-11-08T08:39:41","modified_gmt":"2021-11-08T14:39:41","slug":"academicos-analizaron-aportes-de-humboldt-en-su-paso-por-veracruz","status":"publish","type":"post","link":"https:\/\/www.uv.mx\/prensa\/filu\/academicos-analizaron-aportes-de-humboldt-en-su-paso-por-veracruz\/","title":{"rendered":"Acad\u00e9micos analizaron aportes de Humboldt en su paso por Veracruz"},"content":{"rendered":"<ul>\n<li><em>Investigadores del Citro realizaron jornada acad\u00e9mica sobre la visi\u00f3n integral de la naturaleza de Humboldt\u00a0<\/em><\/li>\n<\/ul>\n<p>&nbsp;<\/p>\n<div id=\"attachment_66421\" style=\"width: 732px\" class=\"wp-caption aligncenter\"><a href=\"https:\/\/www.uv.mx\/prensa\/files\/2019\/04\/130419-Jornada-en-el-Citro-1.jpg\"><img aria-describedby=\"caption-attachment-66421\" decoding=\"async\" loading=\"lazy\" class=\"size-full wp-image-66421\" src=\"https:\/\/www.uv.mx\/prensa\/files\/2019\/04\/130419-Jornada-en-el-Citro-1.jpg\" alt=\"\" width=\"722\" height=\"481\" srcset=\"https:\/\/www.uv.mx\/prensa\/files\/2019\/04\/130419-Jornada-en-el-Citro-1.jpg 722w, https:\/\/www.uv.mx\/prensa\/files\/2019\/04\/130419-Jornada-en-el-Citro-1-300x200.jpg 300w\" sizes=\"(max-width: 722px) 100vw, 722px\" \/><\/a><p id=\"caption-attachment-66421\" class=\"wp-caption-text\">Investigadores del <em>Citro<\/em> hablaron de los aportes de Alexander von Humboldt a la bot\u00e1nica<\/p><\/div>\n<p>&nbsp;<\/p>\n<p><strong style=\"font-size: 16px\"><em>Jos\u00e9 Luis Couttolenc Soto<\/em><\/strong><\/p>\n<p><span data-contrast=\"none\">\u202f<\/span><strong><em>13\/04\/19, Xalapa, Ver.-<\/em><\/strong> <span data-contrast=\"auto\">Expertos<\/span><span data-contrast=\"none\"> adscritos al <a href=\"https:\/\/www.uv.mx\/citro\/\">Centro de Investigaciones Tropicales<\/a><em> (<\/em><\/span><em>Citro<\/em><span data-contrast=\"none\"><em>)<\/em> y <\/span><span data-contrast=\"auto\">a<\/span><span data-contrast=\"none\"> la <\/span><span data-contrast=\"auto\">F<\/span><span data-contrast=\"none\">acultad de Biolog\u00eda de la Universidad Veracruzana (UV)<\/span><span data-contrast=\"auto\"> r<\/span><span data-contrast=\"none\">ealizaron el s\u00e1bado 13 de abril una jornada acad\u00e9mica en la que abordaron la obra y pensamiento de Alexander <\/span><span data-contrast=\"none\">von<\/span><span data-contrast=\"none\"> Humboldt, as<\/span><span data-contrast=\"auto\">\u00ed como<\/span><span data-contrast=\"none\"> su visi\u00f3n integral de la naturaleza durante su paso por Veracruz.<\/span><span data-ccp-props=\"{&quot;201341983&quot;:0,&quot;335551550&quot;:1,&quot;335551620&quot;:1,&quot;335559739&quot;:200,&quot;335559740&quot;:240}\">\u00a0<\/span><\/p>\n<p><span data-contrast=\"none\">La actividad, que form\u00f3 parte de la Feria Internacional del Libro Universitario (FILU) 2019, tuvo lugar en las instalaciones de la propia entidad universitaria, en donde Miguel Ch\u00e1zaro Bas\u00e1\u00f1ez, acad\u00e9mico de Biolog\u00eda, expuso que en su paso por Veracruz Humboldt recolect\u00f3 gran cantidad de plantas a las que <\/span><span data-contrast=\"auto\">agreg\u00f3<\/span><span data-contrast=\"none\"> el nombre de <\/span><i><span data-contrast=\"auto\">x<\/span><\/i><span data-contrast=\"none\">alapensis<\/span><span data-contrast=\"none\">, como fueron el <\/span><i><span data-contrast=\"auto\">A<\/span><\/i><span data-contrast=\"none\">rbut<\/span><i><span data-contrast=\"auto\">u<\/span><\/i><span data-contrast=\"none\">s<\/span><span data-contrast=\"none\">, <\/span><i><span data-contrast=\"auto\">C<\/span><\/i><span data-contrast=\"none\">rot\u00f3n<\/span><span data-contrast=\"none\"> y la <\/span><i><span data-contrast=\"auto\">E<\/span><\/i><span data-contrast=\"none\">ugenia<\/span><span data-contrast=\"none\">; <\/span><span data-contrast=\"auto\">y la nomenclatura<\/span> <i><span data-contrast=\"auto\">x<\/span><\/i><span data-contrast=\"none\">alapensis<\/span> <span data-contrast=\"none\">Humboldt la escribi\u00f3 con <\/span><span data-contrast=\"auto\">equis<\/span><span data-contrast=\"none\"> y no con <\/span><span data-contrast=\"auto\">jota,<\/span><span data-contrast=\"none\"> como lo hac\u00edan en Europa.<\/span><span data-ccp-props=\"{&quot;201341983&quot;:0,&quot;335551550&quot;:1,&quot;335551620&quot;:1,&quot;335559739&quot;:200,&quot;335559740&quot;:240}\">\u00a0<\/span><\/p>\n<p>&nbsp;<\/p>\n<div id=\"attachment_66420\" style=\"width: 732px\" class=\"wp-caption aligncenter\"><a href=\"https:\/\/www.uv.mx\/prensa\/files\/2019\/04\/130419-Jornada-en-el-Citro-2.jpg\"><img aria-describedby=\"caption-attachment-66420\" decoding=\"async\" loading=\"lazy\" class=\"size-full wp-image-66420\" src=\"https:\/\/www.uv.mx\/prensa\/files\/2019\/04\/130419-Jornada-en-el-Citro-2.jpg\" alt=\"\" width=\"722\" height=\"481\" srcset=\"https:\/\/www.uv.mx\/prensa\/files\/2019\/04\/130419-Jornada-en-el-Citro-2.jpg 722w, https:\/\/www.uv.mx\/prensa\/files\/2019\/04\/130419-Jornada-en-el-Citro-2-300x200.jpg 300w\" sizes=\"(max-width: 722px) 100vw, 722px\" \/><\/a><p id=\"caption-attachment-66420\" class=\"wp-caption-text\"><br \/>Miguel Ch\u00e1zaro Bas\u00e1\u00f1ez, acad\u00e9mico de la Facultad de Biolog\u00eda<\/p><\/div>\n<p>&nbsp;<\/p>\n<p><span data-contrast=\"none\">Durante su estancia en la hacienda de Pacho Nuevo, el viajero registr\u00f3 la existencia de bosques exuberantes con liquid\u00e1mbares y encinos, incluido uno al que le puso <\/span><span data-contrast=\"none\">Quercus <\/span><i><span data-contrast=\"auto\">x<\/span><\/i><span data-contrast=\"none\">alapensis<\/span><span data-contrast=\"none\">.<\/span><span data-ccp-props=\"{&quot;201341983&quot;:0,&quot;335551550&quot;:1,&quot;335551620&quot;:1,&quot;335559739&quot;:200,&quot;335559740&quot;:240}\">\u00a0<\/span><\/p>\n<p><span data-contrast=\"none\">Otra participante en el evento fue Leticia Cano Asseleih, tambi\u00e9n investigadora del <\/span><em>Citro<\/em><span data-contrast=\"none\"> y especialista en plantas medicinales, quien refiri\u00f3 que en sus escritos Humboldt resalt<\/span><span data-contrast=\"auto\">\u00f3<\/span><span data-contrast=\"none\"> dos especies de plantas, la <\/span><span data-contrast=\"auto\">r<\/span><span data-contrast=\"none\">a\u00edz de Xalapa<\/span><span data-contrast=\"none\">, tambi\u00e9n conocida como purga, y la zarzaparrilla.<\/span><span data-ccp-props=\"{&quot;201341983&quot;:0,&quot;335551550&quot;:1,&quot;335551620&quot;:1,&quot;335559739&quot;:200,&quot;335559740&quot;:240}\">\u00a0<\/span><\/p>\n<p><span data-contrast=\"none\">La primera de ellas<\/span> <span data-contrast=\"none\">fue llevada a Europa a mediados del siglo XVI en donde tuvo gran demanda, ya que era utilizada para la limpieza intestinal, por lo que se comenz\u00f3 a comercializar por toneladas. Esta planta lleg\u00f3 a sustituir a la <\/span><span data-contrast=\"none\">Escamonea<\/span><span data-contrast=\"none\">, que por su poco cultivo era escasa.<\/span><span data-ccp-props=\"{&quot;201341983&quot;:0,&quot;335551550&quot;:1,&quot;335551620&quot;:1,&quot;335559739&quot;:200,&quot;335559740&quot;:240}\">\u00a0<\/span><\/p>\n<p><span data-contrast=\"none\">Debido a que la s\u00edfilis era la enfermedad de la \u00e9poca, se llev\u00f3 la zarzaparrilla que se utilizaba en los tratamientos con efectividad, aunque no lograba curar la enfermedad.<\/span><span data-ccp-props=\"{&quot;201341983&quot;:0,&quot;335551550&quot;:1,&quot;335551620&quot;:1,&quot;335559739&quot;:200,&quot;335559740&quot;:240}\">\u00a0<\/span><\/p>\n<p>&nbsp;<\/p>\n<div id=\"attachment_66419\" style=\"width: 732px\" class=\"wp-caption aligncenter\"><a href=\"https:\/\/www.uv.mx\/prensa\/files\/2019\/04\/130419-Jornada-en-el-Citro-3.jpg\"><img aria-describedby=\"caption-attachment-66419\" decoding=\"async\" loading=\"lazy\" class=\"size-full wp-image-66419\" src=\"https:\/\/www.uv.mx\/prensa\/files\/2019\/04\/130419-Jornada-en-el-Citro-3.jpg\" alt=\"\" width=\"722\" height=\"481\" srcset=\"https:\/\/www.uv.mx\/prensa\/files\/2019\/04\/130419-Jornada-en-el-Citro-3.jpg 722w, https:\/\/www.uv.mx\/prensa\/files\/2019\/04\/130419-Jornada-en-el-Citro-3-300x200.jpg 300w\" sizes=\"(max-width: 722px) 100vw, 722px\" \/><\/a><p id=\"caption-attachment-66419\" class=\"wp-caption-text\"><br \/>Leticia Cano Asseleih, investigadora del <em>Citro<\/em><\/p><\/div>\n<p>&nbsp;<\/p>\n<p><span data-contrast=\"none\">Rebeca Alicia Menchaca Garc\u00eda, coordinadora del Orquidario e investigadora del <\/span><em>Citro<\/em><span data-contrast=\"none\">, habl\u00f3 de la vainilla que fue una planta que despert\u00f3 el inter\u00e9s de Humboldt, dejando escritos sobre su cultivo, cosecha, beneficio, c\u00f3mo se recolectaba, as\u00ed como cifras de sus exportaciones.<\/span><span data-ccp-props=\"{&quot;201341983&quot;:0,&quot;335551550&quot;:1,&quot;335551620&quot;:1,&quot;335559739&quot;:200,&quot;335559740&quot;:240}\">\u00a0<\/span><\/p>\n<p><span data-contrast=\"none\">Destac\u00f3 que el cultivo de la vainilla en Veracruz se inici\u00f3 en Colipa y Misantla, \u201cno necesariamente en Papantla; incluso <\/span><span data-contrast=\"auto\">la<\/span><span data-contrast=\"none\"> vainilla m\u00e1s importante en cuanto a calidad<\/span> <span data-contrast=\"none\">era tra\u00edd<\/span><span data-contrast=\"auto\">a<\/span><span data-contrast=\"none\"> de Oaxaca, y se est\u00e1 considerando que es <\/span><span data-contrast=\"auto\">la<\/span><span data-contrast=\"none\"> de mayor contenido de vainilla natural, eso es un tesoro<\/span> <span data-contrast=\"none\">y<\/span><span data-contrast=\"auto\"> \u00e9<\/span><span data-contrast=\"none\">l as\u00ed lo dej\u00f3 escrito<\/span><span data-contrast=\"auto\">\u201d.<\/span><span data-ccp-props=\"{&quot;201341983&quot;:0,&quot;335551550&quot;:1,&quot;335551620&quot;:1,&quot;335559739&quot;:200,&quot;335559740&quot;:240}\">\u00a0<\/span><\/p>\n<div id=\"attachment_66418\" style=\"width: 732px\" class=\"wp-caption aligncenter\"><a href=\"https:\/\/www.uv.mx\/prensa\/files\/2019\/04\/130419-Jornada-en-el-Citro-4.jpg\"><img aria-describedby=\"caption-attachment-66418\" decoding=\"async\" loading=\"lazy\" class=\"size-full wp-image-66418\" src=\"https:\/\/www.uv.mx\/prensa\/files\/2019\/04\/130419-Jornada-en-el-Citro-4.jpg\" alt=\"\" width=\"722\" height=\"481\" srcset=\"https:\/\/www.uv.mx\/prensa\/files\/2019\/04\/130419-Jornada-en-el-Citro-4.jpg 722w, https:\/\/www.uv.mx\/prensa\/files\/2019\/04\/130419-Jornada-en-el-Citro-4-300x200.jpg 300w\" sizes=\"(max-width: 722px) 100vw, 722px\" \/><\/a><p id=\"caption-attachment-66418\" class=\"wp-caption-text\"><br \/>Rebeca Alicia Menchaca Garc\u00eda, coordinadora del Orquidario<\/p><\/div>\n<p>&nbsp;<\/p>\n","protected":false},"excerpt":{"rendered":"<p>Durante su estancia en la hacienda de Pacho Nuevo, el viajero registr\u00f3 bosques exuberantes con liquid\u00e1mbares y encinos, incluido uno al que denomin\u00f3 <em>Quercus xalapensis<\/em> <\/p>\n","protected":false},"author":1810,"featured_media":66421,"comment_status":"closed","ping_status":"closed","sticky":false,"template":"","format":"standard","meta":[],"categories":[5128],"tags":[],"_links":{"self":[{"href":"https:\/\/www.uv.mx\/prensa\/wp-json\/wp\/v2\/posts\/66424"}],"collection":[{"href":"https:\/\/www.uv.mx\/prensa\/wp-json\/wp\/v2\/posts"}],"about":[{"href":"https:\/\/www.uv.mx\/prensa\/wp-json\/wp\/v2\/types\/post"}],"author":[{"embeddable":true,"href":"https:\/\/www.uv.mx\/prensa\/wp-json\/wp\/v2\/users\/1810"}],"replies":[{"embeddable":true,"href":"https:\/\/www.uv.mx\/prensa\/wp-json\/wp\/v2\/comments?post=66424"}],"version-history":[{"count":1,"href":"https:\/\/www.uv.mx\/prensa\/wp-json\/wp\/v2\/posts\/66424\/revisions"}],"predecessor-version":[{"id":104749,"href":"https:\/\/www.uv.mx\/prensa\/wp-json\/wp\/v2\/posts\/66424\/revisions\/104749"}],"wp:featuredmedia":[{"embeddable":true,"href":"https:\/\/www.uv.mx\/prensa\/wp-json\/wp\/v2\/media\/66421"}],"wp:attachment":[{"href":"https:\/\/www.uv.mx\/prensa\/wp-json\/wp\/v2\/media?parent=66424"}],"wp:term":[{"taxonomy":"category","embeddable":true,"href":"https:\/\/www.uv.mx\/prensa\/wp-json\/wp\/v2\/categories?post=66424"},{"taxonomy":"post_tag","embeddable":true,"href":"https:\/\/www.uv.mx\/prensa\/wp-json\/wp\/v2\/tags?post=66424"}],"curies":[{"name":"wp","href":"https:\/\/api.w.org\/{rel}","templated":true}]}}