{"id":66460,"date":"2019-04-14T16:00:48","date_gmt":"2019-04-14T21:00:48","guid":{"rendered":"https:\/\/www.uv.mx\/prensa\/?p=66460"},"modified":"2021-11-08T08:39:41","modified_gmt":"2021-11-08T14:39:41","slug":"unam-presento-su-revista-de-economia","status":"publish","type":"post","link":"https:\/\/www.uv.mx\/prensa\/filu\/unam-presento-su-revista-de-economia\/","title":{"rendered":"UNAM present\u00f3 su revista  <em>Econom\u00eda<\/em>"},"content":{"rendered":"<ul>\n<li><em>Participan m\u00e1s de 20 especialistas, los cuales analizan los principales restos del pa\u00eds\u00a0 <\/em><\/li>\n<li><i><span data-contrast=\"auto\">La publicaci\u00f3n puede consultarse en https:\/\/bit.ly\/2GlUDrx<\/span><\/i><span data-ccp-props=\"{&quot;201341983&quot;:0,&quot;335551550&quot;:1,&quot;335551620&quot;:1,&quot;335559685&quot;:720,&quot;335559737&quot;:0,&quot;335559739&quot;:160,&quot;335559740&quot;:240,&quot;335559991&quot;:360}\">\u00a0<\/span><span data-ccp-props=\"{&quot;201341983&quot;:0,&quot;335559739&quot;:160,&quot;335559740&quot;:240}\">\u00a0<\/span><\/li>\n<\/ul>\n<p>&nbsp;<\/p>\n<div id=\"attachment_66463\" style=\"width: 732px\" class=\"wp-caption aligncenter\"><a href=\"https:\/\/www.uv.mx\/prensa\/files\/2019\/04\/140419-PAOLA-FILU-Revista-Economia-1.jpg\"><img aria-describedby=\"caption-attachment-66463\" decoding=\"async\" loading=\"lazy\" class=\"size-full wp-image-66463\" src=\"https:\/\/www.uv.mx\/prensa\/files\/2019\/04\/140419-PAOLA-FILU-Revista-Economia-1.jpg\" alt=\"\" width=\"722\" height=\"370\" srcset=\"https:\/\/www.uv.mx\/prensa\/files\/2019\/04\/140419-PAOLA-FILU-Revista-Economia-1.jpg 722w, https:\/\/www.uv.mx\/prensa\/files\/2019\/04\/140419-PAOLA-FILU-Revista-Economia-1-300x154.jpg 300w\" sizes=\"(max-width: 722px) 100vw, 722px\" \/><\/a><p id=\"caption-attachment-66463\" class=\"wp-caption-text\"><br \/>Investigadores de la UNAM presentaron el n\u00famero m\u00e1s reciente de la revista <em>Econom\u00eda<\/em><\/p><\/div>\n<p><span data-ccp-props=\"{&quot;201341983&quot;:0,&quot;335559739&quot;:160,&quot;335559740&quot;:240}\">\u00a0<\/span><\/p>\n<p><b><i><span data-contrast=\"auto\">Paola Cort\u00e9s P\u00e9rez<\/span><\/i><\/b><span data-ccp-props=\"{&quot;201341983&quot;:0,&quot;335559739&quot;:160,&quot;335559740&quot;:240}\">\u00a0<\/span><\/p>\n<p><b><i><span data-contrast=\"auto\">14\/04\/2019, Xalapa, Ver.-<\/span><\/i><\/b><span data-contrast=\"auto\"> La Universidad Nacional Aut\u00f3noma de M\u00e9xico (UNAM) present\u00f3 el n\u00famero 46 de su revista<\/span> <a href=\"https:\/\/bit.ly\/2GlUDrx\"><i><span data-contrast=\"none\">Econom\u00eda<\/span><\/i><\/a><span data-contrast=\"auto\">, la noche del s\u00e1bado 13 de abril en el Sal\u00f3n Emilio Carballido del Complejo Deportivo Omega, en el marco de la XXVI Feria Internacional del Libro Universitario (FILU).<\/span><span data-ccp-props=\"{&quot;201341983&quot;:0,&quot;335559739&quot;:160,&quot;335559740&quot;:240}\">\u00a0<\/span><\/p>\n<p><span data-contrast=\"auto\">Los comentarios estuvieron a cargo de Rolando Cordera Campos, coordinador del Programa Universitario de Estudios del Desarrollo (PUED) de la UNAM y de Ram\u00f3n Carlos Torres Flores, investigador adscrito al PUED, moderados por Jos\u00e9 Rivera Banuet, representante de la Universidad Veracruzana (UV) en la Ciudad de M\u00e9xico.<\/span><span data-ccp-props=\"{&quot;201341983&quot;:0,&quot;335559731&quot;:567,&quot;335559739&quot;:160,&quot;335559740&quot;:240}\">\u00a0<\/span><\/p>\n<p><span data-contrast=\"auto\">Rolando Cordera dijo que en esta ocasi\u00f3n se convoc\u00f3 a m\u00e1s de una veintena de especialistas a que reflexionaran y analizaran los principales retos que enfrenta el pa\u00eds, no s\u00f3lo en materia econ\u00f3mica.<\/span><span data-ccp-props=\"{&quot;201341983&quot;:0,&quot;335559731&quot;:567,&quot;335559739&quot;:160,&quot;335559740&quot;:240}\">\u00a0<\/span><\/p>\n<div id=\"attachment_66464\" style=\"width: 732px\" class=\"wp-caption aligncenter\"><a href=\"https:\/\/www.uv.mx\/prensa\/files\/2019\/04\/140419-PAOLA-FILU-Revista-Economia-2.jpg\"><img aria-describedby=\"caption-attachment-66464\" decoding=\"async\" loading=\"lazy\" class=\"size-full wp-image-66464\" src=\"https:\/\/www.uv.mx\/prensa\/files\/2019\/04\/140419-PAOLA-FILU-Revista-Economia-2.jpg\" alt=\"\" width=\"722\" height=\"370\" srcset=\"https:\/\/www.uv.mx\/prensa\/files\/2019\/04\/140419-PAOLA-FILU-Revista-Economia-2.jpg 722w, https:\/\/www.uv.mx\/prensa\/files\/2019\/04\/140419-PAOLA-FILU-Revista-Economia-2-300x154.jpg 300w\" sizes=\"(max-width: 722px) 100vw, 722px\" \/><\/a><p id=\"caption-attachment-66464\" class=\"wp-caption-text\"><br \/>Revista<em> Econom\u00eda<\/em> UNAM se present\u00f3 en la FILU 2019<\/p><\/div>\n<p><span data-contrast=\"auto\">\u201cDada la experiencia con los poderes p\u00fablicos, en particular con los encargados de tomar las decisiones econ\u00f3micas y sociales, pensamos que se puede hablar de una nueva coyuntura en M\u00e9xico, incluso de una estructura de oportunidad, que puede propiciar un cambio de rumbo que beneficie a las mayor\u00edas, caracterizado con una mayor equidad, mayor crecimiento econ\u00f3mico, mantenimiento y enriquecimiento de nuestra democracia.\u201d<\/span><span data-ccp-props=\"{&quot;201341983&quot;:0,&quot;335559731&quot;:567,&quot;335559739&quot;:160,&quot;335559740&quot;:240}\">\u00a0<\/span><\/p>\n<p><span data-contrast=\"auto\">En tanto, Ram\u00f3n Torres dijo que esta revista est\u00e1 ligada con las 100 propuestas para el desarrollo 2019-2024 elaboradas por el PUED, las cuales se entretejen en cuanto a sus objetivos b\u00e1sicos: abatir la pobreza, crecimiento econ\u00f3mico, desarrollo territorial y sustentabilidad, y reformas institucionales.<\/span><span data-ccp-props=\"{&quot;201341983&quot;:0,&quot;335559731&quot;:567,&quot;335559739&quot;:160,&quot;335559740&quot;:240}\">\u00a0<\/span><\/p>\n<p><span data-ccp-props=\"{&quot;201341983&quot;:0,&quot;335559739&quot;:160,&quot;335559740&quot;:240}\">\u00a0<\/span><\/p>\n<p>&nbsp;<\/p>\n","protected":false},"excerpt":{"rendered":"<p>Los comentarios estuvieron a cargo de los investigadores Rolando Cordera Campos, y de Ram\u00f3n Carlos Torres Flores, moderados por Jos\u00e9 Rivera Banuet, representante de la UV en la Ciudad de M\u00e9xico. <\/p>\n","protected":false},"author":1810,"featured_media":0,"comment_status":"closed","ping_status":"closed","sticky":false,"template":"","format":"standard","meta":[],"categories":[5128],"tags":[],"_links":{"self":[{"href":"https:\/\/www.uv.mx\/prensa\/wp-json\/wp\/v2\/posts\/66460"}],"collection":[{"href":"https:\/\/www.uv.mx\/prensa\/wp-json\/wp\/v2\/posts"}],"about":[{"href":"https:\/\/www.uv.mx\/prensa\/wp-json\/wp\/v2\/types\/post"}],"author":[{"embeddable":true,"href":"https:\/\/www.uv.mx\/prensa\/wp-json\/wp\/v2\/users\/1810"}],"replies":[{"embeddable":true,"href":"https:\/\/www.uv.mx\/prensa\/wp-json\/wp\/v2\/comments?post=66460"}],"version-history":[{"count":1,"href":"https:\/\/www.uv.mx\/prensa\/wp-json\/wp\/v2\/posts\/66460\/revisions"}],"predecessor-version":[{"id":104746,"href":"https:\/\/www.uv.mx\/prensa\/wp-json\/wp\/v2\/posts\/66460\/revisions\/104746"}],"wp:attachment":[{"href":"https:\/\/www.uv.mx\/prensa\/wp-json\/wp\/v2\/media?parent=66460"}],"wp:term":[{"taxonomy":"category","embeddable":true,"href":"https:\/\/www.uv.mx\/prensa\/wp-json\/wp\/v2\/categories?post=66460"},{"taxonomy":"post_tag","embeddable":true,"href":"https:\/\/www.uv.mx\/prensa\/wp-json\/wp\/v2\/tags?post=66460"}],"curies":[{"name":"wp","href":"https:\/\/api.w.org\/{rel}","templated":true}]}}