{"id":66994,"date":"2019-04-27T09:00:02","date_gmt":"2019-04-27T14:00:02","guid":{"rendered":"https:\/\/www.uv.mx\/prensa\/?p=66994"},"modified":"2019-04-26T15:53:51","modified_gmt":"2019-04-26T20:53:51","slug":"uv-institucion-educativa-con-gran-oferta-en-ensenanza-de-frances","status":"publish","type":"post","link":"https:\/\/www.uv.mx\/prensa\/general\/uv-institucion-educativa-con-gran-oferta-en-ensenanza-de-frances\/","title":{"rendered":"UV, instituci\u00f3n educativa con gran oferta en ense\u00f1anza de franc\u00e9s"},"content":{"rendered":"<ul>\n<li><i><span data-contrast=\"auto\">El Centro de <\/span><\/i><i><span data-contrast=\"auto\">Autoacceso<\/span><\/i><i><span data-contrast=\"auto\"> de la USBI, la Facultad de Idiomas, el\u00a0<\/span><\/i><span data-contrast=\"auto\">Delex<\/span><i><span data-contrast=\"auto\"> y los Centro de Idiomas de sus distintas regiones\u00a0<\/span><\/i><i><span data-contrast=\"auto\">universitarias<\/span><\/i><i><span data-contrast=\"auto\">,<\/span><\/i><i><span data-contrast=\"auto\"> ofrecen diversas opciones para aprender esta lengua<\/span><\/i><span data-ccp-props=\"{}\">\u00a0<\/span>\n<div><\/div>\n<\/li>\n<\/ul>\n<div id=\"attachment_66964\" style=\"width: 732px\" class=\"wp-caption aligncenter\"><a href=\"https:\/\/www.uv.mx\/prensa\/files\/2019\/04\/250419-El-Frances-en-la-UV-1.jpg\"><img aria-describedby=\"caption-attachment-66964\" decoding=\"async\" loading=\"lazy\" class=\"size-full wp-image-66964\" src=\"https:\/\/www.uv.mx\/prensa\/files\/2019\/04\/250419-El-Frances-en-la-UV-1.jpg\" alt=\"\" width=\"722\" height=\"481\" srcset=\"https:\/\/www.uv.mx\/prensa\/files\/2019\/04\/250419-El-Frances-en-la-UV-1.jpg 722w, https:\/\/www.uv.mx\/prensa\/files\/2019\/04\/250419-El-Frances-en-la-UV-1-300x200.jpg 300w\" sizes=\"(max-width: 722px) 100vw, 722px\" \/><\/a><p id=\"caption-attachment-66964\" class=\"wp-caption-text\">Profesores de franc\u00e9s expusieron las diversas opciones que la UV brinda para ense\u00f1ar este idioma<\/p><\/div>\n<p>&nbsp;<\/p>\n<p><b><i><span data-contrast=\"auto\">Carlos Hugo Hermida Rosales<\/span><\/i><\/b><span data-ccp-props=\"{}\">\u00a0<\/span><\/p>\n<p><b><i><span data-contrast=\"auto\">2<\/span><\/i><\/b><b><i><span data-contrast=\"auto\">7<\/span><\/i><\/b><b><i><span data-contrast=\"auto\">\/04\/19, Xalapa, Ver.- <\/span><\/i><\/b><span data-contrast=\"auto\">La Universidad Veracruzana (UV) cuenta con una gran oferta de ense\u00f1anza del idioma franc\u00e9s para estudiantes, trabajadores y p\u00fablico en general, afirmaron acad\u00e9micos de distintas dependencias universitarias de ense\u00f1anza de idiomas, dentro de la mesa \u201cEl franc\u00e9s en la Universidad Veracruzana: retos y perspectivas\u201d.<\/span><span data-ccp-props=\"{}\">\u00a0<\/span><\/p>\n<p><span data-contrast=\"auto\">Este evento que se llev\u00f3 a cabo el <\/span><span data-contrast=\"auto\">25 de abril en la Unidad de Servicios Bibliotecarios y de Informaci\u00f3n (USBI)<\/span><span data-contrast=\"auto\">, ocurri\u00f3 dentro del 3er Foro Internacional de la <\/span><span data-contrast=\"auto\">Francofon\u00eda<\/span><span data-contrast=\"auto\">, realizado del 24 al 26 de abril<\/span> <span data-contrast=\"auto\">por la Facu<\/span><span data-contrast=\"auto\">ltad de Idiomas a trav\u00e9s de <\/span><span data-contrast=\"auto\">la L<\/span><span data-contrast=\"auto\">icenciatura en Lengua Francesa.<\/span><span data-ccp-props=\"{&quot;335559731&quot;:708}\">\u00a0<\/span><\/p>\n<p><span data-contrast=\"auto\">En la mesa participaron \u00c1ngel Augusto Landa Alem\u00e1n, acad\u00e9mico de la Facultad de Idiomas; Ra\u00fal Hern\u00e1ndez C\u00f3rdoba, coordinador del Departamento de Lenguas Extranjeras (<\/span><i><span data-contrast=\"auto\">Delex<\/span><\/i><span data-contrast=\"auto\">); Carmen Reyes M\u00e1rquez, docente del Centro de Idiomas regi\u00f3n Poza Rica-Tuxpan, y Mar\u00eda Fernanda Heredia T\u00e9llez, catedr\u00e1tica del Centro de <\/span><span data-contrast=\"auto\">Autoacceso<\/span><span data-contrast=\"auto\"> de la USBI<\/span><span data-contrast=\"auto\">, moderados <\/span><span data-contrast=\"auto\">por Lisette Herrador Su\u00e1rez, profesora del Centro de Idiomas Xalapa.<\/span><span data-ccp-props=\"{&quot;335551550&quot;:1,&quot;335551620&quot;:1,&quot;335559731&quot;:708,&quot;335559740&quot;:259}\">\u00a0<\/span><\/p>\n<p><span data-contrast=\"auto\">\u00c1ngel Landa coment\u00f3 que la <\/span><span data-contrast=\"auto\">L<\/span><span data-contrast=\"auto\">icenciatura en Lengua Francesa, tiene el compromiso de apoyar a sus estudiantes con programas y actividades complementarias a su formaci\u00f3n.<\/span><span data-ccp-props=\"{&quot;335559731&quot;:708}\">\u00a0<\/span><\/p>\n<p><span data-contrast=\"auto\">\u201cEntre \u00e9<\/span><span data-contrast=\"auto\">stas se encuentran talleres de conversaci\u00f3n, un cine<\/span> <span data-contrast=\"auto\">club y exposiciones de artistas franc\u00f3fonos, adem\u00e1s del Foro de la <\/span><span data-contrast=\"auto\">Francofon\u00eda<\/span><span data-contrast=\"auto\">, que este a\u00f1o celebra su tercera edici\u00f3n\u201d, detall\u00f3.<\/span><span data-ccp-props=\"{&quot;335559731&quot;:708}\">\u00a0<\/span><\/p>\n<p><span data-contrast=\"auto\">A\u00f1adi\u00f3 que <\/span><span data-contrast=\"auto\">esta licenciatura<\/span><span data-contrast=\"auto\"> mantiene una red de colaboraci\u00f3n con escuelas privadas donde se ense\u00f1a el franc\u00e9s, para fomentar el intercambio de informaci\u00f3n y pub<\/span><span data-contrast=\"auto\">licitar los puestos de trabajo.<\/span><span data-ccp-props=\"{&quot;335559731&quot;:708}\">\u00a0<\/span><\/p>\n<p><span data-contrast=\"auto\">El catedr\u00e1tico comparti\u00f3 que actualmente el plan de estudios de la <\/span><span data-contrast=\"auto\">L<\/span><span data-contrast=\"auto\">icenciatura en Lengua Francesa se encuentra en proceso de redise\u00f1o, con el objet<\/span><span data-contrast=\"auto\">iv<\/span><span data-contrast=\"auto\">o de estar a la vanguardia <\/span><span data-contrast=\"auto\">en la ense\u00f1anza de este idioma.<\/span><span data-ccp-props=\"{&quot;335559731&quot;:708}\">\u00a0<\/span><\/p>\n<p><span data-contrast=\"auto\">Enunci\u00f3 qu<\/span><span data-contrast=\"auto\">e entre sus principales retos<\/span><span data-contrast=\"auto\"> se encuentran difundir la lengua y la cultura franc\u00f3fona, conocer el estado del idioma franc\u00e9s en el mundo, e impulsar la capacitaci\u00f3n, actualizac<\/span><span data-contrast=\"auto\">i\u00f3n y mejora de sus profesores.<\/span><span data-ccp-props=\"{&quot;335559731&quot;:708}\">\u00a0<\/span><\/p>\n<p><span data-contrast=\"auto\">Ra\u00fal Hern\u00e1ndez relat\u00f3 que el <\/span><i><span data-contrast=\"auto\">Delex<\/span><\/i><span data-contrast=\"auto\"> se origin\u00f3 en 1952 c<\/span><span data-contrast=\"auto\">omo un departamento anexo a la F<\/span><span data-contrast=\"auto\">acultad de Filosof\u00eda y Letras, en el que se ense\u00f1aban los idiomas ingl\u00e9s y franc\u00e9s.<\/span><span data-ccp-props=\"{&quot;335559731&quot;:708}\">\u00a0<\/span><\/p>\n<p><span data-contrast=\"auto\">Mencion\u00f3 que posteriormente se independiz\u00f3 y se convirti\u00f3 en Departamento de Lenguas en 1965, cuya principal funci\u00f3n era formar docentes de ingl\u00e9s y franc\u00e9s para secundaria y preparator<\/span><span data-contrast=\"auto\">ia; finalmente se convirti\u00f3 en F<\/span><span data-contrast=\"auto\">acultad de Idiomas en 1968.<\/span><span data-ccp-props=\"{&quot;335559731&quot;:708}\">\u00a0<\/span><\/p>\n<p><span data-contrast=\"auto\">Comparti\u00f3 que actualmente el <\/span><i><span data-contrast=\"auto\">Delex<\/span><\/i><span data-contrast=\"auto\"> ofrece diversos servicios<\/span> <span data-contrast=\"auto\">relacionados con la ense\u00f1anza de franc\u00e9s como ex\u00e1menes de acreditaciones de lengua y ocho niveles de aprendizaje de este idioma.<\/span><span data-ccp-props=\"{&quot;335559731&quot;:708}\">\u00a0<\/span><\/p>\n<p><span data-contrast=\"auto\">Fernanda Heredia explic\u00f3 que el Centro de <\/span><span data-contrast=\"auto\">Autoacceso<\/span><span data-contrast=\"auto\"> de la USBI cuenta con formas de ense\u00f1anza en modalidad aut\u00f3noma, en l\u00ednea y <\/span><span data-contrast=\"auto\">multimodalidad<\/span><span data-contrast=\"auto\">, por lo que cada estudiante puede escoger aquel m\u00e9todo en el que <\/span><span data-contrast=\"auto\">se sienta m\u00e1s c\u00f3modo.<\/span><span data-ccp-props=\"{&quot;335559731&quot;:708}\">\u00a0<\/span><\/p>\n<p><span data-contrast=\"auto\">Mencion\u00f3 que esta entidad universitaria que tiene una capacidad para 330 <\/span><span data-contrast=\"auto\">alumnos<\/span><span data-contrast=\"auto\"> ofrece las certificaciones DALF y DELF, adem\u00e1s de muchos recursos tecnol\u00f3gicos para aprender franc\u00e9s en sus cursos.<\/span><span data-ccp-props=\"{&quot;335559731&quot;:708}\">\u00a0<\/span><\/p>\n<p><span data-contrast=\"auto\">Carmen Reyes coment\u00f3 que el Centro de Idioma<\/span><span data-contrast=\"auto\">s de la regi\u00f3n Poza Rica-Tuxpan<\/span><span data-contrast=\"auto\"> actualmente cuenta con 77 alumnos que estudian fr<\/span><span data-contrast=\"auto\">anc\u00e9s en sus distintos niveles.<\/span><span data-ccp-props=\"{&quot;335559731&quot;:708}\">\u00a0<\/span><\/p>\n<p><span data-contrast=\"auto\">Relat\u00f3 que esta entidad acad\u00e9mica realiza continuamente foros en donde se difunde la cultura y costumbres francesas, y adem\u00e1s se llevan a cabo degustaciones de vino y queso, como una forma de \u201cin<\/span><span data-contrast=\"auto\">m<\/span><span data-contrast=\"auto\">ersi\u00f3n ling<\/span><span data-contrast=\"auto\">\u00fc\u00edstica\u201d entre sus estudiantes.<\/span><span data-ccp-props=\"{&quot;335559731&quot;:708}\">\u00a0<\/span><\/p>\n<p><span data-contrast=\"auto\">La docente manifest\u00f3 que este a\u00f1o se espera llevar a cabo un evento multicultural que incluya una muestra gastron\u00f3mica, al que se invitar\u00e1 a alumnos de escuelas preparatorias, con el objetivo de incrementar la matr\u00edcula de estudiantes de franc\u00e9s.<\/span><span data-ccp-props=\"{&quot;335559731&quot;:708}\">\u00a0<\/span><\/p>\n<p><span data-contrast=\"auto\">\u201cPara los acad\u00e9micos del Centro de Idiomas de la regi\u00f3n Poza Rica-Tuxpan es una gran satisfacci\u00f3n ense\u00f1ar franc\u00e9s en esta <\/span><span data-contrast=\"auto\">entidad acad\u00e9mica<\/span><span data-contrast=\"auto\">\u201d, enfatiz\u00f3.<\/span><span data-ccp-props=\"{&quot;335559731&quot;:708}\">\u00a0<\/span><\/p>\n","protected":false},"excerpt":{"rendered":"<p>En la Licenciatura en Lengua Francesa, tiene el compromiso de apoyar a sus estudiantes con programas y actividades complementarias a su formaci\u00f3n <\/p>\n","protected":false},"author":1809,"featured_media":66964,"comment_status":"closed","ping_status":"closed","sticky":false,"template":"","format":"standard","meta":[],"categories":[1],"tags":[],"_links":{"self":[{"href":"https:\/\/www.uv.mx\/prensa\/wp-json\/wp\/v2\/posts\/66994"}],"collection":[{"href":"https:\/\/www.uv.mx\/prensa\/wp-json\/wp\/v2\/posts"}],"about":[{"href":"https:\/\/www.uv.mx\/prensa\/wp-json\/wp\/v2\/types\/post"}],"author":[{"embeddable":true,"href":"https:\/\/www.uv.mx\/prensa\/wp-json\/wp\/v2\/users\/1809"}],"replies":[{"embeddable":true,"href":"https:\/\/www.uv.mx\/prensa\/wp-json\/wp\/v2\/comments?post=66994"}],"version-history":[{"count":0,"href":"https:\/\/www.uv.mx\/prensa\/wp-json\/wp\/v2\/posts\/66994\/revisions"}],"wp:featuredmedia":[{"embeddable":true,"href":"https:\/\/www.uv.mx\/prensa\/wp-json\/wp\/v2\/media\/66964"}],"wp:attachment":[{"href":"https:\/\/www.uv.mx\/prensa\/wp-json\/wp\/v2\/media?parent=66994"}],"wp:term":[{"taxonomy":"category","embeddable":true,"href":"https:\/\/www.uv.mx\/prensa\/wp-json\/wp\/v2\/categories?post=66994"},{"taxonomy":"post_tag","embeddable":true,"href":"https:\/\/www.uv.mx\/prensa\/wp-json\/wp\/v2\/tags?post=66994"}],"curies":[{"name":"wp","href":"https:\/\/api.w.org\/{rel}","templated":true}]}}